{"id":24083,"date":"2020-03-13T13:24:39","date_gmt":"2020-03-13T17:24:39","guid":{"rendered":"https:\/\/communityfoundations.ca\/?p=24083"},"modified":"2022-01-28T11:49:45","modified_gmt":"2022-01-28T16:49:45","slug":"covid19","status":"publish","type":"post","link":"https:\/\/communityfoundations.ca\/fr\/covid19\/","title":{"rendered":"#COVID19 &#8211; G\u00e9rer le COVID-19 en tant que fondation communautaire"},"content":{"rendered":"\n<p>Au Canada et \u00e0 travers le monde, nos communaut\u00e9s vivent une p\u00e9riode difficile. Avec la d\u00e9claration sur la pand\u00e9mie li\u00e9e au coronavirus (COVID-19), nous voulons vous informer de nos mesures de soutien aux fondations communautaires et de nos activit\u00e9s durant cette crise.<\/p>\n\n\n\n<blockquote class=\"wp-block-quote is-layout-flow wp-block-quote-is-layout-flow\"><p>Nous avons conscience que cette crise a un impact consid\u00e9rable au sein de votre communaut\u00e9 et pour beaucoup de vos activit\u00e9s principales. Les fondations ont un travail important \u00e0 faire. Nous avons \u00e0 c\u0153ur d\u2019aider les fondations qui cherchent des conseils ou un espace afin d\u2019\u00e9changer avec d\u2019autres tout en g\u00e9rant cette crise au cours des jours et des semaines qui viennent. <\/p><\/blockquote>\n\n\n\n<p>Nous tiendrons <a href=\"https:\/\/communityfoundations.ca\/fr\/evenements-courants\/\">des sessions d\u2019apprentissage<\/a> et des conversations en ligne sur le coronavirus. Nous avons \u00e9galement compil\u00e9 <a href=\"https:\/\/communityfoundations.ca\/fr\/journal\/\">une s\u00e9lection de ressources disponibles gratuitement<\/a> en ligne, que nous mettrons r\u00e9guli\u00e8rement \u00e0 jour. Nous prenons part \u00e0 un dialogue actif avec des partenaires du secteur et des organisations paires concernant les meilleurs moyens que nous pouvons prendre pour soutenir le secteur sans but lucratif et de bienfaisance pendant la crise. <\/p>\n\n\n\n<hr class=\"wp-block-separator is-style-dots\"\/>\n\n\n\n<h4 class=\"has-text-align-center wp-block-heading\" id=\"composer-avec-la-covid-19-mise-a-jour-hebdomadaire-de-fcc-a-l-heure-de-la-covid-19\"><strong>Composer avec la COVID-19: Mise \u00e0 jour hebdomadaire de FCC \u00e0 l\u2019heure de la COVID-19<\/strong><\/h4>\n\n\n\n<p class=\"has-text-align-center\"><a href=\"https:\/\/mailchi.mp\/communityfoundations\/coping-with-covid-a-new-weekly-newsletter-917543\" target=\"_blank\" rel=\"noreferrer noopener\">8 mai 2020<\/a><br><a rel=\"noreferrer noopener\" href=\"https:\/\/mailchi.mp\/communityfoundations\/coping-with-covid-a-new-weekly-newsletter-917531\" target=\"_blank\">1 mai 2020<\/a><br><a rel=\"noreferrer noopener\" href=\"https:\/\/mailchi.mp\/communityfoundations\/coping-with-covid-a-new-weekly-newsletter-917523\" target=\"_blank\">24 avril 2020<\/a><br><a rel=\"noreferrer noopener\" href=\"https:\/\/mailchi.mp\/communityfoundations\/coping-with-covid-a-new-weekly-newsletter-917515\" target=\"_blank\">17 avril 2020<\/a><br><a rel=\"noreferrer noopener\" href=\"https:\/\/mailchi.mp\/communityfoundations\/coping-with-covid-a-new-weekly-newsletter-917491\" target=\"_blank\">9 avril 2020<\/a><br><a href=\"https:\/\/mailchi.mp\/communityfoundations\/coping-with-covid-a-new-weekly-newsletter-917459?e=1120db54c0\">3 avril 2020<\/a><br><a href=\"https:\/\/mailchi.mp\/communityfoundations\/coping-with-covid-a-new-weekly-newsletter-917459?e=1120db54c0\">27 mars 2020<\/a><\/p>\n\n\n\n<div class=\"wp-block-buttons is-content-justification-center is-layout-flex wp-container-core-buttons-is-layout-16018d1d wp-block-buttons-is-layout-flex\">\n<div class=\"wp-block-button\"><a class=\"wp-block-button__link has-magenta-background-color has-background\" href=\"https:\/\/communityfoundations.us7.list-manage.com\/subscribe?u=d3de3ffdff6696c682c3131ab&amp;id=de1bbd0621\" target=\"_blank\" rel=\"noreferrer noopener\">S&rsquo;abonner<\/a><\/div>\n<\/div>\n\n\n\n<hr class=\"wp-block-separator is-style-dots\"\/>\n\n\n\n<figure class=\"wp-block-table is-style-stripes\"><table><tbody><tr><td><strong>Institut de formation<\/strong><\/td><\/tr><tr><td><strong>Articles<\/strong><br><a href=\"https:\/\/communityfoundations.ca\/fr\/covid-19-le-leadership-a-lheure-de-la-covid-19-une-entrevue-avec-notre-presidente-et-notre-chef-de-la-direction\/\">Le leadership en temps de crise : Une entrevue avec notre pr\u00e9sidente et notre chef de la direction<\/a><br><a href=\"https:\/\/communityfoundations.ca\/fr\/carte-reponses-des-fondations-communautaires-locales-a-la-covid-19-%ef%bb%bf\/\">Carte: R\u00e9ponses des fondations communautaires locales \u00e0 la COVID-19 <\/a><br><a href=\"https:\/\/communityfoundations.ca\/fr\/5-conseils-aux-fondations-communautaires-pour-la-reponse-a-la-covid-19\/\">5 conseils aux fondations communautaires pour la r\u00e9ponse \u00e0 la COVID-19<\/a><br><a href=\"https:\/\/communityfoundations.ca\/fr\/mises-a-jour-sur-les-programmes-dans-le-contexte-de-la-covid-19\/\">FAQ et mises \u00e0 jour sur les programmes dans le contexte de la COVID-19<\/a><br><a href=\"https:\/\/communityfoundations.ca\/fr\/un-mouvement-international-10-exemples-de-reponse-des-fondations-communautaires-a-la-covid-19-a-travers-le-monde\/\">Un mouvement international : 10 exemples de r\u00e9ponse des fondations communautaires \u00e0 la COVID-19 \u00e0 travers le monde<\/a><br><a href=\"https:\/\/communityfoundations.ca\/fr\/covid-19-le-leadership-a-lheure-de-la-covid-19-une-entrevue-avec-notre-presidente-et-notre-chef-de-la-direction\/\">Le leadership en temps de crise : Une entrevue avec notre pr\u00e9sidente et notre chef de la direction<\/a><br><a href=\"https:\/\/communityfoundations.ca\/fr\/news\/soutien-aux-recipiendaires-declaration-covid-19-de-fcc-fpc-rcse-et-le-cercle\/\">Soutien aux r\u00e9cipiendaires: D\u00e9claration COVID-19 de FCC, FEC, RCSE et Le Cercle<\/a><br><br><strong>Fondations communautaires en action<\/strong><br><a href=\"https:\/\/communityfoundations.ca\/fr\/covid-19-fondations-communautaires-en-action-fondation-du-grand-montreal\/\">Fondations Communautaires en action: Fondation du Grand Montreal<\/a><br><a href=\"https:\/\/communityfoundations.ca\/fr\/covid-19-fondations-communautaires-en-action-prince-george-community-foundation\/\">Fondations communautaires en action: Prince George Community Foundation<\/a><br><a href=\"https:\/\/communityfoundations.ca\/fr\/covid-19-fondations-communautaires-en-action-south-saskatchewan-community-foundation\/\">Fondations communautaires en action: South Saskatchewan Community Foundation<\/a><br><a href=\"https:\/\/communityfoundations.ca\/fr\/covid19-fondations-communautaires-en-action-la-oakville-community-foundation\/\">Fondations communautaires en action : la Oakville Community Foundation<\/a><br><a href=\"https:\/\/communityfoundations.ca\/fr\/covid19-fondations-communautaires-en-action-la-victoria-foundation\/\">Fondations communautaires en action : la Victoria Foundation<\/a><br><a href=\"https:\/\/communityfoundations.ca\/fr\/covid19-fondations-communautaires-en-action-edmonton-community-foundation\/\">Fondations communautaires en action : Edmonton Community Foundation<\/a><br><a href=\"https:\/\/communityfoundations.ca\/fr\/covid19-fondations-communautaires-en-action-community-foundation-of-northwestern-alberta\/\">Fondations communautaires en action : Community Foundation of Northwestern Alberta<\/a><br><a href=\"https:\/\/communityfoundations.ca\/fr\/covid19-fondations-communautaires-en-action-windsor-essex-community-foundation\/\">Fondations communautaires en action : Windsor-Essex Community Foundation<\/a><br><a href=\"https:\/\/communityfoundations.ca\/fr\/covid19-fondations-communautaires-en-action-community-foundation-of-prince-edward-island\/\">Fondations communautaires en action : Community Foundation of Prince Edward Island<\/a><br><\/td><\/tr><\/tbody><\/table><\/figure>\n\n\n\n<div style=\"height:30px\" aria-hidden=\"true\" class=\"wp-block-spacer\"><\/div>\n\n\n\n<figure class=\"wp-block-image size-large\"><a href=\"https:\/\/communityfoundations.ca\/fr\/carte-reponses-des-fondations-communautaires-locales-a-la-covid-19-%ef%bb%bf\/\"><img loading=\"lazy\" decoding=\"async\" width=\"1024\" height=\"490\" src=\"https:\/\/communityfoundations.ca\/wp-content\/uploads\/2020\/03\/Copy-of-Untitled-Design-3-1024x490.png\" alt=\"\" class=\"wp-image-24345\" srcset=\"https:\/\/communityfoundations.ca\/wp-content\/uploads\/2020\/03\/Copy-of-Untitled-Design-3-1024x490.png 1024w, https:\/\/communityfoundations.ca\/wp-content\/uploads\/2020\/03\/Copy-of-Untitled-Design-3-300x144.png 300w, https:\/\/communityfoundations.ca\/wp-content\/uploads\/2020\/03\/Copy-of-Untitled-Design-3-768x368.png 768w, https:\/\/communityfoundations.ca\/wp-content\/uploads\/2020\/03\/Copy-of-Untitled-Design-3-1536x735.png 1536w, https:\/\/communityfoundations.ca\/wp-content\/uploads\/2020\/03\/Copy-of-Untitled-Design-3.png 1880w\" sizes=\"auto, (max-width: 1024px) 100vw, 1024px\" \/><\/a><\/figure>\n\n\n\n<figure class=\"wp-block-image size-large\"><a href=\"https:\/\/communityfoundations.ca\/fr\/initiatives\/fonds-durgence\/\"><img loading=\"lazy\" decoding=\"async\" width=\"1024\" height=\"512\" src=\"https:\/\/communityfoundations.ca\/wp-content\/uploads\/2020\/04\/4-1.png\" alt=\"\" class=\"wp-image-24624\" srcset=\"https:\/\/communityfoundations.ca\/wp-content\/uploads\/2020\/04\/4-1.png 1024w, https:\/\/communityfoundations.ca\/wp-content\/uploads\/2020\/04\/4-1-300x150.png 300w, https:\/\/communityfoundations.ca\/wp-content\/uploads\/2020\/04\/4-1-768x384.png 768w\" sizes=\"auto, (max-width: 1024px) 100vw, 1024px\" \/><\/a><\/figure>\n\n\n\n<hr class=\"wp-block-separator is-style-dots\"\/>\n\n\n\n<figure class=\"wp-block-table is-style-stripes\"><table><tbody><tr><td><strong>Ressources<\/strong> <strong>et guides<\/strong><\/td><\/tr><tr><td><a href=\"https:\/\/www.imaginecanada.ca\/fr\/360\/covid-19-et-le-secteur-de-bienfaisance\">COVID-19 et le secteur de bienfaisance<\/a>, Imagine Canada&nbsp;<br><a href=\"https:\/\/communityfoundations.ca\/wp-content\/uploads\/2019\/04\/CFC032_DisasterFramework_web_FR.pdf\">Quand survient une catastrophe: Un guide \u00e0 l\u2019intention des fondations communautaires<\/a>, FCC, Institut de formation<br><br><strong>Outils<\/strong><br><a href=\"https:\/\/www.businessinsider.com\/tech-companies-making-remote-work-tools-free-during-coronavirus-outbreak-2020-3\">Zoom et Google offrent des outils et des abonnements pour appuyer le t\u00e9l\u00e9travail <\/a>(article en anglais via <em>Business Insider) <\/em><br><br><strong>Ressources gouvernementales<\/strong><br><a href=\"https:\/\/www.canada.ca\/fr\/sante-publique.html\">Agence de la sant\u00e9 publique du Canada<\/a><br><a href=\"https:\/\/www.canada.ca\/fr\/sante-publique\/services\/maladies\/2019-nouveau-coronavirus\/preparation.html\">Maladie \u00e0 coronavirus (COVID 19) : Pr\u00e9paration<\/a><br><a href=\"https:\/\/www.sac-isc.gc.ca\/fra\/1581964230816\/1581964277298\">Le coronavirus et les communaut\u00e9s des Premi\u00e8res Nations<\/a><\/td><\/tr><\/tbody><\/table><\/figure>\n\n\n\n<div style=\"height:30px\" aria-hidden=\"true\" class=\"wp-block-spacer\"><\/div>\n\n\n\n<h4 class=\"wp-block-heading\" id=\"s-il-y-a-d-autres-actions-que-nous-pouvons-entreprendre-pour-vous-aider-veuillez-nous-en-informer-par-courriel-a-communications-communityfoundations-ca-nous-pouvons-continuer-a-apprendre-et-a-nous-soutenir-les-uns-les-autres-en-cette-periode-difficile\">S\u2019il y a d\u2019autres actions que nous pouvons entreprendre pour vous aider, veuillez nous en informer par courriel \u00e0 <a href=\"mailto:communications@communityfoundations.ca\">communications@communityfoundations.ca<\/a>. Nous pouvons continuer \u00e0 apprendre et \u00e0 nous soutenir les uns les autres en cette p\u00e9riode difficile.<\/h4>\n\n\n\n<div style=\"height:30px\" aria-hidden=\"true\" class=\"wp-block-spacer\"><\/div>\n\n\n\n<figure class=\"wp-block-image alignwide size-large\"><img loading=\"lazy\" decoding=\"async\" width=\"1024\" height=\"683\" src=\"https:\/\/communityfoundations.ca\/wp-content\/uploads\/2020\/03\/visuals-idbBOa-MQ-I-unsplash-1024x683.jpg\" alt=\"\" class=\"wp-image-24226\" srcset=\"https:\/\/communityfoundations.ca\/wp-content\/uploads\/2020\/03\/visuals-idbBOa-MQ-I-unsplash-1024x683.jpg 1024w, https:\/\/communityfoundations.ca\/wp-content\/uploads\/2020\/03\/visuals-idbBOa-MQ-I-unsplash-300x200.jpg 300w, https:\/\/communityfoundations.ca\/wp-content\/uploads\/2020\/03\/visuals-idbBOa-MQ-I-unsplash-768x512.jpg 768w, https:\/\/communityfoundations.ca\/wp-content\/uploads\/2020\/03\/visuals-idbBOa-MQ-I-unsplash-1536x1024.jpg 1536w, https:\/\/communityfoundations.ca\/wp-content\/uploads\/2020\/03\/visuals-idbBOa-MQ-I-unsplash-2048x1366.jpg 2048w\" sizes=\"auto, (max-width: 1024px) 100vw, 1024px\" \/><\/figure>\n\n\n\n<div style=\"height:30px\" aria-hidden=\"true\" class=\"wp-block-spacer\"><\/div>\n\n\n\n<h3 class=\"wp-block-heading\" id=\"autres-nouvelles-mesures-a-fcc\">Autres nouvelles mesures \u00e0 FCC <\/h3>\n\n\n\n<p>Pour les propres activit\u00e9s de FCC, nous prenons plusieurs mesures en vue d\u2019aider \u00e0 limiter la propagation du coronavirus, et d\u2019assurer la sant\u00e9 et le bien-\u00eatre de notre \u00e9quipe et de notre vaste r\u00e9seau. Ces mesures comprennent :<\/p>\n\n\n\n<ul class=\"wp-block-list\"><li>Le renforcement des proc\u00e9dures d\u2019hygi\u00e8ne et de nettoyage \u00e0 nos bureaux d\u2019Ottawa et de Toronto;<\/li><li>La limitation des d\u00e9placements pour le travail et le recours \u00e0 des proc\u00e9dures de travail \u00e0 distance; <\/li><li>[Mise \u00e0 jour lundi le 16 mars] Le personnel de FCC travaillera \u00e0 distance d\u00e8s le mardi 16 mars;<\/li><li>Le report des r\u00e9unions du r\u00e9seau de FCC ou des rencontres de grands groupes qui sont pr\u00e9vues en mars, et la r\u00e9organisation, lorsque c\u2019est possible, en utilisant des syst\u00e8mes virtuels de t\u00e9l\u00e9conf\u00e9rence. Nous suivons la situation de pr\u00e8s et nous prendrons une d\u00e9cision au cours des prochaines semaines quant \u00e0 l\u2019opportunit\u00e9 de tenir ou de reporter les rencontres entre coll\u00e8gues qui sont pr\u00e9vues en avril et en mai.<\/li><\/ul>\n\n\n\n<p>Nous vous rappelons d\u2019accorder une attention particuli\u00e8re \u00e0 l\u2019hygi\u00e8ne personnelle en vous lavant fr\u00e9quemment les mains avec du savon, en utilisant un d\u00e9sinfectant pour les mains, et en limitant les contacts personnels (p. ex., poign\u00e9es de mains et \u00e9treintes). D\u2019autres conseils utiles sont offerts par<a href=\"https:\/\/www.canada.ca\/fr\/sante-publique\/services\/maladies\/maladie-coronavirus-covid-19.html\"> Sant\u00e9 Canada<\/a> et par<a href=\"https:\/\/www.who.int\/fr\/emergencies\/diseases\/novel-coronavirus-2019\/advice-for-public\"> l&rsquo;Organisation mondiale de la sant\u00e9<\/a>.<\/p>\n\n\n\n<blockquote class=\"wp-block-quote is-layout-flow wp-block-quote-is-layout-flow\"><p>Tout d\u2019abord, il y a beaucoup de gestes que nous pouvons poser, chacun et chacune d\u2019entre nous, non seulement pour notre propre s\u00e9curit\u00e9, mais aussi pour celle des gens qui nous entourent. <\/p><\/blockquote>\n\n\n\n<p>Tandis que nous adaptons nos activit\u00e9s, les<a href=\"https:\/\/communityfoundations.ca\/fr\/our-people\/\"> membres de notre \u00e9quipe<\/a> sont disponibles pour r\u00e9pondre \u00e0 vos questions et \u00e0 vos pr\u00e9occupations. Nous continuerons \u00e0 vous envoyer des mises \u00e0 jour, au fur et \u00e0 mesure de l\u2019\u00e9volution de la situation.<\/p>\n\n\n\n<p>Enfin, nous savons que ce genre de p\u00e9riode difficile constitue une \u00e9preuve pour les communaut\u00e9s. Typiquement, ce sont nos populations vuln\u00e9rables qui souffrent le plus et qui subissent davantage un impact social n\u00e9gatif. Vous \u00eates des piliers dans votre communaut\u00e9, et nous vous remercions pour tout ce que vous faites afin de faire ressortir ce qu\u2019il y a de meilleur chez les gens, en donnant l\u2019exemple de la compassion et de la r\u00e9silience dans un contexte d\u2019incertitude. Au nom de FCC, nous vous souhaitons \u00e0 vous-m\u00eame et \u00e0 tous les membres de votre communaut\u00e9 une bonne sant\u00e9 au cours des semaines \u00e0 venir.<\/p>\n","protected":false},"excerpt":{"rendered":"<p>Au Canada et \u00e0 travers le monde, nos communaut\u00e9s vivent une p\u00e9riode difficile. Avec la d\u00e9claration sur la pand\u00e9mie li\u00e9e au coronavirus (COVID-19), nous voulons vous informer de nos mesures de soutien aux fondations communautaires et de nos activit\u00e9s durant cette crise. Nous avons conscience que cette crise a un impact consid\u00e9rable au sein de [&hellip;]<\/p>\n","protected":false},"author":2,"featured_media":24123,"comment_status":"closed","ping_status":"closed","sticky":false,"template":"","format":"standard","meta":{"footnotes":""},"class_list":["post-24083","post","type-post","status-publish","format-standard","has-post-thumbnail","hentry","journal_type-journal-fr-2","topic-covid-19-fr"],"acf":[],"_links":{"self":[{"href":"https:\/\/communityfoundations.ca\/fr\/wp-json\/wp\/v2\/posts\/24083","targetHints":{"allow":["GET"]}}],"collection":[{"href":"https:\/\/communityfoundations.ca\/fr\/wp-json\/wp\/v2\/posts"}],"about":[{"href":"https:\/\/communityfoundations.ca\/fr\/wp-json\/wp\/v2\/types\/post"}],"author":[{"embeddable":true,"href":"https:\/\/communityfoundations.ca\/fr\/wp-json\/wp\/v2\/users\/2"}],"replies":[{"embeddable":true,"href":"https:\/\/communityfoundations.ca\/fr\/wp-json\/wp\/v2\/comments?post=24083"}],"version-history":[{"count":34,"href":"https:\/\/communityfoundations.ca\/fr\/wp-json\/wp\/v2\/posts\/24083\/revisions"}],"predecessor-version":[{"id":32181,"href":"https:\/\/communityfoundations.ca\/fr\/wp-json\/wp\/v2\/posts\/24083\/revisions\/32181"}],"wp:featuredmedia":[{"embeddable":true,"href":"https:\/\/communityfoundations.ca\/fr\/wp-json\/wp\/v2\/media\/24123"}],"wp:attachment":[{"href":"https:\/\/communityfoundations.ca\/fr\/wp-json\/wp\/v2\/media?parent=24083"}],"curies":[{"name":"wp","href":"https:\/\/api.w.org\/{rel}","templated":true}]}}