{"id":24539,"date":"2020-04-17T13:47:22","date_gmt":"2020-04-17T17:47:22","guid":{"rendered":"https:\/\/communityfoundations.ca\/?p=24539"},"modified":"2022-01-28T11:47:28","modified_gmt":"2022-01-28T16:47:28","slug":"covid19-fondations-communautaires-en-action-edmonton-community-foundation","status":"publish","type":"post","link":"https:\/\/communityfoundations.ca\/fr\/covid19-fondations-communautaires-en-action-edmonton-community-foundation\/","title":{"rendered":"#COVID19 &#8211; Fondations communautaires en action : Edmonton Community Foundation"},"content":{"rendered":"\n<p><em>Au fur et \u00e0 mesure que progresse la crise de la&nbsp;<a href=\"https:\/\/communityfoundations.ca\/fr\/initiatives\/responding-to-covid-19\/\">COVID-19<\/a>, nous continuons d\u2019entendre des histoires inspirantes au sujet de la mobilisation des communaut\u00e9s, des interventions d\u2019urgence, et des solutions novatrices apport\u00e9es par des fondations communautaires.<\/em><\/p>\n\n\n\n<p><em>Partout au Canada, les fondations communautaires&nbsp;<a href=\"https:\/\/communityfoundations.ca\/fr\/carte-reponses-des-fondations-communautaires-locales-a-la-covid-19-%ef%bb%bf\/\">luttent contre la pand\u00e9mie<\/a>, d\u00e9termin\u00e9es \u00e0 aider et soutenir les personnes dans le besoin. Cette crise nous a montr\u00e9 la force d\u2019une communaut\u00e9 engag\u00e9e, et les diverses r\u00e9ponses d\u2019urgence des fondations communautaires ont prouv\u00e9 l\u2019importance des initiatives communautaires dans les municipalit\u00e9s et les r\u00e9gions locales.<\/em><\/p>\n\n\n\n<p><em>Le texte qui suit s\u2019inscrit dans <a href=\"http:\/\/communityfoundations.ca\/fr\/?s=+Fondations+communautaires+en+action\">une s\u00e9rie d\u2019articles<\/a> mettant en lumi\u00e8re les efforts des fondations communautaires canadiennes en vue d\u2019apporter une aide d\u2019urgence. En plus de ces articles, nous avons compil\u00e9 sur une carte les initiatives de mobilisation des fondations communautaires \u00e0 travers le Canada.<\/em><\/p>\n\n\n\n<hr class=\"wp-block-separator\"\/>\n\n\n\n<p class=\"has-drop-cap\">Lorsque Nneka Otogbolu a accept\u00e9 le poste de directrice des communications et de la strat\u00e9gie sur l\u2019\u00e9quit\u00e9 \u00e0 la Edmonton Community Foundation (ECF), jamais elle ne s\u2019\u00e9tait imagin\u00e9 que son premier d\u00e9fi serait associ\u00e9 \u00e0 une pand\u00e9mie mondiale. Pendant sa premi\u00e8re semaine de travail \u00e0 la fondation, l\u2019OMS a annonc\u00e9 la pand\u00e9mie. Depuis lors, elle contribue activement au <a href=\"https:\/\/www.ecfoundation.org\/blog\/rapid-response-fund-covid-19\/\">Rapid Response Fund<\/a> \u2014 un fonds d\u2019intervention d\u2019urgence lanc\u00e9 par la fondation en vue de contrer les effets de la COVID-19 \u00e0 Edmonton.&nbsp;<\/p>\n\n\n\n<blockquote class=\"wp-block-quote is-layout-flow wp-block-quote-is-layout-flow\"><p>\u00ab&nbsp;Il suffit de vous laisser guider par vos valeurs&nbsp;\u00bb, dit-elle, tout en expliquant son approche pour l\u2019\u00e9laboration d\u2019un plan de communications en une p\u00e9riode sans pr\u00e9c\u00e9dent.&nbsp;<\/p><\/blockquote>\n\n\n\n<p>Comme premi\u00e8re \u00e9tape cl\u00e9, il fallait \u00e9tablir les faits r\u00e9els. Particuli\u00e8rement les premi\u00e8res semaines, alors que la situation en apr\u00e8s-midi pouvait para\u00eetre radicalement diff\u00e9rente de celle du matin, il \u00e9tait crucial de v\u00e9rifier constamment les faits pour s\u2019assurer que la fondation communiquait aux Edmontoniens l\u2019information la plus \u00e0 jour et exacte possible.&nbsp;<\/p>\n\n\n\n<p>En utilisant la technique du remue-m\u00e9ninges pour le fonds d\u2019urgence, la fondation communautaire s\u2019est demand\u00e9 quel compl\u00e9ment elle pouvait offrir aux nouvelles mesures de soutien du gouvernement f\u00e9d\u00e9ral. Consciente des lourdes pertes financi\u00e8res que subissaient d\u00e9j\u00e0 les organismes de bienfaisance locaux, la fondation voulait distribuer rapidement de l\u2019argent pour la population. \u00c0 cette fin, elle a d\u00e9cid\u00e9 de cr\u00e9er le fonds d\u2019urgence et de fournir un financement sans restrictions aux partenaires communautaires locaux, dont beaucoup aideront \u00e0 verser cet argent aux personnes n\u00e9cessiteuses de la communaut\u00e9.&nbsp;<\/p>\n\n\n\n<p>Par exemple, une subvention sans restrictions a \u00e9t\u00e9 offerte au Edmonton Arts Council. La fondation communautaire a soutenu le <a href=\"https:\/\/edmontonarts.ca\/about_eac\/covid_19_faqs\/\">Creator\u2019s Reserve<\/a>, qui octroie des subventions de 5000&nbsp;$ \u00e0 des artistes pour cr\u00e9er de nouvelles \u0153uvres d\u2019art ou contribuer \u00e0 des \u0153uvres existantes. Des sommes sont r\u00e9serv\u00e9es aux artistes autochtones et aux artistes issus de groupes en qu\u00eate d\u2019\u00e9quit\u00e9.&nbsp;<\/p>\n\n\n\n<p>Selon Nneka Otogbolu et la ECF, ce n\u2019est qu\u2019un d\u00e9but. Nneka consid\u00e8re le fonds comme un moyen de s\u2019associer \u00e0 de nouveaux et \u00e0 d\u2019actuels partenaires afin de les aider \u00e0 offrir une aide imm\u00e9diate, mais elle pense aussi \u00e0 l\u2019avenir, sachant que la pand\u00e9mie produira un impact \u00e0 long terme.<\/p>\n","protected":false},"excerpt":{"rendered":"<p>Au fur et \u00e0 mesure que progresse la crise de la&nbsp;COVID-19, nous continuons d\u2019entendre des histoires inspirantes au sujet de la mobilisation des communaut\u00e9s, des interventions d\u2019urgence, et des solutions novatrices apport\u00e9es par des fondations communautaires. Partout au Canada, les fondations communautaires&nbsp;luttent contre la pand\u00e9mie, d\u00e9termin\u00e9es \u00e0 aider et soutenir les personnes dans le besoin. [&hellip;]<\/p>\n","protected":false},"author":2,"featured_media":24517,"comment_status":"closed","ping_status":"closed","sticky":false,"template":"","format":"standard","meta":{"footnotes":""},"class_list":["post-24539","post","type-post","status-publish","format-standard","has-post-thumbnail","hentry","journal_type-journal-fr-2","resource_initiative-fonds-durgence-pour-lappui-communautaire","topic-covid-19-fr"],"acf":[],"_links":{"self":[{"href":"https:\/\/communityfoundations.ca\/fr\/wp-json\/wp\/v2\/posts\/24539","targetHints":{"allow":["GET"]}}],"collection":[{"href":"https:\/\/communityfoundations.ca\/fr\/wp-json\/wp\/v2\/posts"}],"about":[{"href":"https:\/\/communityfoundations.ca\/fr\/wp-json\/wp\/v2\/types\/post"}],"author":[{"embeddable":true,"href":"https:\/\/communityfoundations.ca\/fr\/wp-json\/wp\/v2\/users\/2"}],"replies":[{"embeddable":true,"href":"https:\/\/communityfoundations.ca\/fr\/wp-json\/wp\/v2\/comments?post=24539"}],"version-history":[{"count":1,"href":"https:\/\/communityfoundations.ca\/fr\/wp-json\/wp\/v2\/posts\/24539\/revisions"}],"predecessor-version":[{"id":32173,"href":"https:\/\/communityfoundations.ca\/fr\/wp-json\/wp\/v2\/posts\/24539\/revisions\/32173"}],"wp:featuredmedia":[{"embeddable":true,"href":"https:\/\/communityfoundations.ca\/fr\/wp-json\/wp\/v2\/media\/24517"}],"wp:attachment":[{"href":"https:\/\/communityfoundations.ca\/fr\/wp-json\/wp\/v2\/media?parent=24539"}],"curies":[{"name":"wp","href":"https:\/\/api.w.org\/{rel}","templated":true}]}}