{"id":25289,"date":"2020-05-19T14:27:23","date_gmt":"2020-05-19T18:27:23","guid":{"rendered":"https:\/\/communityfoundations.ca\/?p=25289"},"modified":"2022-01-28T11:51:48","modified_gmt":"2022-01-28T16:51:48","slug":"covid-19-veiller-a-ne-laisser-personne-de-cote-fonder-notre-reponse-durgence-sur-lequite-et-linclusion","status":"publish","type":"post","link":"https:\/\/communityfoundations.ca\/fr\/covid-19-veiller-a-ne-laisser-personne-de-cote-fonder-notre-reponse-durgence-sur-lequite-et-linclusion\/","title":{"rendered":"COVID-19 &#8211; Veiller \u00e0 ne laisser personne de c\u00f4t\u00e9 : fonder notre r\u00e9ponse d\u2019urgence sur l\u2019\u00e9quit\u00e9 et l\u2019inclusion"},"content":{"rendered":"\n<p>Le nouveau <a href=\"https:\/\/communityfoundations.ca\/fr\/initiatives\/fonds-durgence\/\">Fonds d&rsquo;urgence pour l&rsquo;appui communautaire<\/a>, instaur\u00e9 par le gouvernement du Canada et dot\u00e9 de 350&nbsp;M$, est un programme de subventionnement unique et adapt\u00e9 aux besoins, tr\u00e8s diff\u00e9rent des autres programmes que nous avons ex\u00e9cut\u00e9s jusqu\u2019ici, qui permet aux organismes \u00e0 l\u2019\u0153uvre dans la communaut\u00e9 de produire un impact encore plus grand. Notre objectif, avec la Croix-Rouge canadienne et Centraide United Way Canada, et en collaboration avec les fondations communautaires canadiennes, est de rejoindre les populations vuln\u00e9rables qui sont touch\u00e9es par la COVID-19 et qui ont encore plus besoin d\u2019assistance en ce moment.&nbsp;<\/p>\n\n\n\n<blockquote class=\"wp-block-quote is-layout-flow wp-block-quote-is-layout-flow\"><p>Nous remercions le gouvernement f\u00e9d\u00e9ral pour ce soutien financier qui, ultimement, aidera les organismes veillant \u00e0 ce que personne ne soit laiss\u00e9 de c\u00f4t\u00e9 \u2014 dont les groupes en qu\u00eate d\u2019\u00e9quit\u00e9, comme les communaut\u00e9s racialis\u00e9es, les communaut\u00e9s autochtones, les personnes vivant avec un handicap, les personnes souffrant de d\u00e9pendances, les femmes, les filles, et les personnes trans et non binaires.&nbsp;<\/p><\/blockquote>\n\n\n\n<p>Nous ne nous le cacherons pas&nbsp;: nous vivons une p\u00e9riode exceptionnelle qui bouscule nos fa\u00e7ons de faire et nous oblige \u00e0 travailler autrement et mieux que jamais. Notre r\u00e9ponse et nos actions doivent \u00eatre extraordinaires. Nous voulons faire preuve d\u2019audace, et nous encourageons les fondations \u00e0 \u00eatre audacieuses&nbsp;: dans leur r\u00e9flexion, leur planification et leur subventionnement. Nous devons agir courageusement durant cette crise.&nbsp;<\/p>\n\n\n\n<p>C\u2019est pourquoi notre intervention d\u2019urgence est fond\u00e9e sur les principes ci-dessous, lesquels s\u2019inspirent du travail que FCC et notre r\u00e9seau ont entrepris dans la foul\u00e9e de notre nouvelle raison d\u2019\u00eatre. Nous avons entam\u00e9 des collaborations performantes, dont le Fonds \u00c9galit\u00e9 et l\u2019association avec divers partenaires poursuivant des approches bas\u00e9es sur l\u2019\u00e9quit\u00e9. Ensemble, nous aspirons \u00e0 r\u00e9duire les d\u00e9s\u00e9quilibres du pouvoir qui sont inh\u00e9rents aux relations entre bailleurs de fonds et r\u00e9cipiendaires d\u2019une subvention. <\/p>\n\n\n\n<p><strong>Une premi\u00e8re fa\u00e7on pour FCC de le faire est de prendre une optique d&rsquo;analyse comparative entre les genres dans son volet de financement. En plus, nous nous engageons et nous invitons les fondations communautaires \u00e0&nbsp;:&nbsp;<\/strong><\/p>\n\n\n\n<ul class=\"wp-block-list\"><li>Utiliser des processus d\u00e9cisionnels participatifs pour transf\u00e9rer le pouvoir, afin que les populations vuln\u00e9rables les plus touch\u00e9es par la COVID-19 orientent la prise de d\u00e9cision relative au financement et participent \u00e0 ce processus.&nbsp;<\/li><li>S\u2019inspirer et apprendre des personnes qui sont les premi\u00e8res victimes des in\u00e9galit\u00e9s, et b\u00e2tir des communaut\u00e9s plus \u00e9quitables, durables et justes.<\/li><li>Reconna\u00eetre l\u2019important d\u00e9s\u00e9quilibre du pouvoir social et \u00e9conomique, en vertu duquel certaines personnes sont privil\u00e9gi\u00e9es, tandis que d\u2019autres sont d\u00e9savantag\u00e9es et opprim\u00e9es, y compris en adoptant une optique d&rsquo;analyse comparative entre les genres dans le financement.<\/li><li>Poursuivre le travail de v\u00e9rit\u00e9 et r\u00e9conciliation, en d\u00e9colonisant les pratiques dans nos c\u0153urs et dans nos esprits, et par nos efforts collectifs de sensibilisation, de subventionnement et de communication.&nbsp;<\/li><li>Financer des organismes men\u00e9s par les personnes que nous repr\u00e9sentons, et baser notre action sur le concept \u00ab&nbsp;rien \u00e0 propos de nous sans nous&nbsp;\u00bb.&nbsp;<\/li><li>Faire confiance aux demandeurs. Financer int\u00e9gralement les projets tels qu\u2019ils sont pr\u00e9sent\u00e9s \u2014 les demandeurs savent mieux que nous le soutien dont ils ont besoin.&nbsp;<\/li><\/ul>\n\n\n\n<blockquote class=\"wp-block-quote is-layout-flow wp-block-quote-is-layout-flow\"><p>Nous avons conscience qu\u2019il s\u2019agit d\u2019une liste ambitieuse et qu\u2019il y a beaucoup de travail \u00e0 faire. Mais, comme le dit la maxime, l\u2019heure est venue. L\u2019heure est venue de r\u00e9fl\u00e9chir et d\u2019agir, avec encore plus d\u2019audace. Et de reconna\u00eetre qu\u2019il faudra plus qu\u2019une simple aide d\u2019urgence pour permettre aux organismes de bienfaisance et aux OBNL, qui sont des piliers dans nos communaut\u00e9s, de braver cette temp\u00eate. <\/p><\/blockquote>\n\n\n\n<p>Dans un secteur qui emploie 12,8&nbsp;%&nbsp;de la population active canadienne et qui contribue \u00e0 hauteur de 8,5&nbsp;%&nbsp;au PIB du Canada, les organismes communautaires joueront un r\u00f4le vital dans la reconstruction et le r\u00e9tablissement, quand nous commencerons \u00e0 \u00e9merger de la pand\u00e9mie. Ensemble, pensons \u00e0 l\u2019avenir et concr\u00e9tisons nos r\u00eaves pour l\u2019\u00e9dification de communaut\u00e9s justes, \u00e9quitables et r\u00e9silientes.&nbsp;<\/p>\n\n\n\n<div style=\"height:20px\" aria-hidden=\"true\" class=\"wp-block-spacer\"><\/div>\n\n\n\n<p><br><strong>Andrew Chunilall<\/strong>, chef&nbsp;de la direction <br>et <strong>Andrea Dicks<\/strong>, Pr\u00e9sidente<\/p>\n\n\n\n<div style=\"height:30px\" aria-hidden=\"true\" class=\"wp-block-spacer\"><\/div>\n\n\n\n<div class=\"wp-block-buttons is-content-justification-center is-layout-flex wp-container-core-buttons-is-layout-16018d1d wp-block-buttons-is-layout-flex\">\n<div class=\"wp-block-button\"><a class=\"wp-block-button__link\" href=\"https:\/\/communityfoundations.ca\/fr\/initiatives\/fonds-durgence\/\">Apprenez-en davantage au sujet du FUAC<\/a><\/div>\n<\/div>\n\n\n\n<h2 class=\"wp-block-heading\" id=\"entretiens-eclairs-du-fondsuac\"><br>\u00abEntretiens \u00e9clairs\u00bb du&nbsp;#FondsUAC<\/h2>\n\n\n\n<p>En juin, nous avons organis\u00e9 cinq webinaires sur l&rsquo;\u00e9quit\u00e9 dans l&rsquo;octroi de subventions d&rsquo;urgence. Les enregistrements des webinaires sont disponibles ci-dessous.<\/p>\n\n\n\n<figure class=\"wp-block-table\"><table><tbody><tr><td><strong>2 juin<\/strong><\/td><td>COVID-19 et les communaut\u00e9s noires au Canada<\/td><td><a rel=\"noreferrer noopener\" href=\"https:\/\/www.youtube.com\/watch?v=oS1XTzs5Ln4\" target=\"_blank\">Enregistrement<\/a><\/td><\/tr><tr><td><strong>4 juin<\/strong><\/td><td>L&rsquo;exp\u00e9rience genr\u00e9e de COVID-19<\/td><td><a rel=\"noreferrer noopener\" href=\"https:\/\/www.youtube.com\/watch?v=n6A0k7eqoP4\" target=\"_blank\">Enregistrement<\/a><\/td><\/tr><tr><td><strong>5 juin<\/strong><\/td><td>Subventionner et \u00e9quit\u00e9 en cas d&rsquo;urgence<\/td><td><a rel=\"noreferrer noopener\" href=\"https:\/\/www.youtube.com\/watch?v=5psXEk27sFg\" target=\"_blank\">Enregistrement<\/a><\/td><\/tr><tr><td><strong>5 juin<\/strong><\/td><td>Impact de COVID-19 sur les travailleurs<br>migrants en situation de vuln\u00e9rabilit\u00e9<\/td><td><a rel=\"noreferrer noopener\" href=\"https:\/\/www.youtube.com\/watch?v=M9Yp9w4dYLA\" target=\"_blank\">Enregistrement<\/a><\/td><\/tr><tr><td><strong>8 juin<\/strong><\/td><td>L&rsquo;impact de COVID-19 sur les communaut\u00e9s autochtones<\/td><td><a rel=\"noreferrer noopener\" href=\"https:\/\/www.youtube.com\/watch?v=_r3YpFVC0jY\" target=\"_blank\">Enregistrement<\/a><\/td><\/tr><tr><td>\ufeff<\/td><td>\ufeff<\/td><td>\ufeff<\/td><\/tr><\/tbody><\/table><\/figure>\n","protected":false},"excerpt":{"rendered":"<p>Le nouveau Fonds d&rsquo;urgence pour l&rsquo;appui communautaire, instaur\u00e9 par le gouvernement du Canada et dot\u00e9 de 350&nbsp;M$, est un programme de subventionnement unique et adapt\u00e9 aux besoins, tr\u00e8s diff\u00e9rent des autres programmes que nous avons ex\u00e9cut\u00e9s jusqu\u2019ici, qui permet aux organismes \u00e0 l\u2019\u0153uvre dans la communaut\u00e9 de produire un impact encore plus grand. Notre objectif, [&hellip;]<\/p>\n","protected":false},"author":2,"featured_media":25287,"comment_status":"closed","ping_status":"closed","sticky":false,"template":"","format":"standard","meta":{"footnotes":""},"class_list":["post-25289","post","type-post","status-publish","format-standard","has-post-thumbnail","hentry","journal_type-journal-fr-2","resource_initiative-fonds-durgence-pour-lappui-communautaire","topic-covid-19-fr"],"acf":[],"_links":{"self":[{"href":"https:\/\/communityfoundations.ca\/fr\/wp-json\/wp\/v2\/posts\/25289","targetHints":{"allow":["GET"]}}],"collection":[{"href":"https:\/\/communityfoundations.ca\/fr\/wp-json\/wp\/v2\/posts"}],"about":[{"href":"https:\/\/communityfoundations.ca\/fr\/wp-json\/wp\/v2\/types\/post"}],"author":[{"embeddable":true,"href":"https:\/\/communityfoundations.ca\/fr\/wp-json\/wp\/v2\/users\/2"}],"replies":[{"embeddable":true,"href":"https:\/\/communityfoundations.ca\/fr\/wp-json\/wp\/v2\/comments?post=25289"}],"version-history":[{"count":8,"href":"https:\/\/communityfoundations.ca\/fr\/wp-json\/wp\/v2\/posts\/25289\/revisions"}],"predecessor-version":[{"id":32183,"href":"https:\/\/communityfoundations.ca\/fr\/wp-json\/wp\/v2\/posts\/25289\/revisions\/32183"}],"wp:featuredmedia":[{"embeddable":true,"href":"https:\/\/communityfoundations.ca\/fr\/wp-json\/wp\/v2\/media\/25287"}],"wp:attachment":[{"href":"https:\/\/communityfoundations.ca\/fr\/wp-json\/wp\/v2\/media?parent=25289"}],"curies":[{"name":"wp","href":"https:\/\/api.w.org\/{rel}","templated":true}]}}