{"id":2540,"date":"2017-04-25T00:00:00","date_gmt":"2017-04-25T04:00:00","guid":{"rendered":"https:\/\/communityfoundations.ca\/les-arts-et-la-culture-sont-essentiels-pour-renforcer-lappartenance-mais-il-faut-plus-de-ressources-afin-dameliorer-la-qualite-des-installations-et-des-programmes-artistiques-souli\/"},"modified":"2020-05-22T09:44:14","modified_gmt":"2020-05-22T13:44:14","slug":"les-arts-et-la-culture-sont-essentiels-pour-renforcer-lappartenance-mais-il-faut-plus-de-ressources-afin-dameliorer-la-qualite-des-installations-et-des-programmes-artistiques-souli","status":"publish","type":"post","link":"https:\/\/communityfoundations.ca\/fr\/les-arts-et-la-culture-sont-essentiels-pour-renforcer-lappartenance-mais-il-faut-plus-de-ressources-afin-dameliorer-la-qualite-des-installations-et-des-programmes-artistiques-souli\/","title":{"rendered":"Les arts et la culture sont essentiels pour renforcer l\u2019appartenance, mais il faut plus de ressources afin d\u2019am\u00e9liorer la qualit\u00e9 des installations et des programmes artistiques, souligne le nouveau rapport national Signes vitaux"},"content":{"rendered":"<p><b>(OTTAWA, ON) <\/b><span style=\"font-weight: 400;\">\u2013 Un nouveau rapport national, publi\u00e9 aujourd\u2019hui par Fondations communautaires du Canada en partenariat avec la <\/span><span style=\"font-weight: 400;\">Canadian Arts Presenting Association\/l\u2019Association canadienne des organismes artistiques, met en lumi\u00e8re la capacit\u00e9 des arts \u00e0 renforcer les liens qui nous unissent les uns aux autres ainsi qu\u2019\u00e0 nos collectivit\u00e9s et \u00e0 notre pays.<\/span><\/p>\n<p><strong><a href=\"https:\/\/communityfoundations.ca\/fr\/artsetappartenance\/\"><i>Signes vitaux : Arts et appartenance<\/i><\/a><\/strong><span style=\"font-weight: 400;\"> d\u00e9montre comment, sous tant de formes, les arts et la culture font de nos collectivit\u00e9s des endroits o\u00f9 il fait bon vivre, tout en aidant les gens \u00e0 mieux comprendre leur identit\u00e9 et \u00e0 tisser des liens en partageant des exp\u00e9riences artistiques. Cette publication s\u2019appuie sur les connaissances communautaires, sur un \u00e9ventail de sources de donn\u00e9es gouvernementales et locales, et sur une analyse plus approfondie des r\u00e9ponses \u00e0 un sondage pancanadien men\u00e9 en <\/span><span style=\"font-weight: 400;\">2015 par l\u2019Institut Angus Reid pour demander aux Canadiens en quoi consistent l\u2019appartenance et la participation aux activit\u00e9s locales.<\/span><\/p>\n<p><span style=\"font-weight: 400;\">Le rapport propose les arts comme moyen de renforcer l\u2019appartenance et constitue une r\u00e9ponse \u00e0 la r\u00e9alit\u00e9 d\u2019un tiers des <\/span><span style=\"font-weight: 400;\">Canadiens \u00e9prouvant un faible sentiment d\u2019appartenance \u00e0 leur collectivit\u00e9 \u00e0 cause, du moins en partie, de la discrimination et de l\u2019isolement social qui persistent. Voici quelques r\u00e9sultats positifs du rapport :<\/span><\/p>\n<ul>\n<li style=\"font-weight: 400;\"><span style=\"font-weight: 400;\">77 % des Canadiens sont plut\u00f4t d\u2019accord ou tout \u00e0 fait d\u2019accord avec cet \u00e9nonc\u00e9 : \u00ab\u00a0Les exp\u00e9riences li\u00e9es aux arts m\u2019aident \u00e0 me sentir partie prenante de ma collectivit\u00e9 locale.\u00a0\u00bb Ce qui est particuli\u00e8rement vrai pour les nouveaux arrivants et pour les gens des communaut\u00e9s de langue officielle en situation minoritaire.<\/span><\/li>\n<li style=\"font-weight: 400;\"><span style=\"font-weight: 400;\">Les Canadiens qui assistent r\u00e9guli\u00e8rement \u00e0 des concerts en direct \u00e9prouvent un plus fort sentiment d\u2019appartenance \u00e0 leur ville.<\/span><\/li>\n<li style=\"font-weight: 400;\"><span style=\"font-weight: 400;\">Les Canadiens qui estiment que les arts, la culture et les loisirs dans leur collectivit\u00e9 sont \u00ab d\u2019excellente qualit\u00e9 \u00bb sont pr\u00e8s de trois fois plus susceptibles d\u2019affirmer avoir un \u00ab\u00a0tr\u00e8s fort\u00a0\u00bb sentiment d\u2019appartenance \u00e0 leur ville.<\/span><\/li>\n<\/ul>\n<p><i><span style=\"font-weight: 400;\">Signes vitaux : Arts et appartenance<\/span><\/i><span style=\"font-weight: 400;\"> pr\u00e9cise \u00e9galement que certains domaines doivent \u00eatre am\u00e9lior\u00e9s. Bien que, selon presque tous les<\/span><span style=\"font-weight: 400;\"> Canadiens, les lieux de diffusion des spectacles soient importants pour la qualit\u00e9 de vie et le d\u00e9veloppement \u00e9conomique, plus de la moiti\u00e9 des r\u00e9pondants estiment que les installations artistiques de leur localit\u00e9 doivent \u00eatre am\u00e9lior\u00e9es, tant en quantit\u00e9 qu\u2019en qualit\u00e9. Ces sentiments sont particuli\u00e8rement vrais pour les communaut\u00e9s autochtones, dans les collectivit\u00e9s rurales et \u00e9loign\u00e9es, et pour les communaut\u00e9s de langue officielle en situation minoritaire.<\/span><\/p>\n<p><span style=\"font-weight: 400;\">\u00ab Ces nouvelles connaissances d\u00e9gagent des pistes int\u00e9ressantes pour renforcer l\u2019appartenance et la vitalit\u00e9 communautaire gr\u00e2ce aux arts \u00bb, a d\u00e9clar\u00e9 Fr\u00e9d\u00e9ric Julien, directeur de la recherche et du d\u00e9veloppement \u00e0 la CAPACOA.<\/span><\/p>\n<p><span style=\"font-weight: 400;\">\u00ab L\u2019art sert de catalyseur pour renouer avec la culture et renforcer la compr\u00e9hension entre les collectivit\u00e9s canadiennes, a affirm\u00e9 Lee Rose, responsable du programme national Signes vitaux chez Fondations communautaires du Canada. Comme le d\u00e9montre la recherche mentionn\u00e9e dans ce rapport, que ce soit sur la sc\u00e8ne, dans l\u2019auditoire ou dans la collectivit\u00e9, nous savons que la participation aux arts entra\u00eene un plus fort sentiment d\u2019appartenance. \u00bb<\/span><\/p>\n<p><span style=\"font-weight: 400;\">Le rapport offre \u00e9galement plusieurs recommandations afin d\u2019aider les gens de tous horizons \u00e0 s\u2019int\u00e9resser aux arts et \u00e0 b\u00e2tir des ponts entre les communaut\u00e9s, en offrant par exemple des programmes communautaires de participation aux arts; en repr\u00e9sentant sur sc\u00e8ne, sur les \u00e9crans et sur les ondes la diversit\u00e9 de la population; et en ouvrant les installations artistiques \u00e0 la collectivit\u00e9.<\/span><\/p>\n<p><span style=\"font-weight: 400;\">Selon la CAPACOA, ce rapport est une autre importante \u00e9tape du dialogue continu sur l\u2019importance des arts. L\u2019association utilisera les r\u00e9sultats du rapport pour guider les organisations artistiques, les organismes communautaires et les municipalit\u00e9s qui explorent des fa\u00e7ons novatrices d\u2019am\u00e9liorer la vitalit\u00e9 et la sant\u00e9 des collectivit\u00e9s gr\u00e2ce aux arts.<\/span><\/p>\n<p><span style=\"font-weight: 400;\">Fondations communautaires du Canada a choisi l\u2019appartenance comme axe strat\u00e9gique de son travail \u00e0 l\u2019occasion du 150<\/span><span style=\"font-weight: 400;\">e<\/span><span style=\"font-weight: 400;\"> anniversaire du Canada et comme th\u00e8me cl\u00e9 du prochain congr\u00e8s de son r\u00e9seau, le Congr\u00e8s des fondations communautaires 2017. Cette toute r\u00e9cente <\/span><span style=\"font-weight: 400;\">publication fait partie d\u2019une exploration de l\u2019appartenance qui doit durer trois ans et qui culminera au d\u00e9but d\u2019octobre lors de la semaine nationale <\/span><i><span style=\"font-weight: 400;\">Signes vitaux<\/span><\/i><span style=\"font-weight: 400;\">.<\/span><\/p>\n<p><b>\u00c0 propos de Signes Vitaux<\/b><\/p>\n<p><a href=\"https:\/\/communityfoundations.ca\/fr\/signesvitaux\/\"><b><i>Signes vitaux<\/i><\/b><\/a> <span style=\"font-weight: 400;\">est un programme national pilot\u00e9 par les fondations communautaires et coordonn\u00e9 par Fondations communautaires du Canada. Ce programme s\u2019appuie sur des connaissances communautaires pour mesurer la vitalit\u00e9 de nos collectivit\u00e9s et soutenir des actions favorisant une meilleure qualit\u00e9 de vie. <\/span><\/p>\n<p><b>\u00c0 propos de CAPACOA<\/b><\/p>\n<p><span style=\"font-weight: 400;\">La <\/span><strong><a href=\"http:\/\/www.capacoa.ca\">Canadian Arts Presenting Association\/l\u2019Association canadienne des organismes artistiques (CAPACOA)<\/a><\/strong><span style=\"font-weight: 400;\"> soutient le milieu de la tourn\u00e9e et de la diffusion des arts de la sc\u00e8ne par son engagement \u00e0 rendre ceux-ci accessibles \u00e0 tous les Canadiens. CAPACOA encourage le d\u00e9veloppement des comp\u00e9tences, le partage du savoir, le renforcement des politiques, la collaboration et l&rsquo;innovation dans le milieu du spectacle et dans la soci\u00e9t\u00e9.<\/span><\/p>\n<p><b>\u00c0 propos de Fondations communautaires du Canada<\/b><\/p>\n<p><a href=\"https:\/\/communityfoundations.ca\/fr\/\"><b>Fondations communautaires du Canada<\/b><\/a><span style=\"font-weight: 400;\"> est le r\u00e9seau national qui regroupe les 191 fondations communautaires canadiennes. Notre mouvement philanthropique \u0153uvre dans divers secteurs afin d\u2019aider les gens d\u2019ici \u00e0 b\u00e2tir des collectivit\u00e9s fortes et r\u00e9silientes<\/span><\/p>\n<p style=\"text-align: center;\"><span style=\"font-weight: 400;\">-30-<\/span><\/p>\n<p><b>Personne-ressource pour les m\u00e9dias :<\/b><\/p>\n<p><span style=\"font-weight: 400;\">David Venn, directeur des communications<\/span><span style=\"font-weight: 400;\"><br \/>\n<\/span><span style=\"font-weight: 400;\">Fondations communautaires du Canada<\/span><span style=\"font-weight: 400;\"><br \/>\n<\/span><span style=\"font-weight: 400;\">T\u00e9l. : 613 236-2664, poste 302<\/span><span style=\"font-weight: 400;\"><br \/>\n<\/span><span style=\"font-weight: 400;\">Courriel : <strong><a href=\"mailto:dvenn@communityfoundations.ca\">dvenn@communityfoundations.ca<\/a><\/strong><\/span><span style=\"font-weight: 400;\"><br \/>\n<\/span><span style=\"font-weight: 400;\">Twitter : <strong><a href=\"https:\/\/twitter.com\/CommFdnsCanada\">@CommFdnsCanada<\/a><\/strong><\/span><b><\/b><\/p>\n","protected":false},"excerpt":{"rendered":"<p>(OTTAWA, ON) \u2013 Un nouveau rapport national, publi\u00e9 aujourd\u2019hui par Fondations communautaires du Canada en partenariat avec la Canadian Arts Presenting Association\/l\u2019Association canadienne des organismes artistiques, met en lumi\u00e8re la capacit\u00e9 des arts \u00e0 renforcer les liens qui nous unissent les uns aux autres ainsi qu\u2019\u00e0 nos collectivit\u00e9s et \u00e0 notre pays. Signes vitaux : [&hellip;]<\/p>\n","protected":false},"author":2,"featured_media":2541,"comment_status":"open","ping_status":"open","sticky":false,"template":"","format":"standard","meta":{"footnotes":""},"class_list":["post-2540","post","type-post","status-publish","format-standard","has-post-thumbnail","hentry","journal_type-nouvelles"],"acf":[],"_links":{"self":[{"href":"https:\/\/communityfoundations.ca\/fr\/wp-json\/wp\/v2\/posts\/2540","targetHints":{"allow":["GET"]}}],"collection":[{"href":"https:\/\/communityfoundations.ca\/fr\/wp-json\/wp\/v2\/posts"}],"about":[{"href":"https:\/\/communityfoundations.ca\/fr\/wp-json\/wp\/v2\/types\/post"}],"author":[{"embeddable":true,"href":"https:\/\/communityfoundations.ca\/fr\/wp-json\/wp\/v2\/users\/2"}],"replies":[{"embeddable":true,"href":"https:\/\/communityfoundations.ca\/fr\/wp-json\/wp\/v2\/comments?post=2540"}],"version-history":[{"count":0,"href":"https:\/\/communityfoundations.ca\/fr\/wp-json\/wp\/v2\/posts\/2540\/revisions"}],"wp:featuredmedia":[{"embeddable":true,"href":"https:\/\/communityfoundations.ca\/fr\/wp-json\/wp\/v2\/media\/2541"}],"wp:attachment":[{"href":"https:\/\/communityfoundations.ca\/fr\/wp-json\/wp\/v2\/media?parent=2540"}],"curies":[{"name":"wp","href":"https:\/\/api.w.org\/{rel}","templated":true}]}}