{"id":25917,"date":"2020-06-16T08:51:11","date_gmt":"2020-06-16T12:51:11","guid":{"rendered":"https:\/\/communityfoundations.ca\/?p=25917"},"modified":"2022-01-28T11:58:54","modified_gmt":"2022-01-28T16:58:54","slug":"comite-consultatif-du-fonds-de-resilience-des-peuples-autochtones","status":"publish","type":"post","link":"https:\/\/communityfoundations.ca\/fr\/comite-consultatif-du-fonds-de-resilience-des-peuples-autochtones\/","title":{"rendered":"COVID-19 &#8211; Comit\u00e9 consultatif du Fonds de r\u00e9silience des peuples autochtones"},"content":{"rendered":"\n<h4 class=\"wp-block-heading\" id=\"le-fonds-de-resilience-des-peuples-autochtones-frpa-est-regi-par-un-comite-consultatif-forme-de-leaders-autochtones-ayant-de-l-experience-dans-le-domaine-de-la-philanthropie-le-comite-compte-parmi-ses-membres\"><strong><a href=\"https:\/\/communityfoundations.ca\/fr\/initiatives\/le-fonds-de-resilience-des-peuples-autochtones\/\">Le Fonds de r\u00e9silience des peuples autochtones<\/a> (FRPA) est r\u00e9gi par un comit\u00e9 consultatif form\u00e9 de leaders autochtones ayant de l\u2019exp\u00e9rience dans le domaine de la philanthropie. Le comit\u00e9 compte parmi ses membres&nbsp;:<\/strong><\/h4>\n\n\n\n<div style=\"height:20px\" aria-hidden=\"true\" class=\"wp-block-spacer\"><\/div>\n\n\n\n<ul class=\"wp-block-list\"><li><strong>D<sup>re<\/sup> Deborah Saucier<\/strong><br>Nation m\u00e9tisse, pr\u00e9sidente et vice-chanceli\u00e8re, <a rel=\"noreferrer noopener\" href=\"https:\/\/www.viu.ca\/?utm_expid=.QBuox4PKQQCyLP4Lb15WfA.0&amp;utm_referrer=https%3A%2F%2Fwww.google.com%2F\" target=\"_blank\">Universit\u00e9 de l\u2019\u00eele de Vancouver<\/a><br><\/li><li><strong>Tina Petawabano<br><\/strong>Crie, pr\u00e9sidente, <a rel=\"noreferrer noopener\" href=\"https:\/\/www.creefoundation.ca\/\" target=\"_blank\">Fondation communautaire Eenou-Eeyou<\/a><br><\/li><li><strong>Elisa Levi<br><\/strong>Anichinab\u00e9e, fondatrice, <a rel=\"noreferrer noopener\" href=\"https:\/\/www.elisalevi.ca\/debisinii-1\" target=\"_blank\">Debisinii<\/a><br><\/li><li><strong>Kevin Lamoureux<br><\/strong>Anishnabeg, vice-pr\u00e9sident adjoint et enseignant, <a rel=\"noreferrer noopener\" href=\"https:\/\/www.uwinnipeg.ca\/\" target=\"_blank\">Universit\u00e9 de Winnipeg<\/a><br><\/li><li><strong>Catherine Penninton<\/strong><br>Nation m\u00e9tisse, directrice, Partenariats communautaires et durabilit\u00e9, <a rel=\"noreferrer noopener\" href=\"https:\/\/www.enbridgegas.com\/\" target=\"_blank\">Enbridge<\/a><br><\/li><li><strong>Nicole McDonald<br><\/strong>Nation m\u00e9tisse, directrice de programme, <a rel=\"noreferrer noopener\" href=\"https:\/\/makeway.org\/\" target=\"_blank\">MakeWay<\/a><br><\/li><li><strong>Nancy Etok<\/strong><br>Inuite, directrice adjointe de <a rel=\"noreferrer noopener\" href=\"https:\/\/www.kativik.qc.ca\/school\/ulluriaq\/\" target=\"_blank\">l\u2019\u00e9cole Ulluriaq, Kangiqsualujjuaq, Nunavik<\/a><br><\/li><li><strong>Chris Googoo<\/strong><br>Premi\u00e8re Nation We\u2019koqma\u2019q, directeur g\u00e9n\u00e9ral, <a href=\"http:\/\/ulnoowegfoundation.ca\/\">Ulnooweg Indigenous Communities Foundation<\/a><br><\/li><li><strong>Jasime Elisapi Redfern<\/strong><br>Inuk, \u00e9tudiante&nbsp;en droit, Nunavut Law Program, <a rel=\"noreferrer noopener\" href=\"https:\/\/www.usask.ca\/\" target=\"_blank\">University of Saskatchewan<\/a><br><\/li><li><strong>Brian Jackson<\/strong><br>Anichinab\u00e9, charg\u00e9 principal de programme, <a href=\"https:\/\/mcconnellfoundation.ca\/\">la fondation McConnell<\/a><\/li><\/ul>\n\n\n\n<blockquote class=\"wp-block-quote is-layout-flow wp-block-quote-is-layout-flow\"><p><em><em>\u00ab&nbsp;Les besoins se font sentir depuis longtemps dans nos communaut\u00e9s, et ils sont urgents. \u00c0 cause de la pand\u00e9mie de la COVID-19, ces besoins ont \u00e9t\u00e9 amplifi\u00e9s et exigent une attention encore plus urgente.&nbsp;\u00bb <\/em><\/em><\/p><cite><em><em><em>Mary Simon, Inuite, Nunavik<\/em><\/em><\/em><\/cite><\/blockquote>\n\n\n\n<p class=\"has-text-color has-background\" style=\"background-color:#000000;color:#ffffff\">&nbsp;Si vous d\u00e9sirez plus d\u2019information, veuillez contacter&nbsp;:&nbsp;<br><strong>Victoria Grant<\/strong> \u00e0 <a href=\"mailto:victoria@iprfund.ca\">victoria@iprfund.ca<\/a>, 416&nbsp;999-1978<br><strong>Wanda Brascoup\u00e9<\/strong> \u00e0&nbsp;<a href=\"mailto:info@iprfund.ca\">info@iprfund.ca<\/a>, 613-262-3089<\/p>\n\n\n\n<p><em>Image c\/o Victoria Grant<\/em><\/p>\n","protected":false},"excerpt":{"rendered":"<p>Le Fonds de r\u00e9silience des peuples autochtones (FRPA) est r\u00e9gi par un comit\u00e9 consultatif form\u00e9 de leaders autochtones ayant de l\u2019exp\u00e9rience dans le domaine de la philanthropie. Le comit\u00e9 compte parmi ses membres&nbsp;: Dre Deborah SaucierNation m\u00e9tisse, pr\u00e9sidente et vice-chanceli\u00e8re, Universit\u00e9 de l\u2019\u00eele de Vancouver Tina PetawabanoCrie, pr\u00e9sidente, Fondation communautaire Eenou-Eeyou Elisa LeviAnichinab\u00e9e, fondatrice, Debisinii [&hellip;]<\/p>\n","protected":false},"author":2,"featured_media":25912,"comment_status":"closed","ping_status":"closed","sticky":false,"template":"","format":"standard","meta":{"footnotes":""},"class_list":["post-25917","post","type-post","status-publish","format-standard","has-post-thumbnail","hentry","journal_type-journal-fr-2","resource_initiative-le-fonds-de-resilience-des-peuples-autochtones","topic-reconciliation"],"acf":[],"_links":{"self":[{"href":"https:\/\/communityfoundations.ca\/fr\/wp-json\/wp\/v2\/posts\/25917","targetHints":{"allow":["GET"]}}],"collection":[{"href":"https:\/\/communityfoundations.ca\/fr\/wp-json\/wp\/v2\/posts"}],"about":[{"href":"https:\/\/communityfoundations.ca\/fr\/wp-json\/wp\/v2\/types\/post"}],"author":[{"embeddable":true,"href":"https:\/\/communityfoundations.ca\/fr\/wp-json\/wp\/v2\/users\/2"}],"replies":[{"embeddable":true,"href":"https:\/\/communityfoundations.ca\/fr\/wp-json\/wp\/v2\/comments?post=25917"}],"version-history":[{"count":9,"href":"https:\/\/communityfoundations.ca\/fr\/wp-json\/wp\/v2\/posts\/25917\/revisions"}],"predecessor-version":[{"id":32193,"href":"https:\/\/communityfoundations.ca\/fr\/wp-json\/wp\/v2\/posts\/25917\/revisions\/32193"}],"wp:featuredmedia":[{"embeddable":true,"href":"https:\/\/communityfoundations.ca\/fr\/wp-json\/wp\/v2\/media\/25912"}],"wp:attachment":[{"href":"https:\/\/communityfoundations.ca\/fr\/wp-json\/wp\/v2\/media?parent=25917"}],"curies":[{"name":"wp","href":"https:\/\/api.w.org\/{rel}","templated":true}]}}