{"id":27057,"date":"2020-08-27T12:33:17","date_gmt":"2020-08-27T16:33:17","guid":{"rendered":"https:\/\/communityfoundations.ca\/?p=27057"},"modified":"2020-09-01T10:24:07","modified_gmt":"2020-09-01T14:24:07","slug":"ffwd2020-cohorte","status":"publish","type":"post","link":"https:\/\/communityfoundations.ca\/fr\/ffwd2020-cohorte\/","title":{"rendered":"Voici notre talentueuse cohorte de jeunes qui participeront au sommet ffwd2020 sur l\u2019avenir du travail!"},"content":{"rendered":"\n<p>Du 8 au 11&nbsp;septembre, nous tiendrons le sommet des jeunes <a href=\"https:\/\/communityfoundations.ca\/fr\/ffwd2020-rbc\/\" data-type=\"post\" data-id=\"25818\">Fast-Forward 2020<\/a> (ffwd2020) sur l\u2019avenir du travail, en collaboration avec RBC et Youthful Cities. Le sommet donnera aux jeunes de partout au Canada l\u2019occasion de se r\u00e9unir et de discuter de solutions pour que notre pays soit accueillant et collaboratif.<\/p>\n\n\n\n<div class=\"wp-block-buttons aligncenter is-layout-flex wp-block-buttons-is-layout-flex\">\n<div class=\"wp-block-button\"><a class=\"wp-block-button__link\" href=\"https:\/\/communityfoundations.ca\/fr\/ffwd2020-rbc\/\">\u00c0 propos de ffwd2020<\/a><\/div>\n<\/div>\n\n\n\n<div style=\"height:37px\" aria-hidden=\"true\" class=\"wp-block-spacer\"><\/div>\n\n\n\n<p>Le sommet r\u00e9unira des jeunes de talent, issus d\u2019une grande diversit\u00e9 de communaut\u00e9s et de diff\u00e9rents territoires et provinces, de l\u2019Atlantique au Pacifique \u00e0 l\u2019Arctique. D\u00e9couvrez ci-dessous les jeunes qui repr\u00e9senteront votre communaut\u00e9. F\u00e9licitations \u00e0 tous les jeunes qui participeront au sommet ffwd2020 \u2014 nous avons h\u00e2te de travailler avec vous afin de trouver des solutions pour l\u2019avenir.<\/p>\n\n\n\n<div style=\"height:40px\" aria-hidden=\"true\" class=\"wp-block-spacer\"><\/div>\n\n\n\n<div class=\"wp-block-columns is-layout-flex wp-container-core-columns-is-layout-9d6595d7 wp-block-columns-is-layout-flex\">\n<div class=\"wp-block-column is-layout-flow wp-block-column-is-layout-flow\">\n<figure class=\"wp-block-image size-large\"><a href=\"#Alberta\"><img loading=\"lazy\" decoding=\"async\" width=\"1000\" height=\"500\" src=\"https:\/\/communityfoundations.ca\/wp-content\/uploads\/2020\/08\/Alberta.jpg\" alt=\"\" class=\"wp-image-27037\" srcset=\"https:\/\/communityfoundations.ca\/wp-content\/uploads\/2020\/08\/Alberta.jpg 1000w, https:\/\/communityfoundations.ca\/wp-content\/uploads\/2020\/08\/Alberta-300x150.jpg 300w, https:\/\/communityfoundations.ca\/wp-content\/uploads\/2020\/08\/Alberta-768x384.jpg 768w\" sizes=\"auto, (max-width: 1000px) 100vw, 1000px\" \/><\/a><\/figure>\n\n\n\n<h4 class=\"has-text-align-center wp-block-heading\"><a href=\"#Alberta\">Alberta<\/a><\/h4>\n<\/div>\n\n\n\n<div class=\"wp-block-column is-layout-flow wp-block-column-is-layout-flow\">\n<figure class=\"wp-block-image size-large\"><a href=\"#British Columbia\"><img loading=\"lazy\" decoding=\"async\" width=\"655\" height=\"397\" src=\"https:\/\/communityfoundations.ca\/wp-content\/uploads\/2020\/08\/British_Columbia-e1598476561184.jpg\" alt=\"\" class=\"wp-image-27035\" srcset=\"https:\/\/communityfoundations.ca\/wp-content\/uploads\/2020\/08\/British_Columbia-e1598476561184.jpg 655w, https:\/\/communityfoundations.ca\/wp-content\/uploads\/2020\/08\/British_Columbia-e1598476561184-300x182.jpg 300w\" sizes=\"auto, (max-width: 655px) 100vw, 655px\" \/><\/a><\/figure>\n\n\n\n<h4 class=\"has-text-align-center wp-block-heading\"><a href=\"#British Columbia\">Colombie-Britannique<\/a><\/h4>\n<\/div>\n\n\n\n<div class=\"wp-block-column is-layout-flow wp-block-column-is-layout-flow\">\n<figure class=\"wp-block-image size-large\"><a href=\"#Manitoba\"><img loading=\"lazy\" decoding=\"async\" width=\"1024\" height=\"700\" src=\"https:\/\/communityfoundations.ca\/wp-content\/uploads\/2020\/08\/PEI-1024x700.jpg\" alt=\"\" class=\"wp-image-27022\" srcset=\"https:\/\/communityfoundations.ca\/wp-content\/uploads\/2020\/08\/PEI-1024x700.jpg 1024w, https:\/\/communityfoundations.ca\/wp-content\/uploads\/2020\/08\/PEI-300x205.jpg 300w, https:\/\/communityfoundations.ca\/wp-content\/uploads\/2020\/08\/PEI-768x525.jpg 768w, https:\/\/communityfoundations.ca\/wp-content\/uploads\/2020\/08\/PEI.jpg 1310w\" sizes=\"auto, (max-width: 1024px) 100vw, 1024px\" \/><\/a><\/figure>\n\n\n\n<h4 class=\"has-text-align-center wp-block-heading\"><a href=\"#Prince Edward Island\">\u00cele-du-Prince-\u00c9douard<\/a><\/h4>\n<\/div>\n<\/div>\n\n\n\n<div class=\"wp-block-columns is-layout-flex wp-container-core-columns-is-layout-9d6595d7 wp-block-columns-is-layout-flex\">\n<div class=\"wp-block-column is-layout-flow wp-block-column-is-layout-flow\">\n<figure class=\"wp-block-image size-large\"><a href=\"#Manitoba\"><img loading=\"lazy\" decoding=\"async\" width=\"1000\" height=\"500\" src=\"https:\/\/communityfoundations.ca\/wp-content\/uploads\/2020\/08\/Manitoba.jpg\" alt=\"\" class=\"wp-image-27034\" srcset=\"https:\/\/communityfoundations.ca\/wp-content\/uploads\/2020\/08\/Manitoba.jpg 1000w, https:\/\/communityfoundations.ca\/wp-content\/uploads\/2020\/08\/Manitoba-300x150.jpg 300w, https:\/\/communityfoundations.ca\/wp-content\/uploads\/2020\/08\/Manitoba-768x384.jpg 768w\" sizes=\"auto, (max-width: 1000px) 100vw, 1000px\" \/><\/a><\/figure>\n\n\n\n<h4 class=\"has-text-align-center wp-block-heading\"><a href=\"#Manitoba\">Manitoba<\/a><\/h4>\n<\/div>\n\n\n\n<div class=\"wp-block-column is-layout-flow wp-block-column-is-layout-flow\">\n<figure class=\"wp-block-image size-large\"><a href=\"#New Brunswick\"><img decoding=\"async\" src=\"https:\/\/communityfoundations.ca\/wp-content\/uploads\/2020\/08\/New_Brunswick-e1598476699602.jpg\" alt=\"\" class=\"wp-image-27032\"\/><\/a><\/figure>\n\n\n\n<h4 class=\"has-text-align-center wp-block-heading\"><a href=\"#New Brunswick\">Nouveau-Brunswick<\/a><\/h4>\n<\/div>\n\n\n\n<div class=\"wp-block-column is-layout-flow wp-block-column-is-layout-flow\">\n<figure class=\"wp-block-image size-large\"><a href=\"#Nova Scotia\"><img loading=\"lazy\" decoding=\"async\" width=\"1000\" height=\"500\" src=\"https:\/\/communityfoundations.ca\/wp-content\/uploads\/2020\/08\/Nova_Scotia.jpg\" alt=\"\" class=\"wp-image-27026\" srcset=\"https:\/\/communityfoundations.ca\/wp-content\/uploads\/2020\/08\/Nova_Scotia.jpg 1000w, https:\/\/communityfoundations.ca\/wp-content\/uploads\/2020\/08\/Nova_Scotia-300x150.jpg 300w, https:\/\/communityfoundations.ca\/wp-content\/uploads\/2020\/08\/Nova_Scotia-768x384.jpg 768w\" sizes=\"auto, (max-width: 1000px) 100vw, 1000px\" \/><\/a><\/figure>\n\n\n\n<h4 class=\"has-text-align-center wp-block-heading\"><a href=\"#Nova Scotia\">Nouvelle-\u00c9cosse<\/a><\/h4>\n<\/div>\n<\/div>\n\n\n\n<div class=\"wp-block-columns is-layout-flex wp-container-core-columns-is-layout-9d6595d7 wp-block-columns-is-layout-flex\">\n<div class=\"wp-block-column is-layout-flow wp-block-column-is-layout-flow\">\n<figure class=\"wp-block-image size-large\"><a href=\"#Ontario\"><img loading=\"lazy\" decoding=\"async\" width=\"1000\" height=\"500\" src=\"https:\/\/communityfoundations.ca\/wp-content\/uploads\/2020\/08\/Ontario.jpg\" alt=\"\" class=\"wp-image-27024\" srcset=\"https:\/\/communityfoundations.ca\/wp-content\/uploads\/2020\/08\/Ontario.jpg 1000w, https:\/\/communityfoundations.ca\/wp-content\/uploads\/2020\/08\/Ontario-300x150.jpg 300w, https:\/\/communityfoundations.ca\/wp-content\/uploads\/2020\/08\/Ontario-768x384.jpg 768w\" sizes=\"auto, (max-width: 1000px) 100vw, 1000px\" \/><\/a><\/figure>\n\n\n\n<h4 class=\"has-text-align-center wp-block-heading\"><a href=\"#Ontario\">Ontario<\/a><\/h4>\n<\/div>\n\n\n\n<div class=\"wp-block-column is-layout-flow wp-block-column-is-layout-flow\">\n<figure class=\"wp-block-image size-large\"><a href=\"#Quebec\"><img loading=\"lazy\" decoding=\"async\" width=\"1000\" height=\"500\" src=\"https:\/\/communityfoundations.ca\/wp-content\/uploads\/2020\/08\/Quebec.jpg\" alt=\"\" class=\"wp-image-27020\" srcset=\"https:\/\/communityfoundations.ca\/wp-content\/uploads\/2020\/08\/Quebec.jpg 1000w, https:\/\/communityfoundations.ca\/wp-content\/uploads\/2020\/08\/Quebec-300x150.jpg 300w, https:\/\/communityfoundations.ca\/wp-content\/uploads\/2020\/08\/Quebec-768x384.jpg 768w\" sizes=\"auto, (max-width: 1000px) 100vw, 1000px\" \/><\/a><\/figure>\n\n\n\n<h4 class=\"has-text-align-center wp-block-heading\"><a href=\"#Quebec\">Qu\u00e9bec<\/a><\/h4>\n<\/div>\n\n\n\n<div class=\"wp-block-column is-layout-flow wp-block-column-is-layout-flow\">\n<figure class=\"wp-block-image size-large\"><a href=\"#Saskatchewan\"><img loading=\"lazy\" decoding=\"async\" width=\"1000\" height=\"500\" src=\"https:\/\/communityfoundations.ca\/wp-content\/uploads\/2020\/08\/Saskatchewan.jpg\" alt=\"\" class=\"wp-image-27018\" srcset=\"https:\/\/communityfoundations.ca\/wp-content\/uploads\/2020\/08\/Saskatchewan.jpg 1000w, https:\/\/communityfoundations.ca\/wp-content\/uploads\/2020\/08\/Saskatchewan-300x150.jpg 300w, https:\/\/communityfoundations.ca\/wp-content\/uploads\/2020\/08\/Saskatchewan-768x384.jpg 768w\" sizes=\"auto, (max-width: 1000px) 100vw, 1000px\" \/><\/a><\/figure>\n\n\n\n<h4 class=\"has-text-align-center wp-block-heading\"><a href=\"#Saskatchewan\">Saskatchewan<\/a><\/h4>\n<\/div>\n<\/div>\n\n\n\n<div class=\"wp-block-columns is-layout-flex wp-container-core-columns-is-layout-9d6595d7 wp-block-columns-is-layout-flex\">\n<div class=\"wp-block-column is-layout-flow wp-block-column-is-layout-flow\">\n<figure class=\"wp-block-image size-large\"><a href=\"#Newfoundland\"><img loading=\"lazy\" decoding=\"async\" width=\"1000\" height=\"500\" src=\"https:\/\/communityfoundations.ca\/wp-content\/uploads\/2020\/08\/Newfoundland_and_Labrador.jpg\" alt=\"\" class=\"wp-image-27030\" srcset=\"https:\/\/communityfoundations.ca\/wp-content\/uploads\/2020\/08\/Newfoundland_and_Labrador.jpg 1000w, https:\/\/communityfoundations.ca\/wp-content\/uploads\/2020\/08\/Newfoundland_and_Labrador-300x150.jpg 300w, https:\/\/communityfoundations.ca\/wp-content\/uploads\/2020\/08\/Newfoundland_and_Labrador-768x384.jpg 768w\" sizes=\"auto, (max-width: 1000px) 100vw, 1000px\" \/><\/a><\/figure>\n\n\n\n<h4 class=\"has-text-align-center wp-block-heading\"><a href=\"#Newfoundland\">Terre-Neuve-et-Labrador<\/a><\/h4>\n<\/div>\n\n\n\n<div class=\"wp-block-column is-layout-flow wp-block-column-is-layout-flow\">\n<figure class=\"wp-block-image size-large\"><a href=\"#Northwest Territories\"><img loading=\"lazy\" decoding=\"async\" width=\"1000\" height=\"500\" src=\"https:\/\/communityfoundations.ca\/wp-content\/uploads\/2020\/08\/Northwest_Territories.jpg\" alt=\"\" class=\"wp-image-27028\" srcset=\"https:\/\/communityfoundations.ca\/wp-content\/uploads\/2020\/08\/Northwest_Territories.jpg 1000w, https:\/\/communityfoundations.ca\/wp-content\/uploads\/2020\/08\/Northwest_Territories-300x150.jpg 300w, https:\/\/communityfoundations.ca\/wp-content\/uploads\/2020\/08\/Northwest_Territories-768x384.jpg 768w\" sizes=\"auto, (max-width: 1000px) 100vw, 1000px\" \/><\/a><\/figure>\n\n\n\n<h4 class=\"has-text-align-center wp-block-heading\"><a href=\"#Northwest Territories\">Territoires du Nord-Ouest<\/a><\/h4>\n<\/div>\n\n\n\n<div class=\"wp-block-column is-layout-flow wp-block-column-is-layout-flow\"><\/div>\n<\/div>\n\n\n\n<div style=\"height:55px\" aria-hidden=\"true\" class=\"wp-block-spacer\"><\/div>\n\n\n\n<a name=\"Alberta\"><h2>Alberta<\/h2><\/a>\n\n\n\n<div class=\"wp-block-columns alignwide is-layout-flex wp-container-core-columns-is-layout-9d6595d7 wp-block-columns-is-layout-flex\">\n<div class=\"wp-block-column is-layout-flow wp-block-column-is-layout-flow\">\n<figure class=\"wp-block-image size-large\"><img loading=\"lazy\" decoding=\"async\" width=\"1024\" height=\"1024\" src=\"https:\/\/communityfoundations.ca\/wp-content\/uploads\/2020\/08\/Casey-Caines-scaled-e1598293320339-1024x1024.jpg\" alt=\"\" class=\"wp-image-26714\" srcset=\"https:\/\/communityfoundations.ca\/wp-content\/uploads\/2020\/08\/Casey-Caines-scaled-e1598293320339-1024x1024.jpg 1024w, https:\/\/communityfoundations.ca\/wp-content\/uploads\/2020\/08\/Casey-Caines-scaled-e1598293320339-300x300.jpg 300w, https:\/\/communityfoundations.ca\/wp-content\/uploads\/2020\/08\/Casey-Caines-scaled-e1598293320339-150x150.jpg 150w, https:\/\/communityfoundations.ca\/wp-content\/uploads\/2020\/08\/Casey-Caines-scaled-e1598293320339-768x768.jpg 768w, https:\/\/communityfoundations.ca\/wp-content\/uploads\/2020\/08\/Casey-Caines-scaled-e1598293320339-1536x1536.jpg 1536w, https:\/\/communityfoundations.ca\/wp-content\/uploads\/2020\/08\/Casey-Caines-scaled-e1598293320339.jpg 1920w\" sizes=\"auto, (max-width: 1024px) 100vw, 1024px\" \/><\/figure>\n\n\n\n<h3 class=\"wp-block-heading\">Casey Caines<\/h3>\n\n\n\n<span><a onclick=\"read_toggle(498014441, 'Read More | Lire la suite', 'Read Less'); return false;\" class=\"read-link\" id=\"readlink498014441\" style=\"readlink\" href=\"#\">Read More | Lire la suite<\/a><\/span>\n<div class=\"read_div\" id=\"read498014441\" style=\"display: none;\">Tansi! <\/p>\n\n\n\n<p>My name is Casey Caines (pronouns she\/her) and I am a Cree and Slavey woman born and raised on Treaty 8 territory in northern BC, now living on Treaty 8 territory but in northern AB. I am an incoming University of Alberta\u2019s law student who intends to use my education to fight for restorative justice programs in northern Indigenous communities in order to revitalize traditional modes of justice and reduce recidivism rates amongst Indigenous peoples. My passion lies with reducing inequalities from grassroots to international and from womb to tomb. <\/p>\n\n\n\n<p>Through my community work as an educational ambassador for Grande Prairie Regional College, the President of the Circle of Indigenous Students at GPRC, a board member for the Grande Prairie Friendship Centre, a panelist for the Iskwew+ Indigenous Women in Leadership Symposium, a writer and student editor for WISDOM Magazine\u2019s \u201cIndigenization in Academia\u201d issue,&nbsp; a member of the IMPACT advisory committee, and the co-creator of the \u00ab\u00a0Medicine Box Project\u00a0\u00bb as well as a mother of two young girls, one of whom is autistic I have been privileged and blessed to work towards this deeply personal SDG. I\u2019m all about cheesecake, camping, and cuddling babies in my spare time.<\/div>\n<\/div>\n\n\n\n<div class=\"wp-block-column is-layout-flow wp-block-column-is-layout-flow\">\n<figure class=\"wp-block-image size-large\"><img loading=\"lazy\" decoding=\"async\" width=\"650\" height=\"650\" src=\"https:\/\/communityfoundations.ca\/wp-content\/uploads\/2020\/08\/Cerina-Dubois-Lee-e1598293659588.jpg\" alt=\"\" class=\"wp-image-26716\" srcset=\"https:\/\/communityfoundations.ca\/wp-content\/uploads\/2020\/08\/Cerina-Dubois-Lee-e1598293659588.jpg 650w, https:\/\/communityfoundations.ca\/wp-content\/uploads\/2020\/08\/Cerina-Dubois-Lee-e1598293659588-300x300.jpg 300w, https:\/\/communityfoundations.ca\/wp-content\/uploads\/2020\/08\/Cerina-Dubois-Lee-e1598293659588-150x150.jpg 150w\" sizes=\"auto, (max-width: 650px) 100vw, 650px\" \/><\/figure>\n\n\n\n<h3 class=\"wp-block-heading\">Cerina Dubois&nbsp;<\/h3>\n\n\n\n<span><a onclick=\"read_toggle(848129989, 'Read More | Lire la suite', 'Read Less'); return false;\" class=\"read-link\" id=\"readlink848129989\" style=\"readlink\" href=\"#\">Read More | Lire la suite<\/a><\/span>\n<div class=\"read_div\" id=\"read848129989\" style=\"display: none;\">Hello fellow Canadians! <\/p>\n\n\n\n<p>My name is Cerina Dubois and I am from Edmonton, AB. Currently I am studying at Northwestern University, in Chicago for my PhD at the Institute of Public Health &amp; Medicine; while also working as a Research Consultant for the School of Public Health, University of Alberta (back home). I have been studying medical cannabis research for the past 3 years &#8211; and hoping to conduct a cross-border comparative analysis of medical cannabis policies and health outcomes between Canada and the US. During my off hours, I am an avid fitness instructor &#8211; been teaching and coaching for over 10 years. I have been teaching HIIT classes virtually during COVID, and it has been awesome!! It is so motivating to work out with a community of individuals who love to get moving and be active! Can&rsquo;t wait to \u00ab\u00a0e-meet\u00a0\u00bb all of you! (Photo credit: Crystal Pluim Photography) <\/div>\n<\/div>\n\n\n\n<div class=\"wp-block-column is-layout-flow wp-block-column-is-layout-flow\">\n<figure class=\"wp-block-image size-large\"><img loading=\"lazy\" decoding=\"async\" width=\"1024\" height=\"1024\" src=\"https:\/\/communityfoundations.ca\/wp-content\/uploads\/2020\/08\/Dharma-Perez-1024x1024.jpg\" alt=\"\" class=\"wp-image-26718\" srcset=\"https:\/\/communityfoundations.ca\/wp-content\/uploads\/2020\/08\/Dharma-Perez-1024x1024.jpg 1024w, https:\/\/communityfoundations.ca\/wp-content\/uploads\/2020\/08\/Dharma-Perez-300x300.jpg 300w, https:\/\/communityfoundations.ca\/wp-content\/uploads\/2020\/08\/Dharma-Perez-150x150.jpg 150w, https:\/\/communityfoundations.ca\/wp-content\/uploads\/2020\/08\/Dharma-Perez-768x768.jpg 768w, https:\/\/communityfoundations.ca\/wp-content\/uploads\/2020\/08\/Dharma-Perez.jpg 1080w\" sizes=\"auto, (max-width: 1024px) 100vw, 1024px\" \/><\/figure>\n\n\n\n<h3 class=\"wp-block-heading\">Dharma Perez<\/h3>\n\n\n\n<span><a onclick=\"read_toggle(433508307, 'Read More | Lire la suite', 'Read Less'); return false;\" class=\"read-link\" id=\"readlink433508307\" style=\"readlink\" href=\"#\">Read More | Lire la suite<\/a><\/span>\n<div class=\"read_div\" id=\"read433508307\" style=\"display: none;\">Hello Everyone!! My name is Dharma Perez, (she\/her),&nbsp; I am 20 years old.&nbsp; I am a third year Political Science Student at Augustana, Camrose. Currently I am working as a Research Assistant with the ECHO network, and as part of my local Bible camp.&nbsp; I am originally from Venezuela, but moved to rural Alberta about 8 years ago. I came to Canada as a city girl, but ever since I had my share of low-key cowgirl experiences ( no joke, I am a shame for real cowgirls). I am really excited to learn about other people passions as well as to be impacted by different cultures and perspectives (maybe practice my french).<\/div>\n<\/div>\n<\/div>\n\n\n\n<div class=\"wp-block-columns alignwide is-layout-flex wp-container-core-columns-is-layout-9d6595d7 wp-block-columns-is-layout-flex\">\n<div class=\"wp-block-column is-layout-flow wp-block-column-is-layout-flow\">\n<figure class=\"wp-block-image size-large\"><img loading=\"lazy\" decoding=\"async\" width=\"576\" height=\"576\" src=\"https:\/\/communityfoundations.ca\/wp-content\/uploads\/2020\/08\/James-Gregory.jpg\" alt=\"\" class=\"wp-image-26722\" srcset=\"https:\/\/communityfoundations.ca\/wp-content\/uploads\/2020\/08\/James-Gregory.jpg 576w, https:\/\/communityfoundations.ca\/wp-content\/uploads\/2020\/08\/James-Gregory-300x300.jpg 300w, https:\/\/communityfoundations.ca\/wp-content\/uploads\/2020\/08\/James-Gregory-150x150.jpg 150w\" sizes=\"auto, (max-width: 576px) 100vw, 576px\" \/><\/figure>\n\n\n\n<h3 class=\"wp-block-heading\">James Gregory<\/h3>\n\n\n\n<span><a onclick=\"read_toggle(1821900078, 'Read More | Lire la suite', 'Read Less'); return false;\" class=\"read-link\" id=\"readlink1821900078\" style=\"readlink\" href=\"#\">Read More | Lire la suite<\/a><\/span>\n<div class=\"read_div\" id=\"read1821900078\" style=\"display: none;\">Hello Everyone! <\/p>\n\n\n\n<p>My name is James! I&rsquo;m&nbsp; 20 years old.&nbsp; I&rsquo;m from central Alberta,&nbsp; I live in a rural community. I finished high school this year, (Yay!) I&rsquo;m a council member for the National Youth Council for the Boys &amp; Girls Clubs of Canada. I&rsquo;ve been to parliament hill 3 times.&nbsp; Some of my interests and hobbies are politics, computer engineering, and anything tech-related. I&rsquo;m heavily involved in my community and with my local BGC (Boys &amp; Girls Club).&nbsp; I wasn&rsquo;t able to get a grad photo, so here is my photo from my photoshoot in the 6ix (Toronto).&nbsp; God Bless James!<\/div>\n<\/div>\n\n\n\n<div class=\"wp-block-column is-layout-flow wp-block-column-is-layout-flow\">\n<figure class=\"wp-block-image size-large\"><img loading=\"lazy\" decoding=\"async\" width=\"562\" height=\"562\" src=\"https:\/\/communityfoundations.ca\/wp-content\/uploads\/2020\/08\/Raj-Dhaliwal-e1598294882564.jpg\" alt=\"\" class=\"wp-image-26753\" srcset=\"https:\/\/communityfoundations.ca\/wp-content\/uploads\/2020\/08\/Raj-Dhaliwal-e1598294882564.jpg 562w, https:\/\/communityfoundations.ca\/wp-content\/uploads\/2020\/08\/Raj-Dhaliwal-e1598294882564-300x300.jpg 300w, https:\/\/communityfoundations.ca\/wp-content\/uploads\/2020\/08\/Raj-Dhaliwal-e1598294882564-150x150.jpg 150w\" sizes=\"auto, (max-width: 562px) 100vw, 562px\" \/><\/figure>\n\n\n\n<h3 class=\"wp-block-heading\">Raj Dhaliwal<\/h3>\n\n\n\n<span><a onclick=\"read_toggle(665872492, 'Read More | Lire la suite', 'Read Less'); return false;\" class=\"read-link\" id=\"readlink665872492\" style=\"readlink\" href=\"#\">Read More | Lire la suite<\/a><\/span>\n<div class=\"read_div\" id=\"read665872492\" style=\"display: none;\">Hi everyone, amazed to read so many diverse and unique bios!!<\/p>\n\n\n\n<p>My name is Raj Dhaliwal born, raised, and still living in Calgary! I am currently working on launching two startups, one being an on-the-go healthy food concept using cloud connected vending machines (a Youthful Cities 30 Lab idea: <a href=\"http:\/\/easygreens.ca\/\">easygreens.ca<\/a>), and the second a student centric web application that allows students to search, compare, and apply for post secondary programs across Canada, search for jobs and retailer discounts on a single platform!<\/p>\n\n\n\n<p>In regards to my academic background I completed an Urban Studies degree at UCalgary in 2018 and currently pursuing a Sustainable Development MSc at the University of Sussex. Aside from study and startups I am leading the&nbsp; Calgary branch of the United Nations Association in Canada as we work towards creating youth focused programming, and collaborating with organizations and the municipal government to move systemic racism and discrimination conversations towards real action.Lastly I love traveling and gaining new experiences (recently presented on regional revitalization in Taiwan!), love music and writing songs. Looking forward to sharing experiences and learning from and with all of you!!! <\/div>\n<\/div>\n\n\n\n<div class=\"wp-block-column is-layout-flow wp-block-column-is-layout-flow\">\n<figure class=\"wp-block-image size-large\"><img loading=\"lazy\" decoding=\"async\" width=\"671\" height=\"671\" src=\"https:\/\/communityfoundations.ca\/wp-content\/uploads\/2020\/08\/Sree-Nair-e1598294180848.jpg\" alt=\"\" class=\"wp-image-26720\" srcset=\"https:\/\/communityfoundations.ca\/wp-content\/uploads\/2020\/08\/Sree-Nair-e1598294180848.jpg 671w, https:\/\/communityfoundations.ca\/wp-content\/uploads\/2020\/08\/Sree-Nair-e1598294180848-300x300.jpg 300w, https:\/\/communityfoundations.ca\/wp-content\/uploads\/2020\/08\/Sree-Nair-e1598294180848-150x150.jpg 150w\" sizes=\"auto, (max-width: 671px) 100vw, 671px\" \/><\/figure>\n\n\n\n<h3 class=\"wp-block-heading\">Sree Nair<\/h3>\n\n\n\n<span><a onclick=\"read_toggle(745325714, 'Read More | Lire la suite', 'Read Less'); return false;\" class=\"read-link\" id=\"readlink745325714\" style=\"readlink\" href=\"#\">Read More | Lire la suite<\/a><\/span>\n<div class=\"read_div\" id=\"read745325714\" style=\"display: none;\">Hi everyone and nice to meet you all <img loading=\"lazy\" decoding=\"async\" width=\"23\" height=\"23\" alt=\":slightly_smiling_face:\" src=\"https:\/\/lh3.googleusercontent.com\/kESBoJOqhcax42z4TeWf0eQGLcjVCxdeEdQBA1CWqAAWa_98kmoxGnmKC6LlBIDlTtz_A0EjwOZEklEsQkUFwCOi1B99u_-_puBcJze_13XTcARawSxbVtUyCBVPHupNGQ6qfIrs\">&nbsp;<\/p>\n\n\n\n<p>I&rsquo;m Sree Nair (she\/her) and I&rsquo;m 24 years old. I was born in south India and borught up in UAE, but my family and I have been living in Calgary, AB for the past 10 years. I am a first year Master of Public Health student at Queens University and a Bachelor of Science graduate from Mount Royal University.<\/p>\n\n\n\n<p>&nbsp;I am currently completing my practicum placement at The Sandbox Project as a Communications and Policy Coordinator and I am on the advisory board for an Anti-Black Racism project with Wisdom2Action, and Anti-Racism Working group with Queens MPH program. I am also a member of the Young Canadians Roundtable on Health where I work collaboratively with industry, government, research, health practitioners and families to improve health of Young Canadians. With almost 10 years of experience in child and youth leadership programs, I am an avid advocate for health equity and well-being development especially pertaining to racialized and marginalized youth.&nbsp;<\/p>\n\n\n\n<p>Aside from work and school, I am interested in learning more about race and gender-based data and artificial intelligence in health care to advocate for better health systems to improve population health. I am beyond excited to join this group and leverage networks across Canada to collaborate in efforts to advance youth leadership in Canada!<\/div>\n<\/div>\n<\/div>\n\n\n\n<div class=\"wp-block-columns alignwide is-layout-flex wp-container-core-columns-is-layout-9d6595d7 wp-block-columns-is-layout-flex\">\n<div class=\"wp-block-column is-layout-flow wp-block-column-is-layout-flow\">\n<figure class=\"wp-block-image size-large\"><img loading=\"lazy\" decoding=\"async\" width=\"1024\" height=\"1024\" src=\"https:\/\/communityfoundations.ca\/wp-content\/uploads\/2020\/08\/Stacey-Haugen-scaled-e1598294300319-1024x1024.jpg\" alt=\"\" class=\"wp-image-26712\" srcset=\"https:\/\/communityfoundations.ca\/wp-content\/uploads\/2020\/08\/Stacey-Haugen-scaled-e1598294300319-1024x1024.jpg 1024w, https:\/\/communityfoundations.ca\/wp-content\/uploads\/2020\/08\/Stacey-Haugen-scaled-e1598294300319-300x300.jpg 300w, https:\/\/communityfoundations.ca\/wp-content\/uploads\/2020\/08\/Stacey-Haugen-scaled-e1598294300319-150x150.jpg 150w, https:\/\/communityfoundations.ca\/wp-content\/uploads\/2020\/08\/Stacey-Haugen-scaled-e1598294300319-768x768.jpg 768w, https:\/\/communityfoundations.ca\/wp-content\/uploads\/2020\/08\/Stacey-Haugen-scaled-e1598294300319-1536x1536.jpg 1536w, https:\/\/communityfoundations.ca\/wp-content\/uploads\/2020\/08\/Stacey-Haugen-scaled-e1598294300319.jpg 1664w\" sizes=\"auto, (max-width: 1024px) 100vw, 1024px\" \/><\/figure>\n\n\n\n<h3 class=\"wp-block-heading\">Stacey Haugen<\/h3>\n\n\n\n<span><a onclick=\"read_toggle(1554499088, 'Read More | Lire la suite', 'Read Less'); return false;\" class=\"read-link\" id=\"readlink1554499088\" style=\"readlink\" href=\"#\">Read More | Lire la suite<\/a><\/span>\n<div class=\"read_div\" id=\"read1554499088\" style=\"display: none;\">Hi Everyone! <\/p>\n\n\n\n<p>My name is Stacey Haugen (she\/her). I&rsquo;m from Camrose, a small community in central Alberta on Treaty 6 territory, but I have lived and worked across the country. Through my academic and career pursuits, I&rsquo;ve developed a passion for rural development, smaller and northern communities, and supporting and working with refugee newcomers. <\/p>\n\n\n\n<p>I completed my undergraduate degree in political studies at the University of Alberta, before moving to Waterloo, ON to do my MA in Global Governance. I worked in Ottawa for a year on issues of rural refugee resettlement at the International Development Research Centre (IDRC) and at the University of Ottawa on a private refugee sponsorship research project. I&rsquo;ve also worked as a Research Officer with the Alberta Government in northern Alberta, and I&rsquo;m currently a Project Manager at the Alberta Centre for Sustainable Rural Communities. <\/p>\n\n\n\n<p>My husband and I moved back to Camrose in fall 2019 so we could be closer to our families &#8211; and I went back to the University of Alberta to start my PhD in Political Science. I enjoy swimming, road biking, reading, camping and caring for my 4 young siblings!<\/div>\n<\/div>\n\n\n\n<div class=\"wp-block-column is-layout-flow wp-block-column-is-layout-flow\">\n<figure class=\"wp-block-image size-large\"><img loading=\"lazy\" decoding=\"async\" width=\"1024\" height=\"1024\" src=\"https:\/\/communityfoundations.ca\/wp-content\/uploads\/2020\/08\/FFWD-Stock-1024x1024.png\" alt=\"\" class=\"wp-image-26726\" srcset=\"https:\/\/communityfoundations.ca\/wp-content\/uploads\/2020\/08\/FFWD-Stock-1024x1024.png 1024w, https:\/\/communityfoundations.ca\/wp-content\/uploads\/2020\/08\/FFWD-Stock-300x300.png 300w, https:\/\/communityfoundations.ca\/wp-content\/uploads\/2020\/08\/FFWD-Stock-150x150.png 150w, https:\/\/communityfoundations.ca\/wp-content\/uploads\/2020\/08\/FFWD-Stock-768x768.png 768w, https:\/\/communityfoundations.ca\/wp-content\/uploads\/2020\/08\/FFWD-Stock.png 1080w\" sizes=\"auto, (max-width: 1024px) 100vw, 1024px\" \/><\/figure>\n\n\n\n<h3 class=\"wp-block-heading\">Brittany Lausen<\/h3>\n\n\n\n<span><a onclick=\"read_toggle(1042231972, 'Read More | Lire la suite', 'Read Less'); return false;\" class=\"read-link\" id=\"readlink1042231972\" style=\"readlink\" href=\"#\">Read More | Lire la suite<\/a><\/span>\n<div class=\"read_div\" id=\"read1042231972\" style=\"display: none;\">Hi Everyone! My name is Brittany Lausen, pronouns are she\/her. I live in Airdrie, AB which is on treaty 7 territory with my husband of 2 years, Erik, and our fur baby, Sage.<\/p>\n\n\n\n<p>I am a life long learner. I love to learn new things. I am currently taking my Bachelors of Business Administration in General Management with a minor in Finance and Economics from Red Deer College\u2019s Mount Royal University Collaborative program.<\/p>\n\n\n\n<p>I\u2019m President for the Students\u2019 Association of Red Deer College, in my 3rd term as an executive. I love all things student advocacy and I also sit on my Institution\u2019s Board of Governors. I love to volunteer and I love working with children. I have been a volunteer tutor for Learning Disabilities Alberta for over 4 years and I worked at summer camps for 6 years.<\/p>\n\n\n\n<p>I feel extremely lucky to live so close to the Rocky Mountains and on the weekends you can find my hiking or skiing. I also love to travel, my husband and I were supposed to go to Ireland this year before Covid-19 happened.<\/p>\n\n\n\n<p>I\u2019m really looking forward to getting to know everyone better at the summit \ud83d\ude42<\/div>\n<\/div>\n\n\n\n<div class=\"wp-block-column is-layout-flow wp-block-column-is-layout-flow\">\n<figure class=\"wp-block-image size-large\"><img loading=\"lazy\" decoding=\"async\" width=\"1024\" height=\"1024\" src=\"https:\/\/communityfoundations.ca\/wp-content\/uploads\/2020\/08\/Nicole-Jonesabad-1024x1024.jpg\" alt=\"\" class=\"wp-image-26710\" srcset=\"https:\/\/communityfoundations.ca\/wp-content\/uploads\/2020\/08\/Nicole-Jonesabad-1024x1024.jpg 1024w, https:\/\/communityfoundations.ca\/wp-content\/uploads\/2020\/08\/Nicole-Jonesabad-300x300.jpg 300w, https:\/\/communityfoundations.ca\/wp-content\/uploads\/2020\/08\/Nicole-Jonesabad-150x150.jpg 150w, https:\/\/communityfoundations.ca\/wp-content\/uploads\/2020\/08\/Nicole-Jonesabad-768x768.jpg 768w, https:\/\/communityfoundations.ca\/wp-content\/uploads\/2020\/08\/Nicole-Jonesabad-1536x1536.jpg 1536w, https:\/\/communityfoundations.ca\/wp-content\/uploads\/2020\/08\/Nicole-Jonesabad-2048x2048.jpg 2048w\" sizes=\"auto, (max-width: 1024px) 100vw, 1024px\" \/><\/figure>\n\n\n\n<h3 class=\"wp-block-heading\">Nicole Jones-Abad<\/h3>\n\n\n\n<span><a onclick=\"read_toggle(1357053087, 'Read More | Lire la suite', 'Read Less'); return false;\" class=\"read-link\" id=\"readlink1357053087\" style=\"readlink\" href=\"#\">Read More | Lire la suite<\/a><\/span>\n<div class=\"read_div\" id=\"read1357053087\" style=\"display: none;\">Hello everyone! My name is Nicole! I\u2019m a queer + trans woman of colour and use she\/her and\/or they\/them pronouns. I was adopted from Ecuador as a baby, and I currently live in the city of Edmonton, treaty 6 territory or more specifically Amiskwaciy, the traditional land of the Cree, Dene, Blackfoot, Saulteaux, and Nakota Sioux.<\/p>\n\n\n\n<p>In my spare time I help organize, as an administrative coordinator, a collective called \u2018Shades of Colour\u2019 within the city. Shades of Colour is a collective for the QTBIPOC (Queer + Trans, Black, Indigenous, People of Colour) community over here. Most of my work these past years has been within the Queer + Trans commuity. I also dabble in community film making and enjoy nothing more being behind a camera!I\u2019m currently between jobs and trying to reimagine what my future will look like. Trying to find work when your body hurts, when you\u2019re mentally ill , and when you\u2019re in a pandemic, is difficult.<\/div>\n<\/div>\n<\/div>\n\n\n\n<div class=\"wp-block-columns alignwide is-layout-flex wp-container-core-columns-is-layout-9d6595d7 wp-block-columns-is-layout-flex\">\n<div class=\"wp-block-column is-layout-flow wp-block-column-is-layout-flow\">\n<figure class=\"wp-block-image size-large\"><img loading=\"lazy\" decoding=\"async\" width=\"843\" height=\"844\" src=\"https:\/\/communityfoundations.ca\/wp-content\/uploads\/2020\/08\/116568794_10218990933069347_4646045215717687860_n.jpg\" alt=\"\" class=\"wp-image-27119\" srcset=\"https:\/\/communityfoundations.ca\/wp-content\/uploads\/2020\/08\/116568794_10218990933069347_4646045215717687860_n.jpg 843w, https:\/\/communityfoundations.ca\/wp-content\/uploads\/2020\/08\/116568794_10218990933069347_4646045215717687860_n-300x300.jpg 300w, https:\/\/communityfoundations.ca\/wp-content\/uploads\/2020\/08\/116568794_10218990933069347_4646045215717687860_n-150x150.jpg 150w, https:\/\/communityfoundations.ca\/wp-content\/uploads\/2020\/08\/116568794_10218990933069347_4646045215717687860_n-768x769.jpg 768w\" sizes=\"auto, (max-width: 843px) 100vw, 843px\" \/><\/figure>\n\n\n\n<h3 class=\"wp-block-heading\">Hailey McCullough<\/h3>\n\n\n\n<span><a onclick=\"read_toggle(1649284804, 'Read More | Lire la suite', 'Read Less'); return false;\" class=\"read-link\" id=\"readlink1649284804\" style=\"readlink\" href=\"#\">Read More | Lire la suite<\/a><\/span>\n<div class=\"read_div\" id=\"read1649284804\" style=\"display: none;\">Hey all you cool cats and kittens! My name is Hailey McCullough, and I&rsquo;m a librarian in Grande Prairie, AB. I&rsquo;m originally from London, ON, where I did my BA in English Lit\/Creative Writing and Master&rsquo;s in Library &amp; Information Science at Western University before moving to Labrador to kick off my library career. In my current position, I get to pursue really cool special projects and grants, like Project: Full Stop, which sees free period products in all of the library&rsquo;s washrooms. When I&rsquo;m not working, I&rsquo;m volunteering at my new gig as a researcher for a missing persons non-profit who specializes in cold cases. Looking forward to chatting with you all&nbsp;<img loading=\"lazy\" decoding=\"async\" width=\"23\" height=\"23\" alt=\":slightly_smiling_face:\" src=\"https:\/\/lh6.googleusercontent.com\/1BPrbDx1ITjvI4N42xkwiku0xG9q0CfWkxrtLDnhcxcr7RS3I0v2cBNWdTGTvtFm2A-SFbpugeZkg8v_9EZ0mya1Wao8jyR8esPe5wOIYTtyqcPg4oc30eaovsV3DMssBJArqS1y\"><\/div>\n<\/div>\n\n\n\n<div class=\"wp-block-column is-layout-flow wp-block-column-is-layout-flow\"><\/div>\n\n\n\n<div class=\"wp-block-column is-layout-flow wp-block-column-is-layout-flow\"><\/div>\n<\/div>\n\n\n\n<a name=\"BC\"><h2>Colombie-Britannique<\/h2><\/a>\n\n\n\n<div class=\"wp-block-columns alignwide is-layout-flex wp-container-core-columns-is-layout-9d6595d7 wp-block-columns-is-layout-flex\">\n<div class=\"wp-block-column is-layout-flow wp-block-column-is-layout-flow\">\n<figure class=\"wp-block-image size-large\"><img loading=\"lazy\" decoding=\"async\" width=\"737\" height=\"737\" src=\"https:\/\/communityfoundations.ca\/wp-content\/uploads\/2020\/08\/Alice-Henry-1.jpg\" alt=\"\" class=\"wp-image-26751\" srcset=\"https:\/\/communityfoundations.ca\/wp-content\/uploads\/2020\/08\/Alice-Henry-1.jpg 737w, https:\/\/communityfoundations.ca\/wp-content\/uploads\/2020\/08\/Alice-Henry-1-300x300.jpg 300w, https:\/\/communityfoundations.ca\/wp-content\/uploads\/2020\/08\/Alice-Henry-1-150x150.jpg 150w\" sizes=\"auto, (max-width: 737px) 100vw, 737px\" \/><\/figure>\n\n\n\n<h3 class=\"wp-block-heading\">Alice Henry<\/h3>\n\n\n\n<span><a onclick=\"read_toggle(535730812, 'Read More | Lire la suite', 'Read Less'); return false;\" class=\"read-link\" id=\"readlink535730812\" style=\"readlink\" href=\"#\">Read More | Lire la suite<\/a><\/span>\n<div class=\"read_div\" id=\"read535730812\" style=\"display: none;\">Hi folx! My name is Alice Henry, and I moved to the unceded, traditional, and ancestral territories of the Squamish, Musqueam and Tsleil-Watuth otherwise known as Vancouver from Chicago (Potawatomi territories) to do my MSc at UBC. After completing my Masters, I have stayed here on a post-grad work permit and am in the process of applying for PR. I am an Ashkenazi (of European descent) Jewish woman that works in environmental\/sustainability fields and on youth leadership and empowerment.<\/p>\n\n\n\n<p>I&rsquo;m the Senior Program Manager for Elements Society, an environmental education charity in BC and AB, and the Project and Communications Coordinator for the Share Reuse Repair Initiative. Most of my work is focused on zero waste and the circular economy. Very excited to be focusing on Right to Repair advocacy and planning an <em>inclusive<\/em> and <em>just<\/em> SRR Economic Recovery strategy.<\/p>\n\n\n\n<p>I also founded Stoke Socials, a series of social events to bring young changemakers together outside of professional contexts to connect as people and provide support to one another as this work is taxing, especially when your heart is so in it. I&rsquo;m also a dragonboat\/outrigger canoe\/marathon canoe paddler and love hiking, camping, and connecting with the land and waters.<\/div>\n<\/div>\n\n\n\n<div class=\"wp-block-column is-layout-flow wp-block-column-is-layout-flow\">\n<figure class=\"wp-block-image size-large\"><img loading=\"lazy\" decoding=\"async\" width=\"1024\" height=\"1024\" src=\"https:\/\/communityfoundations.ca\/wp-content\/uploads\/2020\/08\/Caitlin-Hall-Sharp-e1598294958917-1024x1024.png\" alt=\"\" class=\"wp-image-26744\" srcset=\"https:\/\/communityfoundations.ca\/wp-content\/uploads\/2020\/08\/Caitlin-Hall-Sharp-e1598294958917-1024x1024.png 1024w, https:\/\/communityfoundations.ca\/wp-content\/uploads\/2020\/08\/Caitlin-Hall-Sharp-e1598294958917-300x300.png 300w, https:\/\/communityfoundations.ca\/wp-content\/uploads\/2020\/08\/Caitlin-Hall-Sharp-e1598294958917-150x150.png 150w, https:\/\/communityfoundations.ca\/wp-content\/uploads\/2020\/08\/Caitlin-Hall-Sharp-e1598294958917-768x768.png 768w, https:\/\/communityfoundations.ca\/wp-content\/uploads\/2020\/08\/Caitlin-Hall-Sharp-e1598294958917.png 1078w\" sizes=\"auto, (max-width: 1024px) 100vw, 1024px\" \/><\/figure>\n\n\n\n<h3 class=\"wp-block-heading\">Caitlin Hall-Sharp<\/h3>\n\n\n\n<span><a onclick=\"read_toggle(1738417420, 'Read More | Lire la suite', 'Read Less'); return false;\" class=\"read-link\" id=\"readlink1738417420\" style=\"readlink\" href=\"#\">Read More | Lire la suite<\/a><\/span>\n<div class=\"read_div\" id=\"read1738417420\" style=\"display: none;\">Hello!<\/p>\n\n\n\n<p>My name is Caitlin and I am from small-town Invermere, BC. I completed my BBA from Thompson Rivers University in Kamloops, BC. I have worked in recruitment, human resources, and change management. My current position is as the Executive Director of the Columbia Valley Community Foundation.<\/p>\n\n\n\n<p>I am passionate about leadership development; I have built conferences and development programs in high school, university, and in the community. As a member of Rotary, I Chaired the Southern Alberta District 5360 Rotary Youth Leadership Award (RYLA) program for a 3 year term.<\/p>\n\n\n\n<p>I am also a wife (6 years strong!), a mama (2 daughters), a sister, and daughter.<\/div>\n<\/div>\n\n\n\n<div class=\"wp-block-column is-layout-flow wp-block-column-is-layout-flow\">\n<figure class=\"wp-block-image size-large\"><img loading=\"lazy\" decoding=\"async\" width=\"1024\" height=\"1024\" src=\"https:\/\/communityfoundations.ca\/wp-content\/uploads\/2020\/08\/Jeremiah-DuBovis-scaled-e1598295022832-1024x1024.jpg\" alt=\"\" class=\"wp-image-26742\" srcset=\"https:\/\/communityfoundations.ca\/wp-content\/uploads\/2020\/08\/Jeremiah-DuBovis-scaled-e1598295022832-1024x1024.jpg 1024w, https:\/\/communityfoundations.ca\/wp-content\/uploads\/2020\/08\/Jeremiah-DuBovis-scaled-e1598295022832-300x300.jpg 300w, https:\/\/communityfoundations.ca\/wp-content\/uploads\/2020\/08\/Jeremiah-DuBovis-scaled-e1598295022832-150x150.jpg 150w, https:\/\/communityfoundations.ca\/wp-content\/uploads\/2020\/08\/Jeremiah-DuBovis-scaled-e1598295022832-768x768.jpg 768w, https:\/\/communityfoundations.ca\/wp-content\/uploads\/2020\/08\/Jeremiah-DuBovis-scaled-e1598295022832-1536x1536.jpg 1536w, https:\/\/communityfoundations.ca\/wp-content\/uploads\/2020\/08\/Jeremiah-DuBovis-scaled-e1598295022832.jpg 1920w\" sizes=\"auto, (max-width: 1024px) 100vw, 1024px\" \/><\/figure>\n\n\n\n<h3 class=\"wp-block-heading\">Jeremiah DuBovis<\/h3>\n\n\n\n<span><a onclick=\"read_toggle(1729674389, 'Read More | Lire la suite', 'Read Less'); return false;\" class=\"read-link\" id=\"readlink1729674389\" style=\"readlink\" href=\"#\">Read More | Lire la suite<\/a><\/span>\n<div class=\"read_div\" id=\"read1729674389\" style=\"display: none;\">Hello all! <\/p>\n\n\n\n<p>My name is Jeremiah DuBovis (he\/him), but most call me Jerry because Jeremiah is four syllables too many for most. While I currently live in Vancouver, BC, I was raised in sunny Arizona. I moved to Vancouver in 2017 to enrol at UBC. I am currently going into my final year within the faculty of Land and Food Systems, and my degree is going to be focused on soil ecology. Moving from Arizona to Vancouver was a really drastic change for me, both environmentally and socially, and I have really learned to love this city and Canada at large. I hope to be able to obtain permanent residency and go to grad school here in Canada some day.<\/p>\n\n\n\n<p>I have had the honour to volunteer with Environmental Youth Alliance, LocalFirst Arizona, and Trees Matter to promote community gardening and waste management within cities. Cities are habitats just like forests and reefs, and they require just as much restoration as any other ecosystem. I cannot wait to learn from all the brilliant and talented people in this group. I especially look forward to hearing different people&rsquo;s perspectives on all kinds of different phenomena as they pertain to cities.<\/p>\n\n\n\n<p>I know this is long but one more thing: I flipping love music. I play guitar, piano, and the mandolin (though I definitely a novice at that), and I love jamming with people. I even teach music in my spare time.<\/div>\n<\/div>\n<\/div>\n\n\n\n<div class=\"wp-block-columns alignwide is-layout-flex wp-container-core-columns-is-layout-9d6595d7 wp-block-columns-is-layout-flex\">\n<div class=\"wp-block-column is-layout-flow wp-block-column-is-layout-flow\">\n<figure class=\"wp-block-image size-large\"><img loading=\"lazy\" decoding=\"async\" width=\"1024\" height=\"1024\" src=\"https:\/\/communityfoundations.ca\/wp-content\/uploads\/2020\/08\/Leejoo-Hwang-1024x1024.jpeg\" alt=\"\" class=\"wp-image-26738\" srcset=\"https:\/\/communityfoundations.ca\/wp-content\/uploads\/2020\/08\/Leejoo-Hwang-1024x1024.jpeg 1024w, https:\/\/communityfoundations.ca\/wp-content\/uploads\/2020\/08\/Leejoo-Hwang-300x300.jpeg 300w, https:\/\/communityfoundations.ca\/wp-content\/uploads\/2020\/08\/Leejoo-Hwang-150x150.jpeg 150w, https:\/\/communityfoundations.ca\/wp-content\/uploads\/2020\/08\/Leejoo-Hwang-768x768.jpeg 768w, https:\/\/communityfoundations.ca\/wp-content\/uploads\/2020\/08\/Leejoo-Hwang-1536x1536.jpeg 1536w, https:\/\/communityfoundations.ca\/wp-content\/uploads\/2020\/08\/Leejoo-Hwang-2048x2048.jpeg 2048w\" sizes=\"auto, (max-width: 1024px) 100vw, 1024px\" \/><\/figure>\n\n\n\n<h3 class=\"wp-block-heading\">Leejoo Hwang<\/h3>\n\n\n\n<span><a onclick=\"read_toggle(883076277, 'Read More | Lire la suite', 'Read Less'); return false;\" class=\"read-link\" id=\"readlink883076277\" style=\"readlink\" href=\"#\">Read More | Lire la suite<\/a><\/span>\n<div class=\"read_div\" id=\"read883076277\" style=\"display: none;\">Hi everyone, it is a pleasure to be part of an exciting group with so many amazing youth.<\/p>\n\n\n\n<p>Leejoo Hwang is a fourth-year student at Simon Fraser University pursuing a certificate in Sustainable Community Development and a BBA in Sustainable Business. With a strong commitment to the triple bottom line, ecological, social, and economical sustainability, he believes in solving world issues through entrepreneurship and business. Leejoo co-founded MeaningfulWork, a web application that integrates social impact into the fabric of corporate work by matching employee volunteer to non-profits. Leejoo is a Watson and Ford Scholar and also sits as a youth advisor for Health Canada and RCMP.<\/div>\n<\/div>\n\n\n\n<div class=\"wp-block-column is-layout-flow wp-block-column-is-layout-flow\">\n<figure class=\"wp-block-image size-large\"><img loading=\"lazy\" decoding=\"async\" width=\"1024\" height=\"1024\" src=\"https:\/\/communityfoundations.ca\/wp-content\/uploads\/2020\/08\/Noor-Fadel-scaled-e1598295166289-1024x1024.jpg\" alt=\"\" class=\"wp-image-26736\" srcset=\"https:\/\/communityfoundations.ca\/wp-content\/uploads\/2020\/08\/Noor-Fadel-scaled-e1598295166289-1024x1024.jpg 1024w, https:\/\/communityfoundations.ca\/wp-content\/uploads\/2020\/08\/Noor-Fadel-scaled-e1598295166289-300x300.jpg 300w, https:\/\/communityfoundations.ca\/wp-content\/uploads\/2020\/08\/Noor-Fadel-scaled-e1598295166289-150x150.jpg 150w, https:\/\/communityfoundations.ca\/wp-content\/uploads\/2020\/08\/Noor-Fadel-scaled-e1598295166289-768x768.jpg 768w, https:\/\/communityfoundations.ca\/wp-content\/uploads\/2020\/08\/Noor-Fadel-scaled-e1598295166289-1536x1536.jpg 1536w, https:\/\/communityfoundations.ca\/wp-content\/uploads\/2020\/08\/Noor-Fadel-scaled-e1598295166289.jpg 1920w\" sizes=\"auto, (max-width: 1024px) 100vw, 1024px\" \/><\/figure>\n\n\n\n<h3 class=\"wp-block-heading\">Noor Fadel<\/h3>\n\n\n\n<span><a onclick=\"read_toggle(1289830365, 'Read More | Lire la suite', 'Read Less'); return false;\" class=\"read-link\" id=\"readlink1289830365\" style=\"readlink\" href=\"#\">Read More | Lire la suite<\/a><\/span>\n<div class=\"read_div\" id=\"read1289830365\" style=\"display: none;\">Hi everyone! <\/p>\n\n\n\n<p>My name is Noor Fadel my pronouns are she\/her I am born and raised in beautiful British Columbia but my family and I are originally from beautiful Baghdad Iraq. I am currently studying the associate of arts degree for Peace and Conflict studies and hoping to continue my education in Law. I am a passionate poet and public speaker. Many of my talks and events are circled around the important topics of racism and discrimination in Canada as well as the reality of Violence and violence online towards People of colour as well as gendered violence. I love poetry and making hand crafted polymer clay earrings and current TV show I\u2019m watching is the blacklist !!! I\u2019m so looking forward to being apart of such an opportunity and excited to connect with you incredible people as well. <\/div>\n<\/div>\n\n\n\n<div class=\"wp-block-column is-layout-flow wp-block-column-is-layout-flow\">\n<figure class=\"wp-block-image size-large\"><img loading=\"lazy\" decoding=\"async\" width=\"1024\" height=\"1024\" src=\"https:\/\/communityfoundations.ca\/wp-content\/uploads\/2020\/08\/AJ-Stewart-scaled-e1598969970685-1024x1024.jpg\" alt=\"\" class=\"wp-image-26747\" srcset=\"https:\/\/communityfoundations.ca\/wp-content\/uploads\/2020\/08\/AJ-Stewart-scaled-e1598969970685-1024x1024.jpg 1024w, https:\/\/communityfoundations.ca\/wp-content\/uploads\/2020\/08\/AJ-Stewart-scaled-e1598969970685-300x300.jpg 300w, https:\/\/communityfoundations.ca\/wp-content\/uploads\/2020\/08\/AJ-Stewart-scaled-e1598969970685-150x150.jpg 150w, https:\/\/communityfoundations.ca\/wp-content\/uploads\/2020\/08\/AJ-Stewart-scaled-e1598969970685-768x768.jpg 768w, https:\/\/communityfoundations.ca\/wp-content\/uploads\/2020\/08\/AJ-Stewart-scaled-e1598969970685-1536x1536.jpg 1536w, https:\/\/communityfoundations.ca\/wp-content\/uploads\/2020\/08\/AJ-Stewart-scaled-e1598969970685.jpg 1875w\" sizes=\"auto, (max-width: 1024px) 100vw, 1024px\" \/><\/figure>\n\n\n\n<h3 class=\"wp-block-heading\">AJ Stewart<\/h3>\n\n\n\n<span><a onclick=\"read_toggle(249090433, 'Read More | Lire la suite', 'Read Less'); return false;\" class=\"read-link\" id=\"readlink249090433\" style=\"readlink\" href=\"#\">Read More | Lire la suite<\/a><\/span>\n<div class=\"read_div\" id=\"read249090433\" style=\"display: none;\">Hi Folks! AJ here! (They\/Them &#8211; still figuring this bit out haha <img loading=\"lazy\" decoding=\"async\" width=\"23\" height=\"23\" alt=\":man-shrugging:\" src=\"https:\/\/lh5.googleusercontent.com\/9wa7zfbbrH5i9ulIoHFMn2pFBt3P_h4wcDNYTxSexIIuTPERtwOeL7DVTDmllPba99OPdzCfbK2VvOzSJuXXYgAaxnKZX42-AwI6TG0q3KYJK_H6FoYau6OJEHbnXQDqaVQQdaE0\"><img loading=\"lazy\" decoding=\"async\" width=\"23\" height=\"23\" alt=\":woman-shrugging:\" src=\"https:\/\/lh5.googleusercontent.com\/pnVqQs-SY_hcR4yX97pwas6WDMDdRI3YhyJjiWFKBGCt975-12jr5a1xHvYWrLzgeNkDkGf6GhluTUl-PYYIKDCQB0ItERWL5_x_Qs_hWanIwS0BKctqnAZvrHdL1UVfpAM5LYvz\">) I am from Coquitlam(Metro Vancouver), BC and am excited to be connecting with you lot! I work in community recreation currently as an Advanced Aquatic Instructor and Aquatic Supervisor, am studying health sciences, and am a recent paramedic (PCP) graduate, about to start with BC Ambulance. I am very passionate about working in health care and mental health support, as well as in areas surrounding LGBTQ+ initiatives and affordable housing. I am a senior volunteer at a mental health crisis line(1800SUICIDE, etc), as well as a medical outreach lead volunteer on the Downtown Eastside of Vancouver, providing medical, emergency, and social outreach to the low income\/street community there.&nbsp;As for the stuff on the side, I really enjoy baking(cupcakes are my specialty!), swimming, hanging with my niece, and will likely never say no to playing a board game! Excited to be collaborating with such a diverse group of people!<\/div>\n<\/div>\n<\/div>\n\n\n\n<div class=\"wp-block-columns alignwide is-layout-flex wp-container-core-columns-is-layout-9d6595d7 wp-block-columns-is-layout-flex\">\n<div class=\"wp-block-column is-layout-flow wp-block-column-is-layout-flow\">\n<figure class=\"wp-block-image size-large\"><img loading=\"lazy\" decoding=\"async\" width=\"1024\" height=\"1024\" src=\"https:\/\/communityfoundations.ca\/wp-content\/uploads\/2020\/08\/FFWD-Stock-1024x1024.png\" alt=\"\" class=\"wp-image-26726\" srcset=\"https:\/\/communityfoundations.ca\/wp-content\/uploads\/2020\/08\/FFWD-Stock-1024x1024.png 1024w, https:\/\/communityfoundations.ca\/wp-content\/uploads\/2020\/08\/FFWD-Stock-300x300.png 300w, https:\/\/communityfoundations.ca\/wp-content\/uploads\/2020\/08\/FFWD-Stock-150x150.png 150w, https:\/\/communityfoundations.ca\/wp-content\/uploads\/2020\/08\/FFWD-Stock-768x768.png 768w, https:\/\/communityfoundations.ca\/wp-content\/uploads\/2020\/08\/FFWD-Stock.png 1080w\" sizes=\"auto, (max-width: 1024px) 100vw, 1024px\" \/><\/figure>\n\n\n\n<h3 class=\"wp-block-heading\">Rafe Hannan<\/h3>\n\n\n\n<span><a onclick=\"read_toggle(1545064601, 'Read More | Lire la suite', 'Read Less'); return false;\" class=\"read-link\" id=\"readlink1545064601\" style=\"readlink\" href=\"#\">Read More | Lire la suite<\/a><\/span>\n<div class=\"read_div\" id=\"read1545064601\" style=\"display: none;\">Hi everyone! I am Rafe, a researcher by profession. Born and raised in Bangladesh, a small country neighboring India, I have been working as a researcher for over three years in Bangladesh. I finished my BSc. in Economics in 2018 and will be completing my MA in Economics from Simon Fraser University. I am very passionate about issues pertaining to social justice. Most of my research works have been centered on issues such as the impact of technology on labor contracts. I also love documenting and photographing bugs. Really excited to hear from everyone at this summit and contribute in a meaningful way towards shaping the future of work.<\/div>\n<\/div>\n\n\n\n<div class=\"wp-block-column is-layout-flow wp-block-column-is-layout-flow\">\n<figure class=\"wp-block-image size-large\"><img loading=\"lazy\" decoding=\"async\" width=\"1024\" height=\"1024\" src=\"https:\/\/communityfoundations.ca\/wp-content\/uploads\/2020\/08\/FFWD-Stock-1024x1024.png\" alt=\"\" class=\"wp-image-26726\" srcset=\"https:\/\/communityfoundations.ca\/wp-content\/uploads\/2020\/08\/FFWD-Stock-1024x1024.png 1024w, https:\/\/communityfoundations.ca\/wp-content\/uploads\/2020\/08\/FFWD-Stock-300x300.png 300w, https:\/\/communityfoundations.ca\/wp-content\/uploads\/2020\/08\/FFWD-Stock-150x150.png 150w, https:\/\/communityfoundations.ca\/wp-content\/uploads\/2020\/08\/FFWD-Stock-768x768.png 768w, https:\/\/communityfoundations.ca\/wp-content\/uploads\/2020\/08\/FFWD-Stock.png 1080w\" sizes=\"auto, (max-width: 1024px) 100vw, 1024px\" \/><\/figure>\n\n\n\n<h3 class=\"wp-block-heading\">Samantha Clement<\/h3>\n\n\n\n<span><a onclick=\"read_toggle(1382699953, 'Read More | Lire la suite', 'Read Less'); return false;\" class=\"read-link\" id=\"readlink1382699953\" style=\"readlink\" href=\"#\">Read More | Lire la suite<\/a><\/span>\n<div class=\"read_div\" id=\"read1382699953\" style=\"display: none;\">Hello beautiful humans! So grateful for this opportunity and looking forward to connecting with all of you!<\/p>\n\n\n\n<p>My name is Sam &#8211; I was born and raised in the GTA but am in the process of moving to BC Interior.<\/p>\n\n\n\n<p>Mental Health crises among youth and young adults are reaching epidemic proportions. Accessing care in our current system can be as frustrating and painful as symptoms themselves. Our system is failing and the consequences are fatal. Thankfully perceptions and treatment options for mental health and addiction are changing &#8211; community based programs are finally getting the attention and funding they need. Many of these programs involve people with lived experience and as a result effective programs are becoming available and supporting the shifts required to address systemic barriers in health care, criminal justice and social service industries.&nbsp;&nbsp;<\/p>\n\n\n\n<p>As a person with lived experience, I understand how difficult it can be trying to navigate the healthcare system when we are unwell. At the best of times, it can be overwhelming, at the worst of times it can feel utterly impossible. I have chosen to dedicate my career to initiatives that help alleviate the distress of trying to navigate a dysfunctional system and support integration of peer support workers transition to patient-centered care. I am working on a front-line community based program in Peterborough in response to the Opioid epidemic &#8211; it is called a Different approach &#8211; our goal is to offer a different approach &#8211; that works for everyone, and with everyone.<\/div>\n<\/div>\n\n\n\n<div class=\"wp-block-column is-layout-flow wp-block-column-is-layout-flow\">\n<figure class=\"wp-block-image size-large\"><img loading=\"lazy\" decoding=\"async\" width=\"1024\" height=\"1024\" src=\"https:\/\/communityfoundations.ca\/wp-content\/uploads\/2020\/08\/Shalen-Chen-scaled-e1598295453449-1024x1024.jpg\" alt=\"\" class=\"wp-image-26740\" srcset=\"https:\/\/communityfoundations.ca\/wp-content\/uploads\/2020\/08\/Shalen-Chen-scaled-e1598295453449-1024x1024.jpg 1024w, https:\/\/communityfoundations.ca\/wp-content\/uploads\/2020\/08\/Shalen-Chen-scaled-e1598295453449-300x300.jpg 300w, https:\/\/communityfoundations.ca\/wp-content\/uploads\/2020\/08\/Shalen-Chen-scaled-e1598295453449-150x150.jpg 150w, https:\/\/communityfoundations.ca\/wp-content\/uploads\/2020\/08\/Shalen-Chen-scaled-e1598295453449-768x768.jpg 768w, https:\/\/communityfoundations.ca\/wp-content\/uploads\/2020\/08\/Shalen-Chen-scaled-e1598295453449-1536x1536.jpg 1536w, https:\/\/communityfoundations.ca\/wp-content\/uploads\/2020\/08\/Shalen-Chen-scaled-e1598295453449-2048x2048.jpg 2048w\" sizes=\"auto, (max-width: 1024px) 100vw, 1024px\" \/><\/figure>\n\n\n\n<h3 class=\"wp-block-heading\">Shalen Chen<\/h3>\n\n\n\n<span><a onclick=\"read_toggle(1476567938, 'Read More | Lire la suite', 'Read Less'); return false;\" class=\"read-link\" id=\"readlink1476567938\" style=\"readlink\" href=\"#\">Read More | Lire la suite<\/a><\/span>\n<div class=\"read_div\" id=\"read1476567938\" style=\"display: none;\">Hi Everyone! My name is Shalen (she\/her), and I was born and raised in Burnaby, BC on the traditional, unceded Coast Salish Lands of the Musqueam, Tsleil-Waututh and Squamish Nations. I am currently in my last year of my bachelor\u2019s degree in Global Resource Systems at the University of British Columbia and specializing in sustainable development and social justice. My work experience includes research on green buildings and sustainable energy systems with UBC Sustainability Initiative, and this past year I have been on co-op with Environment and Climate Change Canada. I am very passionate about the intersections between climate change, systemic racism, and urban sustainability, and I hope to pursue a master\u2019s degree in Urban Planning or Public Policy. As a second generation Taiwanese-Canadian, I am really interested in ways we can empower and dismantle barriers for BIPOC to get directly involved in the decision-making processes of their communities.<\/p>\n\n\n\n<p>Outside of school and work, my recent quarantine hobbies include yoga, plant-based cooking, and attempting to read all my ebook loans before they expire. I am really excited to participate in this year\u2019s summit, and I look forward to hearing and sharing perspectives with such a diverse group of youth across Canada!&nbsp;<\/div>\n<\/div>\n<\/div>\n\n\n\n<div class=\"wp-block-columns alignwide is-layout-flex wp-container-core-columns-is-layout-9d6595d7 wp-block-columns-is-layout-flex\">\n<div class=\"wp-block-column is-layout-flow wp-block-column-is-layout-flow\">\n<figure class=\"wp-block-image size-large\"><img loading=\"lazy\" decoding=\"async\" width=\"846\" height=\"849\" src=\"https:\/\/communityfoundations.ca\/wp-content\/uploads\/2020\/09\/ShondraMings.jpeg\" alt=\"\" class=\"wp-image-27142\" srcset=\"https:\/\/communityfoundations.ca\/wp-content\/uploads\/2020\/09\/ShondraMings.jpeg 846w, https:\/\/communityfoundations.ca\/wp-content\/uploads\/2020\/09\/ShondraMings-300x300.jpeg 300w, https:\/\/communityfoundations.ca\/wp-content\/uploads\/2020\/09\/ShondraMings-150x150.jpeg 150w, https:\/\/communityfoundations.ca\/wp-content\/uploads\/2020\/09\/ShondraMings-768x771.jpeg 768w\" sizes=\"auto, (max-width: 846px) 100vw, 846px\" \/><\/figure>\n\n\n\n<h3 class=\"wp-block-heading\">Shondra Mings<\/h3>\n\n\n\n<span><a onclick=\"read_toggle(331110234, 'Read More | Lire la suite', 'Read Less'); return false;\" class=\"read-link\" id=\"readlink331110234\" style=\"readlink\" href=\"#\">Read More | Lire la suite<\/a><\/span>\n<div class=\"read_div\" id=\"read331110234\" style=\"display: none;\">Hello everyone,<\/p>\n\n\n\n<p>My name is Shondra Mings and I grew up in Thorold, Ontario, but now call Ottawa home. I have a passion for supporting youth, the arts, travelling and social justice. Since a young age I\u2019ve held an interest in issues of race relations and equity which I largely attribute to my experiences as a first-generation Jamaican-Bajan Canadian. I intentionally pursued an undergraduate degree that would enhance my understanding of institutionalized racism. At the University of Ottawa my classes encouraged me to critically reflect on how perceptions and discourses on identity can have negative ramifications on people\u2019s socio-economic opportunities. I also completed at Bachelor of Education at Queen\u2019s University. I have become very interested in policies, discussions and collaboration with community partners to make Ottawa and Canada as a whole more inclusive.<\/p>\n\n\n\n<p>I currently work at the University of Ottawa as a Guidance Counsellor where I help students work towards obtaining their career goals. When I am not working, I am an avid student of dance, violin and piano and enjoy being involved with local musical theater productions. I am eager to attend this conference and learn from participants across Canada.<\/div>\n<\/div>\n\n\n\n<div class=\"wp-block-column is-layout-flow wp-block-column-is-layout-flow\">\n<figure class=\"wp-block-image size-large\"><img loading=\"lazy\" decoding=\"async\" width=\"1024\" height=\"1024\" src=\"https:\/\/communityfoundations.ca\/wp-content\/uploads\/2020\/08\/Peggy-Chen_Headshot-scaled-e1598474274317-1024x1024.jpg\" alt=\"\" class=\"wp-image-26732\" srcset=\"https:\/\/communityfoundations.ca\/wp-content\/uploads\/2020\/08\/Peggy-Chen_Headshot-scaled-e1598474274317-1024x1024.jpg 1024w, https:\/\/communityfoundations.ca\/wp-content\/uploads\/2020\/08\/Peggy-Chen_Headshot-scaled-e1598474274317-300x300.jpg 300w, https:\/\/communityfoundations.ca\/wp-content\/uploads\/2020\/08\/Peggy-Chen_Headshot-scaled-e1598474274317-150x150.jpg 150w, https:\/\/communityfoundations.ca\/wp-content\/uploads\/2020\/08\/Peggy-Chen_Headshot-scaled-e1598474274317-768x768.jpg 768w, https:\/\/communityfoundations.ca\/wp-content\/uploads\/2020\/08\/Peggy-Chen_Headshot-scaled-e1598474274317-1536x1536.jpg 1536w, https:\/\/communityfoundations.ca\/wp-content\/uploads\/2020\/08\/Peggy-Chen_Headshot-scaled-e1598474274317.jpg 1920w\" sizes=\"auto, (max-width: 1024px) 100vw, 1024px\" \/><\/figure>\n\n\n\n<h3 class=\"wp-block-heading\">Peggy Chen<\/h3>\n\n\n\n<span><a onclick=\"read_toggle(1050007929, 'Read More | Lire la suite', 'Read Less'); return false;\" class=\"read-link\" id=\"readlink1050007929\" style=\"readlink\" href=\"#\">Read More | Lire la suite<\/a><\/span>\n<div class=\"read_div\" id=\"read1050007929\" style=\"display: none;\">Hi friends <img loading=\"lazy\" decoding=\"async\" width=\"23\" height=\"23\" alt=\":wave:\" src=\"https:\/\/lh3.googleusercontent.com\/N1JeQ6gI6R13rqL06GFuVV4VWVnx1GZnn4mmSgwz9doJMFZ8zINlVAkPJIeB77HMf7t-2xW2WXR6bT-v53S3nespD_QeprBQflDD2R5T5yC1RI5fv3HbrVEdY9Fc2DZFHaXPAPTu\"> My name is Peggy Chen (she\/her). I am a first-generation Taiwanese-Canadian, born in Taipei and now living in Vancouver, on the unceded territories of the Musqueam, Skxw\u00fa7mesh, and Tsleil-Waututh Nations. I am an avid book-reader, amateur baker, and notebook collector. My interests are centred on racial equity, cultural identity and belonging, and reimagining civic and political engagement spaces for newcomer and BIPOC communities. I am a Board Member of the YWCA Canada, a Steering Committee Member of Girls20&rsquo;s Girls on Boards program, and I am part of the Vancouver School Board\u2019s Community Schools Team, bridging the gap between schools and neighbourhood hubs.<img loading=\"lazy\" decoding=\"async\" width=\"23\" height=\"23\" alt=\":dumpling:\" src=\"https:\/\/lh6.googleusercontent.com\/4ZrRIu5AKDPvdvb_zuOYxCfSGP6IWcUtKxZmYQZsKWn-3A69IktyOjywdvDUQQEyn7JSY3cDy1y1Z6qvgogCQper8sg0JA-9WD86UO76MXHDdb3dg_G73Wqz9Yc1TFX1QNJEPaMc\"><img loading=\"lazy\" decoding=\"async\" width=\"23\" height=\"23\" alt=\":dumpling:\" src=\"https:\/\/lh6.googleusercontent.com\/klI846-hydliAxiuOTZFRutxguFzn2LsZWm5gSx-YlJk3JMUDgAkF6VISzr0I2AdWDVGjDW6tQowr8R4Bd_yrP6drYdWr9ZztwuJ-evsJQ8OGm3IUhUj2rjVBmo6jv5Z-3gXWXIq\"><img loading=\"lazy\" decoding=\"async\" width=\"23\" height=\"23\" alt=\":dumpling:\" src=\"https:\/\/lh4.googleusercontent.com\/R6NzBjKkRMVLPQgQhCotHVdkNVnT7rkzF18vu1QHJRQv6YdpHTf2h4kFROprDybTgFC9zTheT7lzcZ1ALyE1rT1I36U9-h_QdwjvlBSJ1YvyMtihb4cNsy7L8xlnwWw6fRIjzpgv\"> I\u2019m on a mission to try all the best XLB soup dumplings across the country and hope you will share your findings with me. Looking forward to working with you all!!<\/div>\n<\/div>\n\n\n\n<div class=\"wp-block-column is-layout-flow wp-block-column-is-layout-flow\">\n<figure class=\"wp-block-image size-large\"><img loading=\"lazy\" decoding=\"async\" width=\"1024\" height=\"1024\" src=\"https:\/\/communityfoundations.ca\/wp-content\/uploads\/2020\/08\/Montgomery-Ngan-scaled-e1598474335722-1024x1024.jpg\" alt=\"\" class=\"wp-image-26730\" srcset=\"https:\/\/communityfoundations.ca\/wp-content\/uploads\/2020\/08\/Montgomery-Ngan-scaled-e1598474335722-1024x1024.jpg 1024w, https:\/\/communityfoundations.ca\/wp-content\/uploads\/2020\/08\/Montgomery-Ngan-scaled-e1598474335722-300x300.jpg 300w, https:\/\/communityfoundations.ca\/wp-content\/uploads\/2020\/08\/Montgomery-Ngan-scaled-e1598474335722-150x150.jpg 150w, https:\/\/communityfoundations.ca\/wp-content\/uploads\/2020\/08\/Montgomery-Ngan-scaled-e1598474335722-768x768.jpg 768w, https:\/\/communityfoundations.ca\/wp-content\/uploads\/2020\/08\/Montgomery-Ngan-scaled-e1598474335722-1536x1536.jpg 1536w, https:\/\/communityfoundations.ca\/wp-content\/uploads\/2020\/08\/Montgomery-Ngan-scaled-e1598474335722.jpg 1708w\" sizes=\"auto, (max-width: 1024px) 100vw, 1024px\" \/><\/figure>\n\n\n\n<h3 class=\"wp-block-heading\">Montgomery Ngan<\/h3>\n\n\n\n<span><a onclick=\"read_toggle(2165023, 'Read More | Lire la suite', 'Read Less'); return false;\" class=\"read-link\" id=\"readlink2165023\" style=\"readlink\" href=\"#\">Read More | Lire la suite<\/a><\/span>\n<div class=\"read_div\" id=\"read2165023\" style=\"display: none;\">Hi everyone &#8211; it\u2019s been awesome reading your bios and can\u2019t wait to properly meet you! I grew up in the Philippines and Vancouver before heading to school in Philadelphia.I\u2019m the founder of Ascend (<a href=\"http:\/\/ascendbuild.co\/\">ascendbuild.co<\/a>), a platform that helps real estate developers visualise land development opportunities. Previously, I founded an indigenous language preservation platform that won the Harvard Social Innovation Competition and was implemented with the Philippine Department of Education. I care a lot about preserving our languages and think of this as a life goal. Most recently, I\u2019ve been incubating my startup with the NEXT 36 Canada Program. I hold a degree in Business Analytics and Economics from the Wharton School.<\/div>\n<\/div>\n<\/div>\n\n\n\n<div class=\"wp-block-columns alignwide is-layout-flex wp-container-core-columns-is-layout-9d6595d7 wp-block-columns-is-layout-flex\">\n<div class=\"wp-block-column is-layout-flow wp-block-column-is-layout-flow\"><\/div>\n\n\n\n<div class=\"wp-block-column is-layout-flow wp-block-column-is-layout-flow\"><\/div>\n\n\n\n<div class=\"wp-block-column is-layout-flow wp-block-column-is-layout-flow\"><\/div>\n<\/div>\n\n\n\n<a name=\"Prince Edward Island\"><h2>\u00cele-du-Prince-\u00c9douard<\/h2><\/a>\n\n\n\n<div class=\"wp-block-columns alignwide is-layout-flex wp-container-core-columns-is-layout-9d6595d7 wp-block-columns-is-layout-flex\">\n<div class=\"wp-block-column is-layout-flow wp-block-column-is-layout-flow\">\n<figure class=\"wp-block-image size-large\"><img loading=\"lazy\" decoding=\"async\" width=\"1024\" height=\"1024\" src=\"https:\/\/communityfoundations.ca\/wp-content\/uploads\/2020\/08\/Brooks-scaled-e1598547020506-1024x1024.jpg\" alt=\"\" class=\"wp-image-27072\" srcset=\"https:\/\/communityfoundations.ca\/wp-content\/uploads\/2020\/08\/Brooks-scaled-e1598547020506-1024x1024.jpg 1024w, https:\/\/communityfoundations.ca\/wp-content\/uploads\/2020\/08\/Brooks-scaled-e1598547020506-300x300.jpg 300w, https:\/\/communityfoundations.ca\/wp-content\/uploads\/2020\/08\/Brooks-scaled-e1598547020506-150x150.jpg 150w, https:\/\/communityfoundations.ca\/wp-content\/uploads\/2020\/08\/Brooks-scaled-e1598547020506-768x768.jpg 768w, https:\/\/communityfoundations.ca\/wp-content\/uploads\/2020\/08\/Brooks-scaled-e1598547020506-1536x1536.jpg 1536w, https:\/\/communityfoundations.ca\/wp-content\/uploads\/2020\/08\/Brooks-scaled-e1598547020506.jpg 1920w\" sizes=\"auto, (max-width: 1024px) 100vw, 1024px\" \/><\/figure>\n\n\n\n<h3 class=\"wp-block-heading\">Brooks Roche<\/h3>\n\n\n\n<span><a onclick=\"read_toggle(1736606059, 'Read More | Lire la suite', 'Read Less'); return false;\" class=\"read-link\" id=\"readlink1736606059\" style=\"readlink\" href=\"#\">Read More | Lire la suite<\/a><\/span>\n<div class=\"read_div\" id=\"read1736606059\" style=\"display: none;\">Hello folks! My name is Brooks and my pronouns are he\/him, and I&rsquo;m typing this from my home base of Charlottetown, Prince Edward Island (Epekwitk). I&rsquo;m a full-time (virtual (yikes)) graduate student about 10 days away from completing my MBA in Global Leadership at UPEI, which I&rsquo;ll add to my degree shelf along with a Bachelor of Environmental Design Studies in Architecture from Dalhousie University.Through my work in architectural design, policy development, and community engagement, I&rsquo;ve aspired to create healthy, inclusive spaces and systems that support greater quality of life; I&rsquo;ve lived with type 1 diabetes for nearly 2 decades, and have spent the majority of that time pushing for equity in public health policy, advocating for financial supports, and raising awareness and research funding. I&rsquo;m proud to be a member of the Prime Minister&rsquo;s Youth Council and represent young voices and provide non-partisan advisory to the nation&rsquo;s top decision-makers. Fun fact about me: I&rsquo;m a former nationally competitive curler and won a Canadian bronze medal in 2017. I can&rsquo;t wait to collaborate with you all and co-create the future of work!<\/div>\n<\/div>\n\n\n\n<div class=\"wp-block-column is-layout-flow wp-block-column-is-layout-flow\">\n<figure class=\"wp-block-image size-large\"><img loading=\"lazy\" decoding=\"async\" width=\"1024\" height=\"1024\" src=\"https:\/\/communityfoundations.ca\/wp-content\/uploads\/2020\/08\/Hannah-Dawson-1024x1024.jpg\" alt=\"\" class=\"wp-image-26976\" srcset=\"https:\/\/communityfoundations.ca\/wp-content\/uploads\/2020\/08\/Hannah-Dawson-1024x1024.jpg 1024w, https:\/\/communityfoundations.ca\/wp-content\/uploads\/2020\/08\/Hannah-Dawson-300x300.jpg 300w, https:\/\/communityfoundations.ca\/wp-content\/uploads\/2020\/08\/Hannah-Dawson-150x150.jpg 150w, https:\/\/communityfoundations.ca\/wp-content\/uploads\/2020\/08\/Hannah-Dawson-768x768.jpg 768w, https:\/\/communityfoundations.ca\/wp-content\/uploads\/2020\/08\/Hannah-Dawson-1536x1536.jpg 1536w, https:\/\/communityfoundations.ca\/wp-content\/uploads\/2020\/08\/Hannah-Dawson.jpg 1932w\" sizes=\"auto, (max-width: 1024px) 100vw, 1024px\" \/><\/figure>\n\n\n\n<h3 class=\"wp-block-heading\">Hannah Dawson<\/h3>\n\n\n\n<span><a onclick=\"read_toggle(1842306512, 'Read More | Lire la suite', 'Read Less'); return false;\" class=\"read-link\" id=\"readlink1842306512\" style=\"readlink\" href=\"#\">Read More | Lire la suite<\/a><\/span>\n<div class=\"read_div\" id=\"read1842306512\" style=\"display: none;\">Hi everyone! My name is Hannah, and my pronouns are she\/her.<\/p>\n\n\n\n<p>I was born and raised in Prince Edward Island (Epekwit&rsquo;k), and I&rsquo;m a proud UPEI grad with a Bachelor of Business Administration.<\/p>\n\n\n\n<p>During my final year at UPEI, I had the chance to work as an Interpretation Officer\/Coordinator with Parks Canada at the PEI National Park.<\/p>\n\n\n\n<p>I just graduated (virtually!) with a law degree from Harvard Law School, and I&rsquo;m currently studying for the bar exam and working at an American law firm. While at law school, I had the chance to work as a mediator in the Harvard Mediation Program and assist with my firm&rsquo;s amicus brief in Altitude Express, Inc. v. Zarda, a case extending employment law protections to LGBTQ+ workers in the US. I can&rsquo;t wait to brainstorm with you all about the future of work in Canada!<\/div>\n<\/div>\n\n\n\n<div class=\"wp-block-column is-layout-flow wp-block-column-is-layout-flow\">\n<figure class=\"wp-block-image size-large\"><img loading=\"lazy\" decoding=\"async\" width=\"749\" height=\"749\" src=\"https:\/\/communityfoundations.ca\/wp-content\/uploads\/2020\/08\/Joy-Nnadi-e1598472819387.jpg\" alt=\"\" class=\"wp-image-26978\" srcset=\"https:\/\/communityfoundations.ca\/wp-content\/uploads\/2020\/08\/Joy-Nnadi-e1598472819387.jpg 749w, https:\/\/communityfoundations.ca\/wp-content\/uploads\/2020\/08\/Joy-Nnadi-e1598472819387-300x300.jpg 300w, https:\/\/communityfoundations.ca\/wp-content\/uploads\/2020\/08\/Joy-Nnadi-e1598472819387-150x150.jpg 150w\" sizes=\"auto, (max-width: 749px) 100vw, 749px\" \/><\/figure>\n\n\n\n<h3 class=\"wp-block-heading\">Joy Nnadi<\/h3>\n\n\n\n<span><a onclick=\"read_toggle(1831016556, 'Read More | Lire la suite', 'Read Less'); return false;\" class=\"read-link\" id=\"readlink1831016556\" style=\"readlink\" href=\"#\">Read More | Lire la suite<\/a><\/span>\n<div class=\"read_div\" id=\"read1831016556\" style=\"display: none;\">Hello everyone! I\u2019m Joy and I\u2019m pleased to meet you all!<\/p>\n\n\n\n<p>I\u2019m originally from Nigeria and currently pursing a Doctoral degree in Clinical Psychology.<\/p>\n\n\n\n<p>I am passionate about mental health in communities and I focus largely on the mental health of children and BIPOC groups.&nbsp; I co-facilitate a Handle With Care Mental Health Program for children and parents to empower children emotionally and mentally. I also work as an Early Childhood Educator, where I support children emotionally, cognitively and mentally. I&rsquo;m currently a part of a research lab studying the intersection of culture and identity in social and clinical psychology, and my undergraduate thesis was on exploring how the stress of belonging to more than one culture may impact the mental health and academic performance of international students.<\/p>\n\n\n\n<p>When I\u2019m not researching, studying or working, you can find me singing with my church choir, hanging out with my friends or making jewelry.<\/p>\n\n\n\n<p>Looking forward to working with you all!<\/div>\n<\/div>\n<\/div>\n\n\n\n<a name=\"Manitoba\"><h2>Manitoba<\/h2><\/a>\n\n\n\n<div class=\"wp-block-columns alignwide is-layout-flex wp-container-core-columns-is-layout-9d6595d7 wp-block-columns-is-layout-flex\">\n<div class=\"wp-block-column is-layout-flow wp-block-column-is-layout-flow\">\n<figure class=\"wp-block-image size-large\"><img loading=\"lazy\" decoding=\"async\" width=\"1024\" height=\"1024\" src=\"https:\/\/communityfoundations.ca\/wp-content\/uploads\/2020\/08\/FFWD-Stock-1024x1024.png\" alt=\"\" class=\"wp-image-26726\" srcset=\"https:\/\/communityfoundations.ca\/wp-content\/uploads\/2020\/08\/FFWD-Stock-1024x1024.png 1024w, https:\/\/communityfoundations.ca\/wp-content\/uploads\/2020\/08\/FFWD-Stock-300x300.png 300w, https:\/\/communityfoundations.ca\/wp-content\/uploads\/2020\/08\/FFWD-Stock-150x150.png 150w, https:\/\/communityfoundations.ca\/wp-content\/uploads\/2020\/08\/FFWD-Stock-768x768.png 768w, https:\/\/communityfoundations.ca\/wp-content\/uploads\/2020\/08\/FFWD-Stock.png 1080w\" sizes=\"auto, (max-width: 1024px) 100vw, 1024px\" \/><\/figure>\n\n\n\n<h3 class=\"wp-block-heading\">Carly Chartier<\/h3>\n\n\n\n<span><a onclick=\"read_toggle(1396753582, 'Read More | Lire la suite', 'Read Less'); return false;\" class=\"read-link\" id=\"readlink1396753582\" style=\"readlink\" href=\"#\">Read More | Lire la suite<\/a><\/span>\n<div class=\"read_div\" id=\"read1396753582\" style=\"display: none;\">Hello everyone! My name is Carly Chartier (she\/her), I was born and raised in Selkirk Manitoba which is on Treaty 1 Territory and not too far from Winnipeg Manitoba.&nbsp; I am Metis and Non Status ( for now ).<\/p>\n\n\n\n<p>I work at an Indigenous Non Profit that is apart of the National Association of Friendship Centres of Canada where I work in Human Resources, Administration and all round community service provider! I am a Graduate of Red River College where I studied Human Resources. I am passionate about helping my community and promoting other services to those who need help and being an advocate for youth and the under represented populations.<\/p>\n\n\n\n<p>When I&rsquo;m not working or volunteering I enjoy being creative. I love to paint, draw, bead, make moccasins , sew and dabble in photography.<\/div>\n<\/div>\n\n\n\n<div class=\"wp-block-column is-layout-flow wp-block-column-is-layout-flow\">\n<figure class=\"wp-block-image size-large\"><img loading=\"lazy\" decoding=\"async\" width=\"655\" height=\"655\" src=\"https:\/\/communityfoundations.ca\/wp-content\/uploads\/2020\/08\/Emily-Lints-1.png\" alt=\"\" class=\"wp-image-26764\" srcset=\"https:\/\/communityfoundations.ca\/wp-content\/uploads\/2020\/08\/Emily-Lints-1.png 655w, https:\/\/communityfoundations.ca\/wp-content\/uploads\/2020\/08\/Emily-Lints-1-300x300.png 300w, https:\/\/communityfoundations.ca\/wp-content\/uploads\/2020\/08\/Emily-Lints-1-150x150.png 150w\" sizes=\"auto, (max-width: 655px) 100vw, 655px\" \/><\/figure>\n\n\n\n<h3 class=\"wp-block-heading\">Emily Lints<\/h3>\n\n\n\n<span><a onclick=\"read_toggle(514502267, 'Read More | Lire la suite', 'Read Less'); return false;\" class=\"read-link\" id=\"readlink514502267\" style=\"readlink\" href=\"#\">Read More | Lire la suite<\/a><\/span>\n<div class=\"read_div\" id=\"read514502267\" style=\"display: none;\">Hi everyone! <\/p>\n\n\n\n<p>My name is Emily Lints (she\/her). I am the Founder and Executive Director of the Non-Profit Youth Leadership Network, a non-profit that allows for youth (aged 16-29) involved in non-profit work to connect, share, and work on professional development skills. It feeds my need to create tangible change in gaining respect for youth. I was born in a small town in Manitoba and currently am a student at the University of Regina studying English, Public Relations, and Non-Profit Leadership. I\u2019ve been passionate about leadership my whole life, and I adore being able to connect with people across the country.<\/div>\n<\/div>\n\n\n\n<div class=\"wp-block-column is-layout-flow wp-block-column-is-layout-flow\">\n<figure class=\"wp-block-image size-large\"><img loading=\"lazy\" decoding=\"async\" width=\"707\" height=\"707\" src=\"https:\/\/communityfoundations.ca\/wp-content\/uploads\/2020\/08\/Oluwabunmi-Afolabi-1.jpg\" alt=\"\" class=\"wp-image-26766\" srcset=\"https:\/\/communityfoundations.ca\/wp-content\/uploads\/2020\/08\/Oluwabunmi-Afolabi-1.jpg 707w, https:\/\/communityfoundations.ca\/wp-content\/uploads\/2020\/08\/Oluwabunmi-Afolabi-1-300x300.jpg 300w, https:\/\/communityfoundations.ca\/wp-content\/uploads\/2020\/08\/Oluwabunmi-Afolabi-1-150x150.jpg 150w\" sizes=\"auto, (max-width: 707px) 100vw, 707px\" \/><\/figure>\n\n\n\n<h3 class=\"wp-block-heading\">Oluwabunmi Afolabi<\/h3>\n\n\n\n<span><a onclick=\"read_toggle(1360827567, 'Read More | Lire la suite', 'Read Less'); return false;\" class=\"read-link\" id=\"readlink1360827567\" style=\"readlink\" href=\"#\">Read More | Lire la suite<\/a><\/span>\n<div class=\"read_div\" id=\"read1360827567\" style=\"display: none;\">Hello Everyone, My Name is Oluwabunmi Afolabi. (It means God&rsquo;s gift in Yoruba language). Everyone calls me Bunmi (She\/Her)<\/p>\n\n\n\n<p>I am FirstGeneration Nigerian-Canadian Immigrant.<\/p>\n\n\n\n<p>I currently reside in Winnipeg (also known as Winterpeg lol). Located on original lands of Anishinaabeg, Cree, Oji-Cree, Dakota, and Dene peoples, and on the homeland of the M\u00e9tis Nation.<\/p>\n\n\n\n<p>I got my first degree from the University of Manitoba, in Sociology and Family Social Science.<\/p>\n\n\n\n<p>I hope to pursue a Master degree in Social Policy or International development.<\/p>\n\n\n\n<p>I&rsquo;ve had the privilege of working in Ghana as developing a Mentorship and Skills development program for youths in Technical and Vocational Education.<\/p>\n\n\n\n<p>I&rsquo;m all about Youth engagement and empowerment, and I&rsquo;m excited to be a delegate of this summit.<\/p>\n\n\n\n<p>I&rsquo;m a casual gamer and part-time hipster <img loading=\"lazy\" decoding=\"async\" width=\"23\" height=\"23\" alt=\":laughing:\" src=\"https:\/\/lh4.googleusercontent.com\/Oly-fU0pprbfJWImagJy67RDNSG-GDvyCzH5pEYY9rHSxl0BoKvKPvGkIUiec9WRGm6DRBvFq8yCGhaEn9FIWcwG7I00lECa2s3bG74LowOtZ5NSkiJiZEczptWeZOfp59H2bwi1\">. <\/div>\n<\/div>\n<\/div>\n\n\n\n<div class=\"wp-block-columns alignwide is-layout-flex wp-container-core-columns-is-layout-9d6595d7 wp-block-columns-is-layout-flex\">\n<div class=\"wp-block-column is-layout-flow wp-block-column-is-layout-flow\">\n<figure class=\"wp-block-image size-large\"><img loading=\"lazy\" decoding=\"async\" width=\"1024\" height=\"1024\" src=\"https:\/\/communityfoundations.ca\/wp-content\/uploads\/2020\/08\/Jerico-Raguindin-scaled-e1598474038193-1024x1024.jpeg\" alt=\"\" class=\"wp-image-26756\" srcset=\"https:\/\/communityfoundations.ca\/wp-content\/uploads\/2020\/08\/Jerico-Raguindin-scaled-e1598474038193-1024x1024.jpeg 1024w, https:\/\/communityfoundations.ca\/wp-content\/uploads\/2020\/08\/Jerico-Raguindin-scaled-e1598474038193-300x300.jpeg 300w, https:\/\/communityfoundations.ca\/wp-content\/uploads\/2020\/08\/Jerico-Raguindin-scaled-e1598474038193-150x150.jpeg 150w, https:\/\/communityfoundations.ca\/wp-content\/uploads\/2020\/08\/Jerico-Raguindin-scaled-e1598474038193-768x768.jpeg 768w, https:\/\/communityfoundations.ca\/wp-content\/uploads\/2020\/08\/Jerico-Raguindin-scaled-e1598474038193-1536x1536.jpeg 1536w, https:\/\/communityfoundations.ca\/wp-content\/uploads\/2020\/08\/Jerico-Raguindin-scaled-e1598474038193-2048x2048.jpeg 2048w\" sizes=\"auto, (max-width: 1024px) 100vw, 1024px\" \/><\/figure>\n\n\n\n<h3 class=\"wp-block-heading\">Jerico Raguindin<\/h3>\n\n\n\n<span><a onclick=\"read_toggle(1642539553, 'Read More | Lire la suite', 'Read Less'); return false;\" class=\"read-link\" id=\"readlink1642539553\" style=\"readlink\" href=\"#\">Read More | Lire la suite<\/a><\/span>\n<div class=\"read_div\" id=\"read1642539553\" style=\"display: none;\">Hi everyone! Your bios are incredibly interesting! My name is Jerico (he\/him). I grew up in rural Philippines and immigrated to Canada, where I now call rural Manitoba home. However, I will be joining you from Toronto, where I am a student at the UofT, studying public policy and sociology.<\/p>\n\n\n\n<p>I am strongly committed to improving sustainability in my university and especially interested in climate justice and how it intersects with anti-racism, indigenous rights, and socio-economics. For the past year, I have been working with an amazing team to submit and publicize a comprehensive strategic plan towards carbon neutrality for my college. I am passionate in bringing change through research and drafting policy and actionable demands. In my off time, I like to bake, learn languages, hike, bike, dance, and browse the Netflix catalogue (I&rsquo;m very indecisive).<\/p>\n\n\n\n<p>I&rsquo;m thrilled to be a part of this summit and to learn more from all of you!<\/div>\n<\/div>\n\n\n\n<div class=\"wp-block-column is-layout-flow wp-block-column-is-layout-flow\">\n<figure class=\"wp-block-image size-large\"><img loading=\"lazy\" decoding=\"async\" width=\"1024\" height=\"1024\" src=\"https:\/\/communityfoundations.ca\/wp-content\/uploads\/2020\/08\/Nicole-1024x1024.png\" alt=\"\" class=\"wp-image-26997\" srcset=\"https:\/\/communityfoundations.ca\/wp-content\/uploads\/2020\/08\/Nicole-1024x1024.png 1024w, https:\/\/communityfoundations.ca\/wp-content\/uploads\/2020\/08\/Nicole-300x300.png 300w, https:\/\/communityfoundations.ca\/wp-content\/uploads\/2020\/08\/Nicole-150x150.png 150w, https:\/\/communityfoundations.ca\/wp-content\/uploads\/2020\/08\/Nicole-768x768.png 768w, https:\/\/communityfoundations.ca\/wp-content\/uploads\/2020\/08\/Nicole.png 1080w\" sizes=\"auto, (max-width: 1024px) 100vw, 1024px\" \/><\/figure>\n\n\n\n<h3 class=\"wp-block-heading\">Nicole Tornquist<\/h3>\n\n\n\n<span><a onclick=\"read_toggle(2100032689, 'Read More | Lire la suite', 'Read Less'); return false;\" class=\"read-link\" id=\"readlink2100032689\" style=\"readlink\" href=\"#\">Read More | Lire la suite<\/a><\/span>\n<div class=\"read_div\" id=\"read2100032689\" style=\"display: none;\">Tansi<\/p>\n\n\n\n<p>My name is Nicole Tornquist, I am a 26 year old Indigenous woman from Opaskwayak Cree<\/p>\n\n\n\n<p>Nation. I graduated high school from Margaret Barbour Collegiate. I then continued my<\/p>\n\n\n\n<p>education at University College of the north and completed my Business Administration<\/p>\n\n\n\n<p>majoring in Management. I am a National Ambassador of Hope for We Matter, Manitoba 150 Youth Ambassador, Indigenous 150+ Youth Ambassador and I am also a Facilitator for Awaken the Spirit. In 2019 the youth nominated me to run for Junior Onekanew (Chief), where I accepted the challenge and started my campaign journey. I was then the successful candidate for Junior Onekanew (Chief). With that being said I have the great honors to proudly represent my community of Opaskwayak Cree Nation. My passion is working with the youth of my community and helping our youth become the best people they can be, watching them bloom and overcome obstacles is the greatest feeling in the world. I believe I was meant to mentor the youth, to help them succeed and making connections with them, our youth are the reason I am always pushing myself to become a better person.&nbsp;<\/p>\n\n\n\n<p>Ekosi<\/div>\n<\/div>\n\n\n\n<div class=\"wp-block-column is-layout-flow wp-block-column-is-layout-flow\"><\/div>\n<\/div>\n\n\n\n<a name=\"New Brunswick\"><h2>Nouveau-Brunswick<\/h2><\/a>\n\n\n\n<div class=\"wp-block-columns alignwide is-layout-flex wp-container-core-columns-is-layout-9d6595d7 wp-block-columns-is-layout-flex\">\n<div class=\"wp-block-column is-layout-flow wp-block-column-is-layout-flow\">\n<figure class=\"wp-block-image size-large\"><img loading=\"lazy\" decoding=\"async\" width=\"587\" height=\"587\" src=\"https:\/\/communityfoundations.ca\/wp-content\/uploads\/2020\/08\/Julianna-Peter-Paul-e1598302259668.jpg\" alt=\"\" class=\"wp-image-26773\" srcset=\"https:\/\/communityfoundations.ca\/wp-content\/uploads\/2020\/08\/Julianna-Peter-Paul-e1598302259668.jpg 587w, https:\/\/communityfoundations.ca\/wp-content\/uploads\/2020\/08\/Julianna-Peter-Paul-e1598302259668-300x300.jpg 300w, https:\/\/communityfoundations.ca\/wp-content\/uploads\/2020\/08\/Julianna-Peter-Paul-e1598302259668-150x150.jpg 150w\" sizes=\"auto, (max-width: 587px) 100vw, 587px\" \/><\/figure>\n\n\n\n<h3 class=\"wp-block-heading\">Julianna Peter-Paul<\/h3>\n\n\n\n<span><a onclick=\"read_toggle(1547782496, 'Read More | Lire la suite', 'Read Less'); return false;\" class=\"read-link\" id=\"readlink1547782496\" style=\"readlink\" href=\"#\">Read More | Lire la suite<\/a><\/span>\n<div class=\"read_div\" id=\"read1547782496\" style=\"display: none;\">Kwe\u2019\/Hello everyone! <\/p>\n\n\n\n<p>I\u2019m Julianna Peter-Paul and 26 from Metepenagiag First Nation, a small Mi\u2019kmaq reserve in north eastern New Brunswick. My pronouns are she\/her.&nbsp; I\u2019m finishing a Bachelors of Arts degree at St. Thomas University with a focus in Communications and Public Policy and English. I have two diplomas in Mobile Application Development and Cybersecurity. I\u2019m currently in a podcasting program that focus on youth sharing Indigenous stories and reconciliation. I have passions for technology, Indigenous rights, and sharing knowledge in creative ways.<\/div>\n<\/div>\n\n\n\n<div class=\"wp-block-column is-layout-flow wp-block-column-is-layout-flow\"><\/div>\n\n\n\n<div class=\"wp-block-column is-layout-flow wp-block-column-is-layout-flow\"><\/div>\n<\/div>\n\n\n\n<a name=\"Nova Scotia\"><h2>Nouvelle-\u00c9cosse<\/h2><\/a>\n\n\n\n<div class=\"wp-block-columns alignwide is-layout-flex wp-container-core-columns-is-layout-9d6595d7 wp-block-columns-is-layout-flex\">\n<div class=\"wp-block-column is-layout-flow wp-block-column-is-layout-flow\">\n<figure class=\"wp-block-image size-large\"><img loading=\"lazy\" decoding=\"async\" width=\"1024\" height=\"1024\" src=\"https:\/\/communityfoundations.ca\/wp-content\/uploads\/2020\/08\/Alyson-Dobrota-1024x1024.png\" alt=\"\" class=\"wp-image-26834\" srcset=\"https:\/\/communityfoundations.ca\/wp-content\/uploads\/2020\/08\/Alyson-Dobrota-1024x1024.png 1024w, https:\/\/communityfoundations.ca\/wp-content\/uploads\/2020\/08\/Alyson-Dobrota-300x300.png 300w, https:\/\/communityfoundations.ca\/wp-content\/uploads\/2020\/08\/Alyson-Dobrota-150x150.png 150w, https:\/\/communityfoundations.ca\/wp-content\/uploads\/2020\/08\/Alyson-Dobrota-768x768.png 768w, https:\/\/communityfoundations.ca\/wp-content\/uploads\/2020\/08\/Alyson-Dobrota.png 1080w\" sizes=\"auto, (max-width: 1024px) 100vw, 1024px\" \/><\/figure>\n\n\n\n<h3 class=\"wp-block-heading\">Alyson Dobrota<\/h3>\n\n\n\n<span><a onclick=\"read_toggle(702776821, 'Read More | Lire la suite', 'Read Less'); return false;\" class=\"read-link\" id=\"readlink702776821\" style=\"readlink\" href=\"#\">Read More | Lire la suite<\/a><\/span>\n<div class=\"read_div\" id=\"read702776821\" style=\"display: none;\">Hey everyone! I&rsquo;m so excited to be here and can&rsquo;t wait to get started.<\/p>\n\n\n\n<p>My name is Alyson Dobrota (she\/her), and I&rsquo;m from Nova Scotia. I graduated from Dalhousie University last year with a Bachelor&rsquo;s degree in Urban Design and Sustainability. I am the Executive Director of a non-profit called PBJ Design, a placemaking organization which facilitates art-based pilot projects that test out innovative ways to help build healthy, connected communities. I&rsquo;m interested in community development and social innovation, and I&rsquo;m working to connect my passion for design and policy with social development and entrepreneurship. Outside of work, I teach and do yoga, (attempt to) bake sourdough bread, and love to cook to de-stress.<\/div>\n<\/div>\n\n\n\n<div class=\"wp-block-column is-layout-flow wp-block-column-is-layout-flow\">\n<figure class=\"wp-block-image size-large\"><img loading=\"lazy\" decoding=\"async\" width=\"1024\" height=\"1024\" src=\"https:\/\/communityfoundations.ca\/wp-content\/uploads\/2020\/08\/Cassidy-Churchill-1024x1024.png\" alt=\"\" class=\"wp-image-26830\" srcset=\"https:\/\/communityfoundations.ca\/wp-content\/uploads\/2020\/08\/Cassidy-Churchill-1024x1024.png 1024w, https:\/\/communityfoundations.ca\/wp-content\/uploads\/2020\/08\/Cassidy-Churchill-300x300.png 300w, https:\/\/communityfoundations.ca\/wp-content\/uploads\/2020\/08\/Cassidy-Churchill-150x150.png 150w, https:\/\/communityfoundations.ca\/wp-content\/uploads\/2020\/08\/Cassidy-Churchill-768x768.png 768w, https:\/\/communityfoundations.ca\/wp-content\/uploads\/2020\/08\/Cassidy-Churchill.png 1512w\" sizes=\"auto, (max-width: 1024px) 100vw, 1024px\" \/><\/figure>\n\n\n\n<h3 class=\"wp-block-heading\">Cassidy Churchill<\/h3>\n\n\n\n<span><a onclick=\"read_toggle(39755832, 'Read More | Lire la suite', 'Read Less'); return false;\" class=\"read-link\" id=\"readlink39755832\" style=\"readlink\" href=\"#\">Read More | Lire la suite<\/a><\/span>\n<div class=\"read_div\" id=\"read39755832\" style=\"display: none;\">Hi everyone! <\/p>\n\n\n\n<p>My name is Cassidy and I\u2019m from small town Yarmouth, Nova Scotia. I will be entering my fourth &amp; final year at Acadia University this September. I\u2019m completing a Bachelor of Business Administration in Accounting, with hopes of pursuing a CPA designation. I\u2019m currently finishing up my third summer with the federal government, working for Service Canada. I held the position of a Student Senator this past year and will be fulfilling the roles of VP Finance for the Business Society and Treasurer of Acadia\u2019s Grad Class this upcoming school year. I\u2019m super passionate about the importance of financial literacy!<\/div>\n<\/div>\n\n\n\n<div class=\"wp-block-column is-layout-flow wp-block-column-is-layout-flow\">\n<figure class=\"wp-block-image size-large\"><img loading=\"lazy\" decoding=\"async\" width=\"1024\" height=\"1024\" src=\"https:\/\/communityfoundations.ca\/wp-content\/uploads\/2020\/08\/Chenise-Hache-scaled-e1598461139626-1024x1024.jpg\" alt=\"\" class=\"wp-image-26819\" srcset=\"https:\/\/communityfoundations.ca\/wp-content\/uploads\/2020\/08\/Chenise-Hache-scaled-e1598461139626-1024x1024.jpg 1024w, https:\/\/communityfoundations.ca\/wp-content\/uploads\/2020\/08\/Chenise-Hache-scaled-e1598461139626-300x300.jpg 300w, https:\/\/communityfoundations.ca\/wp-content\/uploads\/2020\/08\/Chenise-Hache-scaled-e1598461139626-150x150.jpg 150w, https:\/\/communityfoundations.ca\/wp-content\/uploads\/2020\/08\/Chenise-Hache-scaled-e1598461139626-768x768.jpg 768w, https:\/\/communityfoundations.ca\/wp-content\/uploads\/2020\/08\/Chenise-Hache-scaled-e1598461139626-1536x1536.jpg 1536w, https:\/\/communityfoundations.ca\/wp-content\/uploads\/2020\/08\/Chenise-Hache-scaled-e1598461139626.jpg 1920w\" sizes=\"auto, (max-width: 1024px) 100vw, 1024px\" \/><\/figure>\n\n\n\n<h3 class=\"wp-block-heading\">Chenise Hache<\/h3>\n\n\n\n<span><a onclick=\"read_toggle(1167976601, 'Read More | Lire la suite', 'Read Less'); return false;\" class=\"read-link\" id=\"readlink1167976601\" style=\"readlink\" href=\"#\">Read More | Lire la suite<\/a><\/span>\n<div class=\"read_div\" id=\"read1167976601\" style=\"display: none;\">Kwe&rsquo;, ni&rsquo;n teluisi Chenise Hache, ni&rsquo;n na L&rsquo;nu e&rsquo;pit aq wiki Kjipuktuk, Mi&rsquo;kma&rsquo;ki.<\/p>\n\n\n\n<p>Hello, my name is Chenise Hache, I am a Mi&rsquo;kmaw woman and I live in Halifax, NS, in our traditional territory called Mi&rsquo;kma&rsquo;ki: land of the Mi&rsquo;kmaq.<\/p>\n\n\n\n<p>I am a friend, daughter, dancer, Aunty, partner, youth worker, artist, maker, and organizer. I just finished a 5 year career in Indigenous student supports in P-12 and Post-Secondary and am embarking on a new career journey this September.<\/p>\n\n\n\n<p>In 2018, my partner James Doucette, and I started our youth program called Reclaiming Our Roots: Land Based Learning and Community Stewardship. We offer land based&nbsp; mentoring and workshop opportunities rooted in Mi&rsquo;kmaw values including harvesting, food sovereignty, and traditional crafting\/processing. In September, we are going to be taking ROR full-time(ish), combined with some other Program Management responsibilities I will be taking on at our host organization, Heartwood Centre for Community Youth Development.<\/p>\n\n\n\n<p>I&rsquo;m passionate about land based learning, my favorite traditional food is a triple tie between striped bass, eels, and fiddleheads, and I love love love grant writing to empower Indigenous folks to lead community projects.<\/div>\n<\/div>\n<\/div>\n\n\n\n<div class=\"wp-block-columns alignwide is-layout-flex wp-container-core-columns-is-layout-9d6595d7 wp-block-columns-is-layout-flex\">\n<div class=\"wp-block-column is-layout-flow wp-block-column-is-layout-flow\">\n<figure class=\"wp-block-image size-large\"><img loading=\"lazy\" decoding=\"async\" width=\"1024\" height=\"1024\" src=\"https:\/\/communityfoundations.ca\/wp-content\/uploads\/2020\/08\/Dena-Williams-e1598461268842-1024x1024.jpeg\" alt=\"\" class=\"wp-image-26825\" srcset=\"https:\/\/communityfoundations.ca\/wp-content\/uploads\/2020\/08\/Dena-Williams-e1598461268842-1024x1024.jpeg 1024w, https:\/\/communityfoundations.ca\/wp-content\/uploads\/2020\/08\/Dena-Williams-e1598461268842-300x300.jpeg 300w, https:\/\/communityfoundations.ca\/wp-content\/uploads\/2020\/08\/Dena-Williams-e1598461268842-150x150.jpeg 150w, https:\/\/communityfoundations.ca\/wp-content\/uploads\/2020\/08\/Dena-Williams-e1598461268842-768x768.jpeg 768w, https:\/\/communityfoundations.ca\/wp-content\/uploads\/2020\/08\/Dena-Williams-e1598461268842.jpeg 1440w\" sizes=\"auto, (max-width: 1024px) 100vw, 1024px\" \/><\/figure>\n\n\n\n<h3 class=\"wp-block-heading\">Dena Williams<\/h3>\n\n\n\n<span><a onclick=\"read_toggle(135818340, 'Read More | Lire la suite', 'Read Less'); return false;\" class=\"read-link\" id=\"readlink135818340\" style=\"readlink\" href=\"#\">Read More | Lire la suite<\/a><\/span>\n<div class=\"read_div\" id=\"read135818340\" style=\"display: none;\">Hey everyone! It\u2019s so great to virtually meet you all!<\/p>\n\n\n\n<p>My name is Dena Williams. I am currently studying Social Work at Dalhousie, focusing in on ways to create opportunities for those in and from marginalized, or historically neglected communities thave access to the resources necessary for them to be supported as they develop careers as a creative artist.<\/p>\n\n\n\n<p>I advocate for those who are underserved and underrepresented in the music industry and artistic community. As an Advocate and Curator of Arts and Culture, I partner with organizations and create connections which help these creatives build their network and their careers. Through my entertainment company, Vitamin Dee Entertainment, I have developed my own personal network of creative professionals while also creating opportunities and experiences for varying communities to collide through art.<\/p>\n\n\n\n<p>I\u2019m grateful for this opportunity to get to know you all further and look forward to the virtual summit!<\/div>\n<\/div>\n\n\n\n<div class=\"wp-block-column is-layout-flow wp-block-column-is-layout-flow\">\n<figure class=\"wp-block-image size-large\"><img loading=\"lazy\" decoding=\"async\" width=\"1024\" height=\"1024\" src=\"https:\/\/communityfoundations.ca\/wp-content\/uploads\/2020\/08\/Erin-Smith-scaled-e1598461302181-1024x1024.jpg\" alt=\"\" class=\"wp-image-26823\" srcset=\"https:\/\/communityfoundations.ca\/wp-content\/uploads\/2020\/08\/Erin-Smith-scaled-e1598461302181-1024x1024.jpg 1024w, https:\/\/communityfoundations.ca\/wp-content\/uploads\/2020\/08\/Erin-Smith-scaled-e1598461302181-300x300.jpg 300w, https:\/\/communityfoundations.ca\/wp-content\/uploads\/2020\/08\/Erin-Smith-scaled-e1598461302181-150x150.jpg 150w, https:\/\/communityfoundations.ca\/wp-content\/uploads\/2020\/08\/Erin-Smith-scaled-e1598461302181-768x768.jpg 768w, https:\/\/communityfoundations.ca\/wp-content\/uploads\/2020\/08\/Erin-Smith-scaled-e1598461302181-1536x1536.jpg 1536w, https:\/\/communityfoundations.ca\/wp-content\/uploads\/2020\/08\/Erin-Smith-scaled-e1598461302181.jpg 1920w\" sizes=\"auto, (max-width: 1024px) 100vw, 1024px\" \/><\/figure>\n\n\n\n<h3 class=\"wp-block-heading\">Erin Smith<\/h3>\n\n\n\n<span><a onclick=\"read_toggle(1199016494, 'Read More | Lire la suite', 'Read Less'); return false;\" class=\"read-link\" id=\"readlink1199016494\" style=\"readlink\" href=\"#\">Read More | Lire la suite<\/a><\/span>\n<div class=\"read_div\" id=\"read1199016494\" style=\"display: none;\">Hi everyone, I\u2019m going to keep this short and sweet. My name is Erin and I\u2019m from a small town in Nova Scotia. I\u2019m about to go into my 4th (and final) year at McGill studying history and drama. I\u2019m a complete musical theatre nerd and love everything to do with theatre. I also love cooking\/baking, figure skating and playing with my cat. I\u2019m always up for trying new things and learning new skills.<\/p>\n\n\n\n<p>I\u2019ve never participate in a summit like this before and I\u2019m incredibly excited to meet and work with you all.<\/div>\n<\/div>\n\n\n\n<div class=\"wp-block-column is-layout-flow wp-block-column-is-layout-flow\">\n<figure class=\"wp-block-image size-large\"><img loading=\"lazy\" decoding=\"async\" width=\"1024\" height=\"1024\" src=\"https:\/\/communityfoundations.ca\/wp-content\/uploads\/2020\/08\/Kayla-Bernard-scaled-e1598461344103-1024x1024.jpg\" alt=\"\" class=\"wp-image-26815\" srcset=\"https:\/\/communityfoundations.ca\/wp-content\/uploads\/2020\/08\/Kayla-Bernard-scaled-e1598461344103-1024x1024.jpg 1024w, https:\/\/communityfoundations.ca\/wp-content\/uploads\/2020\/08\/Kayla-Bernard-scaled-e1598461344103-300x300.jpg 300w, https:\/\/communityfoundations.ca\/wp-content\/uploads\/2020\/08\/Kayla-Bernard-scaled-e1598461344103-150x150.jpg 150w, https:\/\/communityfoundations.ca\/wp-content\/uploads\/2020\/08\/Kayla-Bernard-scaled-e1598461344103-768x768.jpg 768w, https:\/\/communityfoundations.ca\/wp-content\/uploads\/2020\/08\/Kayla-Bernard-scaled-e1598461344103-1536x1536.jpg 1536w, https:\/\/communityfoundations.ca\/wp-content\/uploads\/2020\/08\/Kayla-Bernard-scaled-e1598461344103.jpg 2048w\" sizes=\"auto, (max-width: 1024px) 100vw, 1024px\" \/><\/figure>\n\n\n\n<h3 class=\"wp-block-heading\">Kayla Bernard<\/h3>\n\n\n\n<span><a onclick=\"read_toggle(2137278437, 'Read More | Lire la suite', 'Read Less'); return false;\" class=\"read-link\" id=\"readlink2137278437\" style=\"readlink\" href=\"#\">Read More | Lire la suite<\/a><\/span>\n<div class=\"read_div\" id=\"read2137278437\" style=\"display: none;\">Hi!<\/p>\n\n\n\n<p>My name is Kayla Bernard (she\/her), I grew up in the community of Sipekne\u2019katik First Nation. I have resided in the Halifax Nova Scotia for some years now for my schooling. I am currently studying Therapeutic Recreation at Dalhousie University.<\/p>\n\n\n\n<p>I am a mental health advocate, especially with regards to prevention of youth suicide. I founded <a href=\"https:\/\/www.facebook.com\/heartyouthNS\">HeART<\/a>, a resiliency-based art program as a response to the ongoing youth mental health crisis currently happening Nova Scotia. HeART is program for children &amp; youth that used art as a plat form for connecting youth to their community, building supportive environments, learn mindfulness and other coping skills.<\/p>\n\n\n\n<p>For fun; I like to play sims and hang out with my cats! I also camp and volunteer with Scouts Canada.<\/div>\n<\/div>\n<\/div>\n\n\n\n<div class=\"wp-block-columns alignwide is-layout-flex wp-container-core-columns-is-layout-9d6595d7 wp-block-columns-is-layout-flex\">\n<div class=\"wp-block-column is-layout-flow wp-block-column-is-layout-flow\">\n<figure class=\"wp-block-image size-large\"><img loading=\"lazy\" decoding=\"async\" width=\"897\" height=\"897\" src=\"https:\/\/communityfoundations.ca\/wp-content\/uploads\/2020\/08\/Megan-Gibson-1.jpg\" alt=\"\" class=\"wp-image-26837\" srcset=\"https:\/\/communityfoundations.ca\/wp-content\/uploads\/2020\/08\/Megan-Gibson-1.jpg 897w, https:\/\/communityfoundations.ca\/wp-content\/uploads\/2020\/08\/Megan-Gibson-1-300x300.jpg 300w, https:\/\/communityfoundations.ca\/wp-content\/uploads\/2020\/08\/Megan-Gibson-1-150x150.jpg 150w, https:\/\/communityfoundations.ca\/wp-content\/uploads\/2020\/08\/Megan-Gibson-1-768x768.jpg 768w\" sizes=\"auto, (max-width: 897px) 100vw, 897px\" \/><\/figure>\n\n\n\n<h3 class=\"wp-block-heading\">Megan Gibson<\/h3>\n\n\n\n<span><a onclick=\"read_toggle(1831963889, 'Read More | Lire la suite', 'Read Less'); return false;\" class=\"read-link\" id=\"readlink1831963889\" style=\"readlink\" href=\"#\">Read More | Lire la suite<\/a><\/span>\n<div class=\"read_div\" id=\"read1831963889\" style=\"display: none;\">Hey everyone! My name is Megan, I\u2019m 20 years old and I\u2019m from the beautiful Annapolis Valley in NS. I will be going into my third year at St. Thomas University in Fredericton, NB this fall and I am working towards a double major in Political Science and International Relations with a minor in Spanish. I am very passionate about community health and finding ways to overcome the systemic barriers that are impacting communities around the globe. I have travelled to Ecuador twice, once in 2015 and again in 2018 as an Education First Canadian Youth Ambassador. I spent my time there working on building a clean water system with the members of a community in the Amazon. A few months later I travelled to Ottawa and met with MPs and Senators to discuss our work. These trips are what really fuelled my passion for what I now study and I hope to pursue a Masters degree in global health and development when I complete my undergrad. At university, I have held the positions of residence representative and at-large representative on the Students\u2019 Union as well as the Canadian liaison on the International Students\u2019 Association. Another one of my favourite roles on campus is working for recruitment and welcoming prospective students to our campus through my work as a Tour Ambassador.<\/p>\n\n\n\n<p>This summer I\u2019m currently working as a Fitness Centre Attendant at the gym in a beautiful new recreation facility in my community. In my free time I love going to the beach, travelling (really missing it during covid!!), talking politics and working out. I can\u2019t wait to work with all of you and I look forward to great discussions about the future of work for youth! \ud83d\ude42<\/div>\n<\/div>\n\n\n\n<div class=\"wp-block-column is-layout-flow wp-block-column-is-layout-flow\">\n<figure class=\"wp-block-image size-large\"><img loading=\"lazy\" decoding=\"async\" width=\"674\" height=\"674\" src=\"https:\/\/communityfoundations.ca\/wp-content\/uploads\/2020\/08\/Ampai-Thammachack-e1598474543838.jpg\" alt=\"\" class=\"wp-image-26827\" srcset=\"https:\/\/communityfoundations.ca\/wp-content\/uploads\/2020\/08\/Ampai-Thammachack-e1598474543838.jpg 674w, https:\/\/communityfoundations.ca\/wp-content\/uploads\/2020\/08\/Ampai-Thammachack-e1598474543838-300x300.jpg 300w, https:\/\/communityfoundations.ca\/wp-content\/uploads\/2020\/08\/Ampai-Thammachack-e1598474543838-150x150.jpg 150w\" sizes=\"auto, (max-width: 674px) 100vw, 674px\" \/><\/figure>\n\n\n\n<h3 class=\"wp-block-heading\">Ampai Thammachack<\/h3>\n\n\n\n<span><a onclick=\"read_toggle(168693747, 'Read More | Lire la suite', 'Read Less'); return false;\" class=\"read-link\" id=\"readlink168693747\" style=\"readlink\" href=\"#\">Read More | Lire la suite<\/a><\/span>\n<div class=\"read_div\" id=\"read168693747\" style=\"display: none;\">Excited to meet you all! I\u2019m Ampai (Ummmm- Pie) (she\/her). I am a proud Blasian and can cook some mean dishes from both sides of my family <img loading=\"lazy\" decoding=\"async\" width=\"23\" height=\"23\" alt=\":smirk:\" src=\"https:\/\/lh3.googleusercontent.com\/yrI3TqZvj8ynI59l8WbR4ZhuTzbTwIDkohh5BGyzwFiIttZeZkYP-g5LNBk7AiFXiXEfKo0kS8PdhODRnSPBmhCN4je-oxWm3lA1iwhXmUWdQ3-Q4-iQNLcMNcr7flSHLYwwYmUX\"><img loading=\"lazy\" decoding=\"async\" width=\"23\" height=\"23\" alt=\":clinking_glasses:\" src=\"https:\/\/lh3.googleusercontent.com\/sSIaTuTe-23Y2UnSZujy_KWlDLTlsLhFMYjSFcA74eUKTmfZgm8il6nMrA3NpUCrIxbwb1wNlwhbTYHwABUkVs49iQxKmzG9YHjYPeZknpxfeyo6Jb9m0rVBRQnWIYqWTwpJGw7G\"><\/p>\n\n\n\n<p>4 years ago I founded Step Above Stigma and the Glass Slipper Organization.<\/p>\n\n\n\n<p>At Step Above Stigma we advocate for systemic change, promote mental health and have raised $40,000!<\/p>\n\n\n\n<p>After years of struggling with my mental health and identity and seeing so many others feel the same, this felt really good.<\/p>\n\n\n\n<p>With the Glass Slipper Organization we have given away over 700 sets of prom attire to individuals in need and now have 3 branches in Atlantic Canada.<\/p>\n\n\n\n<p>I was also the co-captain of our African Caribbean dance team for 3 years so you know we get it popping.<\/p>\n\n\n\n<p>From this I was thankful and honoured to be listed as one of Her Campus\u2019s Top 22 Under 22 Most Inspiring College Women. (I still have lots of mental ups and downs but was really thankful for this, the love, and the amazing people I got to work with on all these projects).<\/p>\n\n\n\n<p>Last year also I Co-Founded Lifted! A corporation that is reimagining the Lingerie industry to be inclusive with regards to shape, size, skin-tone and ability.<\/p>\n\n\n\n<p>I am beginning my masters studying barriers Black students face when accessing mental health resources at Canadian Universities in September and am looking forward to getting things going with you all!So blown away by everybody here wow. <img loading=\"lazy\" decoding=\"async\" width=\"23\" height=\"23\" alt=\":flushed:\" src=\"https:\/\/lh6.googleusercontent.com\/8J-mAWkAMyaAj8zmM7FIvZXJE_coYTEOaBqLaku8UxTDdrll8FpB5djDLwdQcUHCWtBJuIp6Nxt4B8hI5qXVrOFzh3Bzj_D4Y3m6mIMZdt4JTORhZ3X0w-YlKtd4cK7QvZcg2XuX\"><img loading=\"lazy\" decoding=\"async\" width=\"23\" height=\"23\" alt=\":heart_eyes:\" src=\"https:\/\/lh5.googleusercontent.com\/ITMLQhE5d-UrOF7J7gAz3RK0P-PTfiCM1o3J0ozFN44rUg4rAp9Szd_oGBN8q3mjoiqL21AtLqC3INkLB-OuxQig9tXR99yjwJ_M4-R98JWa-gweIw3g9yecSoFabaD0E-G3qd5G\">\ud83e\udd70<img loading=\"lazy\" decoding=\"async\" width=\"23\" height=\"23\" alt=\":raised_hands::skin-tone-4:\" src=\"https:\/\/lh4.googleusercontent.com\/_HYKqnZR_bFbf2uynZepudB_U4YGcrrgd3z98ghWFoOSNZ5abWyK6_c03jvrTGep83A8g_Ru6xXMsLaaZ1Nfn9kZ6V6C0F8GKWjMTaAnUp_wC-LVICupmv71IoMqE_Fp6Bgl_o2Z\"> thanks for reading&nbsp;<img loading=\"lazy\" decoding=\"async\" width=\"23\" height=\"23\" alt=\":yellow_heart:\" src=\"https:\/\/lh3.googleusercontent.com\/S71GkP1wc794JeUkifMMr_m5a5K0mRbQ87TTDLP5qtc0LP0Um0nP6djKuHKFtdVXy0_e31vuA-w1VzHbzh8p59V3Cgvl7z_MDCG_tC7r9GxZcnDsPaQ09p_Dje6xahI1maKsDmkI\"><\/div>\n<\/div>\n\n\n\n<div class=\"wp-block-column is-layout-flow wp-block-column-is-layout-flow\"><\/div>\n<\/div>\n\n\n\n<a name=\"Ontario\"><h2>Ontario<\/h2><\/a>\n\n\n\n<div class=\"wp-block-columns alignwide is-layout-flex wp-container-core-columns-is-layout-9d6595d7 wp-block-columns-is-layout-flex\">\n<div class=\"wp-block-column is-layout-flow wp-block-column-is-layout-flow\">\n<figure class=\"wp-block-image size-large\"><img loading=\"lazy\" decoding=\"async\" width=\"512\" height=\"512\" src=\"https:\/\/communityfoundations.ca\/wp-content\/uploads\/2020\/08\/Alyssia-Jovellanos.jpeg\" alt=\"\" class=\"wp-image-26934\" srcset=\"https:\/\/communityfoundations.ca\/wp-content\/uploads\/2020\/08\/Alyssia-Jovellanos.jpeg 512w, https:\/\/communityfoundations.ca\/wp-content\/uploads\/2020\/08\/Alyssia-Jovellanos-300x300.jpeg 300w, https:\/\/communityfoundations.ca\/wp-content\/uploads\/2020\/08\/Alyssia-Jovellanos-150x150.jpeg 150w\" sizes=\"auto, (max-width: 512px) 100vw, 512px\" \/><\/figure>\n\n\n\n<h3 class=\"wp-block-heading\">Alyssia Jovellanos<\/h3>\n\n\n\n<span><a onclick=\"read_toggle(37878848, 'Read More | Lire la suite', 'Read Less'); return false;\" class=\"read-link\" id=\"readlink37878848\" style=\"readlink\" href=\"#\">Read More | Lire la suite<\/a><\/span>\n<div class=\"read_div\" id=\"read37878848\" style=\"display: none;\">Hi all! Nice to meet you <img loading=\"lazy\" decoding=\"async\" width=\"23\" height=\"23\" alt=\":slightly_smiling_face:\" src=\"https:\/\/lh5.googleusercontent.com\/vWfyt_z73jZNwvcZbZeiuA8Clw1S4mMJMiTSUUegYRGHoxToS2yibfIib2kgLlSyPcyFAwHWLCojoVZJDjBeUlU4-BfESGltOuGXbM1ZH8uiSBom2bxdyXJfjG3W5hsRKPoIUFjc\"> My name is Alyssia Jovellanos (she\/her) and I&rsquo;m 23 years old.<\/p>\n\n\n\n<p>I currently work as an Engineering Program Manager at Microsoft, and am an international competitive quant. In 2019 I competed as part of Team Canada at the International Quant Championships (IQC), where we finished in 3rd place world wide at the global finals in Singapore out of 18,000 teams and 131 countries. As part of a group of computer science instructors, I&rsquo;m also teaching <a href=\"http:\/\/web.stanford.edu\/class\/cs106a\/\">CS106A<\/a> for Stanford University remotely, where we&rsquo;re teaching about 10,000 students from around the world free of charge in the time of covid-19. I previously worked in Software Engineering at Google on Gmail&rsquo;s Smart Compose, studied at MILA and spoke about my work at venues such as the Google Women Engineers Summit, Microsoft Research, and the Grace Hopper Celebration to audiences of over 15,000 people. As a student I co-founded Canada&rsquo;s largest student-run hackathon for change, DeltaHacks, and built computer science education tools used by 10,000s+ of students in the GTA\/Hamilton area. I&rsquo;m passionate about leveraging technology to help improve access to information and resources. I also love music, dance and video games!<\/div>\n<\/div>\n\n\n\n<div class=\"wp-block-column is-layout-flow wp-block-column-is-layout-flow\">\n<figure class=\"wp-block-image size-large\"><img loading=\"lazy\" decoding=\"async\" width=\"1024\" height=\"1024\" src=\"https:\/\/communityfoundations.ca\/wp-content\/uploads\/2020\/08\/Caitlin-Mehrotra-scaled-e1598463110184-1024x1024.jpg\" alt=\"\" class=\"wp-image-26904\" srcset=\"https:\/\/communityfoundations.ca\/wp-content\/uploads\/2020\/08\/Caitlin-Mehrotra-scaled-e1598463110184-1024x1024.jpg 1024w, https:\/\/communityfoundations.ca\/wp-content\/uploads\/2020\/08\/Caitlin-Mehrotra-scaled-e1598463110184-300x300.jpg 300w, https:\/\/communityfoundations.ca\/wp-content\/uploads\/2020\/08\/Caitlin-Mehrotra-scaled-e1598463110184-150x150.jpg 150w, https:\/\/communityfoundations.ca\/wp-content\/uploads\/2020\/08\/Caitlin-Mehrotra-scaled-e1598463110184-768x768.jpg 768w, https:\/\/communityfoundations.ca\/wp-content\/uploads\/2020\/08\/Caitlin-Mehrotra-scaled-e1598463110184-1536x1536.jpg 1536w, https:\/\/communityfoundations.ca\/wp-content\/uploads\/2020\/08\/Caitlin-Mehrotra-scaled-e1598463110184.jpg 1696w\" sizes=\"auto, (max-width: 1024px) 100vw, 1024px\" \/><\/figure>\n\n\n\n<h3 class=\"wp-block-heading\">Caitlin Mehrotra<\/h3>\n\n\n\n<span><a onclick=\"read_toggle(2050204830, 'Read More | Lire la suite', 'Read Less'); return false;\" class=\"read-link\" id=\"readlink2050204830\" style=\"readlink\" href=\"#\">Read More | Lire la suite<\/a><\/span>\n<div class=\"read_div\" id=\"read2050204830\" style=\"display: none;\">Hello everyone! My name is Caitlin Mehrotra (she\/her). I grew up in Oakville, Ontario (the traditional territory of the Mississaugas of the Credit First Nations), but moved to Montreal (unceded Anishinaabeg and Kanien\u2019keh\u00e1:ka territory), for my post-secondary studies. I just graduated from University this summer with a degree in Pharmacology focusing on Public Health. Throughout school, I held various positions that revolved around peer support and community engagement work, rooted in principles of anti-oppression and harm reduction. As a result, I have a particular interest in the intersections of public health policy and racial and environmental justice.&nbsp;<\/p>\n\n\n\n<p>In my ideal future, I live on a farm that is part permaculture homestead, part animal sanctuary, part co-op, rooted in regenerative agricultural and community building practices. But for now, I have settled for owning, as my mom describes it, \u201cway too many plants\u201d. Another life goal is to master a single close up card magic trick so that I have something cool to show people at parties.&nbsp;<\/p>\n\n\n\n<p>I\u2019m very excited to work and learn with you all during the summit! Can\u2019t wait to get started!<\/p>\n\n\n\n<p>(Image Description: Caitlin is sitting in front of a flowerbed of tall ornamental grasses. She is wearing a soft pink dress layered on top of a black turtleneck. Her glasses are on top of her head and she is smiling at the camera. Downtown Montreal&rsquo;s tall skyscrapers can be seen in the background.)<\/div>\n<\/div>\n\n\n\n<div class=\"wp-block-column is-layout-flow wp-block-column-is-layout-flow\">\n<figure class=\"wp-block-image size-large\"><img loading=\"lazy\" decoding=\"async\" width=\"1024\" height=\"1024\" src=\"https:\/\/communityfoundations.ca\/wp-content\/uploads\/2020\/08\/Chanele-McFarlane-e1598463143183-1024x1024.jpg\" alt=\"\" class=\"wp-image-26906\" srcset=\"https:\/\/communityfoundations.ca\/wp-content\/uploads\/2020\/08\/Chanele-McFarlane-e1598463143183-1024x1024.jpg 1024w, https:\/\/communityfoundations.ca\/wp-content\/uploads\/2020\/08\/Chanele-McFarlane-e1598463143183-300x300.jpg 300w, https:\/\/communityfoundations.ca\/wp-content\/uploads\/2020\/08\/Chanele-McFarlane-e1598463143183-150x150.jpg 150w, https:\/\/communityfoundations.ca\/wp-content\/uploads\/2020\/08\/Chanele-McFarlane-e1598463143183-768x768.jpg 768w, https:\/\/communityfoundations.ca\/wp-content\/uploads\/2020\/08\/Chanele-McFarlane-e1598463143183-1536x1536.jpg 1536w, https:\/\/communityfoundations.ca\/wp-content\/uploads\/2020\/08\/Chanele-McFarlane-e1598463143183.jpg 1638w\" sizes=\"auto, (max-width: 1024px) 100vw, 1024px\" \/><\/figure>\n\n\n\n<h3 class=\"wp-block-heading\">Chan\u00e8le McFarlane<\/h3>\n\n\n\n<span><a onclick=\"read_toggle(351613220, 'Read More | Lire la suite', 'Read Less'); return false;\" class=\"read-link\" id=\"readlink351613220\" style=\"readlink\" href=\"#\">Read More | Lire la suite<\/a><\/span>\n<div class=\"read_div\" id=\"read351613220\" style=\"display: none;\">Hi, I\u2019m Chan\u00e8le McFarlane (she\/her), an award-winning marketing communications specialist, Certified Career Strategist and TEDx speaker. I currently reside in Brampton, Ontario and I\u2019m a new mom to my 3-month-old daughter, Eden.<\/p>\n\n\n\n<p>As the Founder of Do Well Dress Well, a career website to help millennials navigate the future of work, I create content on personal branding and professional development. I currently serve on the advisory group for Accelerate Her Future and on the Professional Advisory Committee for Humber College\u2019s Content Strategy program. I also contribute to the future of thought leadership as the Director of Programming for Women and Color.<\/p>\n\n\n\n<p>I have my Honours Bachelor of Arts in Communication Studies from McMaster University and a post-graduate certificate in Public Relations from Humber College. I\u2019ve been recognized as one of PR in Canada\u2019s Top 30 Under 30, one of the Top 100 Black Women to Watch in Canada and one of the Top 25 Women of Influence.<\/p>\n\n\n\n<p>Very excited to be a part of the summit to help shape the future of work in our post-pandemic world!&nbsp;<img loading=\"lazy\" decoding=\"async\" width=\"23\" height=\"23\" alt=\":relaxed:\" src=\"https:\/\/lh4.googleusercontent.com\/f2uTfNM3zwp6WPqCLvIF6UyIs54R3JqnIucbWX6-gWhYg3qoNdYvttVkenqsCBp0AveesbVe0T4j2J_Wgh-TkOcgo7b4uKqa9gaGciG597h2nX4dDDyEBcoJgE9UEB31Gm-3eE-W\"><\/div>\n<\/div>\n<\/div>\n\n\n\n<div class=\"wp-block-columns alignwide is-layout-flex wp-container-core-columns-is-layout-9d6595d7 wp-block-columns-is-layout-flex\">\n<div class=\"wp-block-column is-layout-flow wp-block-column-is-layout-flow\">\n<figure class=\"wp-block-image size-large\"><img loading=\"lazy\" decoding=\"async\" width=\"1024\" height=\"1024\" src=\"https:\/\/communityfoundations.ca\/wp-content\/uploads\/2020\/08\/Christy_Lee-e1598463299519-1024x1024.jpg\" alt=\"\" class=\"wp-image-26930\" srcset=\"https:\/\/communityfoundations.ca\/wp-content\/uploads\/2020\/08\/Christy_Lee-e1598463299519-1024x1024.jpg 1024w, https:\/\/communityfoundations.ca\/wp-content\/uploads\/2020\/08\/Christy_Lee-e1598463299519-300x300.jpg 300w, https:\/\/communityfoundations.ca\/wp-content\/uploads\/2020\/08\/Christy_Lee-e1598463299519-150x150.jpg 150w, https:\/\/communityfoundations.ca\/wp-content\/uploads\/2020\/08\/Christy_Lee-e1598463299519-768x768.jpg 768w, https:\/\/communityfoundations.ca\/wp-content\/uploads\/2020\/08\/Christy_Lee-e1598463299519-1536x1536.jpg 1536w, https:\/\/communityfoundations.ca\/wp-content\/uploads\/2020\/08\/Christy_Lee-e1598463299519.jpg 1836w\" sizes=\"auto, (max-width: 1024px) 100vw, 1024px\" \/><\/figure>\n\n\n\n<h3 class=\"wp-block-heading\">Christy Lee<\/h3>\n\n\n\n<span><a onclick=\"read_toggle(2020098269, 'Read More | Lire la suite', 'Read Less'); return false;\" class=\"read-link\" id=\"readlink2020098269\" style=\"readlink\" href=\"#\">Read More | Lire la suite<\/a><\/span>\n<div class=\"read_div\" id=\"read2020098269\" style=\"display: none;\">Hi everyone! It\u2019s lovely to e-meet you all.<\/p>\n\n\n\n<p>I\u2019m Christy Lee (she\/her). I currently work as the Regional Office Intern for Ontario North&amp; East at RBC. I\u2019m completing a bilingual communications and business degree at the University of Ottawa, graduating December 2020. I grew up in the Toronto area and moved to Ottawa about 4 years ago. I\u2019m super passionate about personal finance and believe that everyone should have access to a financial education. In my spare time, I love to read and watch movies\/tv shows.<\/p>\n\n\n\n<p>I can\u2019t wait for this Summit and I look forward to working together!<\/div>\n<\/div>\n\n\n\n<div class=\"wp-block-column is-layout-flow wp-block-column-is-layout-flow\">\n<figure class=\"wp-block-image size-large\"><img loading=\"lazy\" decoding=\"async\" width=\"1024\" height=\"1024\" src=\"https:\/\/communityfoundations.ca\/wp-content\/uploads\/2020\/08\/David-Thibodeau-scaled-e1598463330310-1024x1024.jpg\" alt=\"\" class=\"wp-image-26920\" srcset=\"https:\/\/communityfoundations.ca\/wp-content\/uploads\/2020\/08\/David-Thibodeau-scaled-e1598463330310-1024x1024.jpg 1024w, https:\/\/communityfoundations.ca\/wp-content\/uploads\/2020\/08\/David-Thibodeau-scaled-e1598463330310-300x300.jpg 300w, https:\/\/communityfoundations.ca\/wp-content\/uploads\/2020\/08\/David-Thibodeau-scaled-e1598463330310-150x150.jpg 150w, https:\/\/communityfoundations.ca\/wp-content\/uploads\/2020\/08\/David-Thibodeau-scaled-e1598463330310-768x768.jpg 768w, https:\/\/communityfoundations.ca\/wp-content\/uploads\/2020\/08\/David-Thibodeau-scaled-e1598463330310-1536x1536.jpg 1536w, https:\/\/communityfoundations.ca\/wp-content\/uploads\/2020\/08\/David-Thibodeau-scaled-e1598463330310.jpg 1708w\" sizes=\"auto, (max-width: 1024px) 100vw, 1024px\" \/><\/figure>\n\n\n\n<h3 class=\"wp-block-heading\">David Thibodeau<\/h3>\n\n\n\n<span><a onclick=\"read_toggle(1624654994, 'Read More | Lire la suite', 'Read Less'); return false;\" class=\"read-link\" id=\"readlink1624654994\" style=\"readlink\" href=\"#\">Read More | Lire la suite<\/a><\/span>\n<div class=\"read_div\" id=\"read1624654994\" style=\"display: none;\">Hi everyone! My name is David Thibodeau (he\/him), I am from Fredericton, New Brunswick, currently living in Ottawa working for the federal government in policy development and program operations. I completed my Bachelor of Leadership from the University of New Brunswick in 2016, and my Masters in Public Policy and Administration from Carleton University in 2018. I am also a youth swim coach and a former competitive swimmer, competing for Team New Brunswick at the 2013 Canada Summer Games in Sherbrooke, Quebec. I am a strong advocate for better inclusion for 2SLGBTQ+ people in sport and society, as Co-Chair of the Capital Pride Youth Committee, and was also a Young Sport Maker at Global Sport Week in Paris this past February!<\/div>\n<\/div>\n\n\n\n<div class=\"wp-block-column is-layout-flow wp-block-column-is-layout-flow\">\n<figure class=\"wp-block-image size-large\"><img loading=\"lazy\" decoding=\"async\" width=\"1024\" height=\"1024\" src=\"https:\/\/communityfoundations.ca\/wp-content\/uploads\/2020\/08\/Danielle-Jenkins-scaled-e1598463367276-1024x1024.jpg\" alt=\"\" class=\"wp-image-26900\" srcset=\"https:\/\/communityfoundations.ca\/wp-content\/uploads\/2020\/08\/Danielle-Jenkins-scaled-e1598463367276-1024x1024.jpg 1024w, https:\/\/communityfoundations.ca\/wp-content\/uploads\/2020\/08\/Danielle-Jenkins-scaled-e1598463367276-300x300.jpg 300w, https:\/\/communityfoundations.ca\/wp-content\/uploads\/2020\/08\/Danielle-Jenkins-scaled-e1598463367276-150x150.jpg 150w, https:\/\/communityfoundations.ca\/wp-content\/uploads\/2020\/08\/Danielle-Jenkins-scaled-e1598463367276-768x768.jpg 768w, https:\/\/communityfoundations.ca\/wp-content\/uploads\/2020\/08\/Danielle-Jenkins-scaled-e1598463367276-1536x1536.jpg 1536w, https:\/\/communityfoundations.ca\/wp-content\/uploads\/2020\/08\/Danielle-Jenkins-scaled-e1598463367276.jpg 1792w\" sizes=\"auto, (max-width: 1024px) 100vw, 1024px\" \/><\/figure>\n\n\n\n<h3 class=\"wp-block-heading\">Danielle Jenkins<\/h3>\n\n\n\n<span><a onclick=\"read_toggle(725442354, 'Read More | Lire la suite', 'Read Less'); return false;\" class=\"read-link\" id=\"readlink725442354\" style=\"readlink\" href=\"#\">Read More | Lire la suite<\/a><\/span>\n<div class=\"read_div\" id=\"read725442354\" style=\"display: none;\">Hi everyone! My name is Danielle (she\/her). I am 24 years old, I live in Mulmur Ontario. I moved from England with my family 17 years ago, and am French (Euro) background. I own a residential &amp; commercial cleaning company called Domestic Divas Cleaning Co. Our company is all over the GTA as well as northern communities. I am a leader at heart &amp; value all education, learning, and experiences. I was nominated for RBC Womens Entrepreneur Awards, as well as ran for Miss World Canada in 2019 &amp; my platform was to encourage &amp; mentor women entrepreneurs. I am passionate about mentoring the next generation of young leaders &amp; improving my skills for our communities, my company, and myself. I spend any minute of \u00ab\u00a0extra\u00a0\u00bb time researching, investing, and improving myself &amp; my company, as well as learning Spanish, playing tennis, enjoying good food and drinks, travelling, and being on the water. Looking forward to working with you all &amp; learning these great skills!<\/div>\n<\/div>\n<\/div>\n\n\n\n<div class=\"wp-block-columns alignwide is-layout-flex wp-container-core-columns-is-layout-9d6595d7 wp-block-columns-is-layout-flex\">\n<div class=\"wp-block-column is-layout-flow wp-block-column-is-layout-flow\">\n<figure class=\"wp-block-image size-large\"><img loading=\"lazy\" decoding=\"async\" width=\"1024\" height=\"1024\" src=\"https:\/\/communityfoundations.ca\/wp-content\/uploads\/2020\/08\/Daisy-Nolasco-e1598463530557-1024x1024.jpeg\" alt=\"\" class=\"wp-image-26922\" srcset=\"https:\/\/communityfoundations.ca\/wp-content\/uploads\/2020\/08\/Daisy-Nolasco-e1598463530557-1024x1024.jpeg 1024w, https:\/\/communityfoundations.ca\/wp-content\/uploads\/2020\/08\/Daisy-Nolasco-e1598463530557-300x300.jpeg 300w, https:\/\/communityfoundations.ca\/wp-content\/uploads\/2020\/08\/Daisy-Nolasco-e1598463530557-150x150.jpeg 150w, https:\/\/communityfoundations.ca\/wp-content\/uploads\/2020\/08\/Daisy-Nolasco-e1598463530557-768x768.jpeg 768w, https:\/\/communityfoundations.ca\/wp-content\/uploads\/2020\/08\/Daisy-Nolasco-e1598463530557-1536x1536.jpeg 1536w, https:\/\/communityfoundations.ca\/wp-content\/uploads\/2020\/08\/Daisy-Nolasco-e1598463530557.jpeg 1807w\" sizes=\"auto, (max-width: 1024px) 100vw, 1024px\" \/><\/figure>\n\n\n\n<h3 class=\"wp-block-heading\">Daisy Nolasco<\/h3>\n\n\n\n<span><a onclick=\"read_toggle(579909704, 'Read More | Lire la suite', 'Read Less'); return false;\" class=\"read-link\" id=\"readlink579909704\" style=\"readlink\" href=\"#\">Read More | Lire la suite<\/a><\/span>\n<div class=\"read_div\" id=\"read579909704\" style=\"display: none;\">Hi everyone, my name is Daisy (she\/her) and I&rsquo;ve lived in Tkaronto (colonially known as Toronto) my whole life. I&rsquo;m the daughter of two fierce immigrants from the Philippines, and I&rsquo;m passionate about (re)connecting with my roots, ancestors, and community.<\/p>\n\n\n\n<p>I believe that our stories are powerful. Shortly after completing my Social Work degree, I experienced a mental health crisis. Now, after a couple of years of very intentional inner work and healing, I&rsquo;m transitioning back into the workforce and am busy creating a mentorship program for Filipinx youth in Tkaronto, with a focus on building capacity through peer support and community connections.<\/p>\n\n\n\n<p>I&rsquo;m very open about my lived experience with mental illness and my hope is to begin the conversation around mental health and how it intersects with race, ability, work, gender, etc. I want to cultivate new spaces where all BIPOC are seen, heard, and valued &#8211; spaces where we can all thrive, and not just survive.<\/p>\n\n\n\n<p>I&rsquo;m a proud plant mom, I stress-bake a lot, and I regularly buy books that I never end up reading. I&rsquo;m looking forward to working with you all!<\/div>\n<\/div>\n\n\n\n<div class=\"wp-block-column is-layout-flow wp-block-column-is-layout-flow\">\n<figure class=\"wp-block-image size-large\"><img loading=\"lazy\" decoding=\"async\" width=\"1024\" height=\"1024\" src=\"https:\/\/communityfoundations.ca\/wp-content\/uploads\/2020\/08\/FFWD-Stock-1024x1024.png\" alt=\"\" class=\"wp-image-26726\" srcset=\"https:\/\/communityfoundations.ca\/wp-content\/uploads\/2020\/08\/FFWD-Stock-1024x1024.png 1024w, https:\/\/communityfoundations.ca\/wp-content\/uploads\/2020\/08\/FFWD-Stock-300x300.png 300w, https:\/\/communityfoundations.ca\/wp-content\/uploads\/2020\/08\/FFWD-Stock-150x150.png 150w, https:\/\/communityfoundations.ca\/wp-content\/uploads\/2020\/08\/FFWD-Stock-768x768.png 768w, https:\/\/communityfoundations.ca\/wp-content\/uploads\/2020\/08\/FFWD-Stock.png 1080w\" sizes=\"auto, (max-width: 1024px) 100vw, 1024px\" \/><\/figure>\n\n\n\n<h3 class=\"wp-block-heading\">Dee Logan<\/h3>\n\n\n\n<span><a onclick=\"read_toggle(612953293, 'Read More | Lire la suite', 'Read Less'); return false;\" class=\"read-link\" id=\"readlink612953293\" style=\"readlink\" href=\"#\">Read More | Lire la suite<\/a><\/span>\n<div class=\"read_div\" id=\"read612953293\" style=\"display: none;\">Hi everyone! It\u2019s such a pleasure to meet you all! I\u2019m Dee, the Education Coordinator at the Woodstock Art Gallery in Woodstock, Ontario. In collaboration with a stellar team of women, I develop and deliver art and education programs to the greater community of Oxford County, and beyond!&nbsp;<\/p>\n\n\n\n<p>Through creativity and art appreciation, our programs explore everything from environmentalism and sustainability, body image awareness and positivity, and mental health and wellness, while prioritizing inclusive and accessible opportunities for children, youth, and at-risk populations.&nbsp;Both my personal and professional philosophy is grounded in the awareness that art is a universal language, allowing us to make meaningful and diverse connections and encouraging open and honest conversations. My teaching practice is trauma-informed and holistic in it\u2019s approach with a focus on using art and self-expression as a powerful tool for healing, deep understanding, and positive social change. I\u2019m humbled to be here and looking forward to listening, learning, and sharing with you all over the next few weeks! <\/div>\n<\/div>\n\n\n\n<div class=\"wp-block-column is-layout-flow wp-block-column-is-layout-flow\">\n<figure class=\"wp-block-image size-large\"><img loading=\"lazy\" decoding=\"async\" width=\"1024\" height=\"1024\" src=\"https:\/\/communityfoundations.ca\/wp-content\/uploads\/2020\/08\/Devon-Fernandes-1024x1024.jpg\" alt=\"\" class=\"wp-image-26946\" srcset=\"https:\/\/communityfoundations.ca\/wp-content\/uploads\/2020\/08\/Devon-Fernandes-1024x1024.jpg 1024w, https:\/\/communityfoundations.ca\/wp-content\/uploads\/2020\/08\/Devon-Fernandes-300x300.jpg 300w, https:\/\/communityfoundations.ca\/wp-content\/uploads\/2020\/08\/Devon-Fernandes-150x150.jpg 150w, https:\/\/communityfoundations.ca\/wp-content\/uploads\/2020\/08\/Devon-Fernandes-768x768.jpg 768w, https:\/\/communityfoundations.ca\/wp-content\/uploads\/2020\/08\/Devon-Fernandes.jpg 1080w\" sizes=\"auto, (max-width: 1024px) 100vw, 1024px\" \/><\/figure>\n\n\n\n<h3 class=\"wp-block-heading\">Devon Fernandes<\/h3>\n\n\n\n<span><a onclick=\"read_toggle(611174573, 'Read More | Lire la suite', 'Read Less'); return false;\" class=\"read-link\" id=\"readlink611174573\" style=\"readlink\" href=\"#\">Read More | Lire la suite<\/a><\/span>\n<div class=\"read_div\" id=\"read611174573\" style=\"display: none;\">Hi! I&rsquo;m Devon (he\/him) and although I live in Toronto, I feel most connected to Kitchener\/Waterloo. I did a master&rsquo;s in Environmental Psychology at Wilfrid Laurier University during which I co-founded the <a href=\"http:\/\/kwlot.ca\/\">KW Library of Things<\/a> &#8211; a space where community members can borrow infrequently used items (e.g. tools) that also provides living wages for individuals who face barriers to employment to work in the library. I now work as Humber College&rsquo;s Sustainability Manager where I balance supporting grassroots equity\/environmental work while advocating for sustainability to be integrated throughout the institution.Outside of work, I&rsquo;m a pretty active person and have bike from Toronto to Niagara Falls in one day. Once we&rsquo;re able to travel between provinces, I&rsquo;d love to bike to the east coast. Looking forward to working through all the inevitable tech issues with all of you \ud83d\ude09 <\/div>\n<\/div>\n<\/div>\n\n\n\n<div class=\"wp-block-columns alignwide is-layout-flex wp-container-core-columns-is-layout-9d6595d7 wp-block-columns-is-layout-flex\">\n<div class=\"wp-block-column is-layout-flow wp-block-column-is-layout-flow\">\n<figure class=\"wp-block-image size-large\"><img loading=\"lazy\" decoding=\"async\" width=\"1024\" height=\"1024\" src=\"https:\/\/communityfoundations.ca\/wp-content\/uploads\/2020\/08\/Eashan-Karnik-scaled-e1598463907656-1024x1024.jpg\" alt=\"\" class=\"wp-image-26932\" srcset=\"https:\/\/communityfoundations.ca\/wp-content\/uploads\/2020\/08\/Eashan-Karnik-scaled-e1598463907656-1024x1024.jpg 1024w, https:\/\/communityfoundations.ca\/wp-content\/uploads\/2020\/08\/Eashan-Karnik-scaled-e1598463907656-300x300.jpg 300w, https:\/\/communityfoundations.ca\/wp-content\/uploads\/2020\/08\/Eashan-Karnik-scaled-e1598463907656-150x150.jpg 150w, https:\/\/communityfoundations.ca\/wp-content\/uploads\/2020\/08\/Eashan-Karnik-scaled-e1598463907656-768x768.jpg 768w, https:\/\/communityfoundations.ca\/wp-content\/uploads\/2020\/08\/Eashan-Karnik-scaled-e1598463907656-1536x1536.jpg 1536w, https:\/\/communityfoundations.ca\/wp-content\/uploads\/2020\/08\/Eashan-Karnik-scaled-e1598463907656.jpg 1708w\" sizes=\"auto, (max-width: 1024px) 100vw, 1024px\" \/><\/figure>\n\n\n\n<h3 class=\"wp-block-heading\">Eashan Karnik<\/h3>\n\n\n\n<span><a onclick=\"read_toggle(839462392, 'Read More | Lire la suite', 'Read Less'); return false;\" class=\"read-link\" id=\"readlink839462392\" style=\"readlink\" href=\"#\">Read More | Lire la suite<\/a><\/span>\n<div class=\"read_div\" id=\"read839462392\" style=\"display: none;\">Hi Everyone! My name is Eashan (he\/him) and I just moved back to my hometown of Toronto after completing my Juris Doctor at the University of Ottawa. My background is in environmental sustainability and eco-policy although I have been working in the corporate law sector for the last couple of years. I look forward to learning from you and all and sharing my experiences as well <img loading=\"lazy\" decoding=\"async\" width=\"23\" height=\"23\" alt=\":slightly_smiling_face:\" src=\"https:\/\/lh4.googleusercontent.com\/NHTlnNT6LWVXqXdUEG--xe0DeUoOS_-mmDJyNfdFOI-Wr5f4zkMl4j6DvLv3CRUkoctJfhgEqHHosw3uSY3I7YMVEHi9Mw-816jooheWnf6cX7Z88Bqn4qSNfb04vo3yjczGGH0n\"> Aside from this, I am a huge Toronto sports fan and love all things crosswords, golf, and travel!<\/p>\n\n\n\n<p>Excited to e-meet you all soon!<\/div>\n<\/div>\n\n\n\n<div class=\"wp-block-column is-layout-flow wp-block-column-is-layout-flow\">\n<figure class=\"wp-block-image size-large\"><img loading=\"lazy\" decoding=\"async\" width=\"756\" height=\"756\" src=\"https:\/\/communityfoundations.ca\/wp-content\/uploads\/2020\/08\/Ellis-Greenberg-e1598463940965.jpg\" alt=\"\" class=\"wp-image-26936\" srcset=\"https:\/\/communityfoundations.ca\/wp-content\/uploads\/2020\/08\/Ellis-Greenberg-e1598463940965.jpg 756w, https:\/\/communityfoundations.ca\/wp-content\/uploads\/2020\/08\/Ellis-Greenberg-e1598463940965-300x300.jpg 300w, https:\/\/communityfoundations.ca\/wp-content\/uploads\/2020\/08\/Ellis-Greenberg-e1598463940965-150x150.jpg 150w\" sizes=\"auto, (max-width: 756px) 100vw, 756px\" \/><\/figure>\n\n\n\n<h3 class=\"wp-block-heading\">Ellis Greenberg<\/h3>\n\n\n\n<span><a onclick=\"read_toggle(291865469, 'Read More | Lire la suite', 'Read Less'); return false;\" class=\"read-link\" id=\"readlink291865469\" style=\"readlink\" href=\"#\">Read More | Lire la suite<\/a><\/span>\n<div class=\"read_div\" id=\"read291865469\" style=\"display: none;\">Hi! I\u2019m Ellis. I\u2019m a white settler currently living on the territories of the Haudenosaunee, Petun, Anishinaabe, Mississugas, Huron-Wendat and Mohawk peoples (Prince Edward County, Ontario). I am trans nonbinary and use they\/them gender pronouns.<\/p>\n\n\n\n<p>I have an extensive background in youth work, primarily including founding and facilitating 2SLGBTQIA+ youth groups in several communities over the past seven years. I have an undergraduate degree in Social Justice Education from Quest University with a focus on engaging youth in community based anti-oppression work.&nbsp; I have significant training and experience creating and facilitating anti-oppression workshops, including topics ranging from fatphobia to institutional accessibility. I have personal experience with mental illness, and I have held peer support roles throughout my educational and professional career. I currently work as the financial empowerment coordinator at an adult education centre, which I love! I aim to root all of my work in Anti-Racist and Decolonial praxis.<\/p>\n\n\n\n<p>I am so excited to meet all of you and learn with you at the conference! I love to garden, cook, spend time with my dog and cat, play board games, and do random crafts.<\/p>\n\n\n\n<p>ID: Ellis, a white person with a brown beard and shoulder-length brown hair, wears a pink cap with a strawberry on it and a pink shirt that reads \u201cFreaky Gender Freak.\u201d They are smiling and standing in front of a tree on a lawn.&nbsp;<\/div>\n<\/div>\n\n\n\n<div class=\"wp-block-column is-layout-flow wp-block-column-is-layout-flow\">\n<figure class=\"wp-block-image size-large\"><img loading=\"lazy\" decoding=\"async\" width=\"1024\" height=\"1024\" src=\"https:\/\/communityfoundations.ca\/wp-content\/uploads\/2020\/08\/FFWD-Stock-1024x1024.png\" alt=\"\" class=\"wp-image-26726\" srcset=\"https:\/\/communityfoundations.ca\/wp-content\/uploads\/2020\/08\/FFWD-Stock-1024x1024.png 1024w, https:\/\/communityfoundations.ca\/wp-content\/uploads\/2020\/08\/FFWD-Stock-300x300.png 300w, https:\/\/communityfoundations.ca\/wp-content\/uploads\/2020\/08\/FFWD-Stock-150x150.png 150w, https:\/\/communityfoundations.ca\/wp-content\/uploads\/2020\/08\/FFWD-Stock-768x768.png 768w, https:\/\/communityfoundations.ca\/wp-content\/uploads\/2020\/08\/FFWD-Stock.png 1080w\" sizes=\"auto, (max-width: 1024px) 100vw, 1024px\" \/><\/figure>\n\n\n\n<h3 class=\"wp-block-heading\">Emilie Leneveu<\/h3>\n\n\n\n<span><a onclick=\"read_toggle(1187207429, 'Read More | Lire la suite', 'Read Less'); return false;\" class=\"read-link\" id=\"readlink1187207429\" style=\"readlink\" href=\"#\">Read More | Lire la suite<\/a><\/span>\n<div class=\"read_div\" id=\"read1187207429\" style=\"display: none;\">Emilie is an entrepreneur with a passion for equity, education and the environment. She has studied in various fields from biotechnology to design thinking, project management and marketing, giving her a unique perspective in a variety of industries. In 2018, she graduated as an advanced biotechnologist and valedictorian for Loyalist College. Emilie believes that youth representation is required at all levels of governance and that sustainable practices and intersectional thinking are key pillars to successful policy making.<\/p>\n\n\n\n<p>An AMO Youth Fellow, a Rural Ontario Institute Changemaker and Bay of Quinte Top 30 Under 30, Emilie is a director on the Quinte Regional Science and Technology Fair Board, a member of the Centre for Workforce Development Board and a youth advisor on the education sectoral committee of CCUNESCO. She is an advocate for positive mental well-being and a speaker through <a href=\"http:\/\/jack.org\/\">Jack.org<\/a>.<\/p>\n\n\n\n<p>Emilie is a Co-Founder of The Positivity Project and acting Marketing Director. She is equally the marketing manager for We Be Us Community and a Communications Director for a local federal riding association.<\/p>\n\n\n\n<p>She has served as a member of the Economic Development and Destination Committee for the City of Belleville and currently sits on its youth advisory committee. Formally a Social Change Specialist for Brock University and Outreach Coordinator for Let&rsquo;s Talk Science, Emilie is eager to tackle any project management needs your company may have.<\/div>\n<\/div>\n<\/div>\n\n\n\n<div class=\"wp-block-columns alignwide is-layout-flex wp-container-core-columns-is-layout-9d6595d7 wp-block-columns-is-layout-flex\">\n<div class=\"wp-block-column is-layout-flow wp-block-column-is-layout-flow\">\n<figure class=\"wp-block-image size-large\"><img loading=\"lazy\" decoding=\"async\" width=\"611\" height=\"611\" src=\"https:\/\/communityfoundations.ca\/wp-content\/uploads\/2020\/08\/Eric-Muellejans-e1598464138272.jpg\" alt=\"\" class=\"wp-image-26950\" srcset=\"https:\/\/communityfoundations.ca\/wp-content\/uploads\/2020\/08\/Eric-Muellejans-e1598464138272.jpg 611w, https:\/\/communityfoundations.ca\/wp-content\/uploads\/2020\/08\/Eric-Muellejans-e1598464138272-300x300.jpg 300w, https:\/\/communityfoundations.ca\/wp-content\/uploads\/2020\/08\/Eric-Muellejans-e1598464138272-150x150.jpg 150w\" sizes=\"auto, (max-width: 611px) 100vw, 611px\" \/><\/figure>\n\n\n\n<h3 class=\"wp-block-heading\">Eric Muellejans<\/h3>\n\n\n\n<span><a onclick=\"read_toggle(909365237, 'Read More | Lire la suite', 'Read Less'); return false;\" class=\"read-link\" id=\"readlink909365237\" style=\"readlink\" href=\"#\">Read More | Lire la suite<\/a><\/span>\n<div class=\"read_div\" id=\"read909365237\" style=\"display: none;\">Hi, my name is Eric. I had the privilege of growing up on the traditional territory lands of Anishinaabeg, Haudenosaunee, Lenape, Attawandaron, and Wendy people (Southwestern Ontario-area ,Strathroy). I currently study Business Technology Management at Ryerson University. As a child of a single parent in a small, prominently caucasian community, I have seen how ill-afforded rural areas are to be offered the same services, experiences, and exposure as other urban-dwelling individuals. My areas of focus are in health innovation and secondary \/ post-secondary education.<\/p>\n\n\n\n<p>As a former Student Trustee for Thames Valley District School Board, I worked with the province to create the Indigenous Relations Working Group for Student Trustees. Following this, I had the privilege of working with Prime Minister Trudeau to design, recruit, and manage the Prime Ministers Youth Advisory Council. I always hold education and youth empowerment dear to my heart. I have the honour to sit on several boards with the Business-Higher Education Roundtable and the University of Waterloo Youth Advisory Board to redesign programming for education and consulting on community youth-engagement programs around Canada. Additionally, I genuinely love the startup scene. In health tech, I started and designed my own medical device for leg elevation, Kumovate. I now work at <a href=\"https:\/\/slack-redir.net\/link?url=http%3A%2F%2Fgetmaple.ca\">getmaple.ca<\/a>, where I work in Public Sector BD and lead our Indigenous portfolio to extend virtual primary care to treaty citizens throughout BC.<\/p>\n\n\n\n<p>Personally, I love cooking vegetarian dishes, brewing my own beer\/cider, and studying Mandarin. When I am not quoting movies, I am an avidly (injured) Half-Iron Man trainer. I personally have weird taste in music and suck at curating playlists, so if you have solid workout playlists, feel free to drop \u2019em.<\/div>\n<\/div>\n\n\n\n<div class=\"wp-block-column is-layout-flow wp-block-column-is-layout-flow\">\n<figure class=\"wp-block-image size-large\"><img loading=\"lazy\" decoding=\"async\" width=\"1024\" height=\"1024\" src=\"https:\/\/communityfoundations.ca\/wp-content\/uploads\/2020\/08\/Fatema-Abdalla-scaled-e1598464173722-1024x1024.jpg\" alt=\"\" class=\"wp-image-26948\" srcset=\"https:\/\/communityfoundations.ca\/wp-content\/uploads\/2020\/08\/Fatema-Abdalla-scaled-e1598464173722-1024x1024.jpg 1024w, https:\/\/communityfoundations.ca\/wp-content\/uploads\/2020\/08\/Fatema-Abdalla-scaled-e1598464173722-300x300.jpg 300w, https:\/\/communityfoundations.ca\/wp-content\/uploads\/2020\/08\/Fatema-Abdalla-scaled-e1598464173722-150x150.jpg 150w, https:\/\/communityfoundations.ca\/wp-content\/uploads\/2020\/08\/Fatema-Abdalla-scaled-e1598464173722-768x768.jpg 768w, https:\/\/communityfoundations.ca\/wp-content\/uploads\/2020\/08\/Fatema-Abdalla-scaled-e1598464173722-1536x1536.jpg 1536w, https:\/\/communityfoundations.ca\/wp-content\/uploads\/2020\/08\/Fatema-Abdalla-scaled-e1598464173722.jpg 1708w\" sizes=\"auto, (max-width: 1024px) 100vw, 1024px\" \/><\/figure>\n\n\n\n<h3 class=\"wp-block-heading\">Fatema Abdalla<\/h3>\n\n\n\n<span><a onclick=\"read_toggle(1689517741, 'Read More | Lire la suite', 'Read Less'); return false;\" class=\"read-link\" id=\"readlink1689517741\" style=\"readlink\" href=\"#\">Read More | Lire la suite<\/a><\/span>\n<div class=\"read_div\" id=\"read1689517741\" style=\"display: none;\">Good morning! My name is Fatema Abdalla, from Scarborough, On. I\u2019m a recent graduate of Political Science and Communications from uOttawa, most passionate about social and economic justice.<\/p>\n\n\n\n<p>For the last year and a half I\u2019ve been working with a non-partisan, voter mobilization organization. I\u2019m a firm believer of the statement that if you don\u2019t vote, then you can\u2019t really complain about any governmental decisions. In a democracy it is important for every single person to participate and be civically engaged &#8211; at least to the bare minimum. And so, I\u2019ve worked in many environments with the sole purpose of getting the most number of Canadians out to the polls.<\/p>\n\n\n\n<p>My long term goals are to advocate for at-risk youth. And to help in the construction of a society where everyone is given an equal opportunity to grow and succeed. No matter their social, ethnic, or economic background.<\/p>\n\n\n\n<p>I\u2019ve spent quarantine studying for my lsat, cooking, and refining my skills in digital art. I think art\u2019s a powerful tool, especially in this technological era that we now live in. Hopefully one of these days I build enough confidence to share my work!Looking forward to meeting everyone in the upcoming Zoom calls.&nbsp;<img loading=\"lazy\" decoding=\"async\" width=\"23\" height=\"23\" alt=\":blush:\" src=\"https:\/\/lh4.googleusercontent.com\/co5Zehdb8ZzwNyPQPB3WUGld1zevK3hoC8N4Ap4YkyJwBoT6rHw408fq8LiXTtKX50y8OAw21H5W0CKE52O4q2STEX_MEbXjVOZTO41u5-Q0OUcR0iN9rgURCJauUA4s_tCo3Hf6\"><\/div>\n<\/div>\n\n\n\n<div class=\"wp-block-column is-layout-flow wp-block-column-is-layout-flow\">\n<figure class=\"wp-block-image size-large\"><img loading=\"lazy\" decoding=\"async\" width=\"400\" height=\"400\" src=\"https:\/\/communityfoundations.ca\/wp-content\/uploads\/2020\/08\/Fatin-Tawfig.jpg\" alt=\"\" class=\"wp-image-26938\" srcset=\"https:\/\/communityfoundations.ca\/wp-content\/uploads\/2020\/08\/Fatin-Tawfig.jpg 400w, https:\/\/communityfoundations.ca\/wp-content\/uploads\/2020\/08\/Fatin-Tawfig-300x300.jpg 300w, https:\/\/communityfoundations.ca\/wp-content\/uploads\/2020\/08\/Fatin-Tawfig-150x150.jpg 150w\" sizes=\"auto, (max-width: 400px) 100vw, 400px\" \/><\/figure>\n\n\n\n<h3 class=\"wp-block-heading\">Fatin Tawfig<\/h3>\n\n\n\n<span><a onclick=\"read_toggle(19291650, 'Read More | Lire la suite', 'Read Less'); return false;\" class=\"read-link\" id=\"readlink19291650\" style=\"readlink\" href=\"#\">Read More | Lire la suite<\/a><\/span>\n<div class=\"read_div\" id=\"read19291650\" style=\"display: none;\">Hi everyone, wonderful to get to know a little bit about you all! My name is Fatin Tawfig (she\/her).<\/p>\n\n\n\n<p>I was born in Khartoum, Sudan, I grew up in Toronto, and I am currently living in Bonn, Germany. I work on climate change adaptation and resilience building at the international level, focusing on topics such as adaptation finance, youth and public engagement in adaptation action, assessing global progress on climate change adaptation, and other related areas. Last September, I had the pleasure of attending the first ever UN Youth Climate Summit, as well as the Climate Action Summit, which took place just ahead of the UN General Assembly.<\/p>\n\n\n\n<p>Prior to my work at the international level, I briefly supported the climate and environmental policy work of the Canadian federal government in the context of Canada&rsquo;s 2018 G7 Presidency.<\/p>\n\n\n\n<p>I hold two degrees from the University of Toronto, where I studied politics, environment, and psychology.<\/p>\n\n\n\n<p>In my spare time, I enjoy gardening, reading, cooking, and spending time in the gym.Really excited to engage with you all over the coming weeks!&nbsp;<img loading=\"lazy\" decoding=\"async\" width=\"23\" height=\"23\" alt=\":smile:\" src=\"https:\/\/lh6.googleusercontent.com\/zS7WQP5UBSHoVQQjNfDjs0zEqYDoBNIHMSDxyN3NI1YXO19OTtxFE6DiT3RlOk6OAP3edZkhbv3BKRReoXxt7qcn9H0swSfVLr2yVn6-yGi6cmkN_7U8Ho-v94Y1_TyX4yyN6MZE\"><\/div>\n<\/div>\n<\/div>\n\n\n\n<div class=\"wp-block-columns alignwide is-layout-flex wp-container-core-columns-is-layout-9d6595d7 wp-block-columns-is-layout-flex\">\n<div class=\"wp-block-column is-layout-flow wp-block-column-is-layout-flow\">\n<figure class=\"wp-block-image size-large\"><img loading=\"lazy\" decoding=\"async\" width=\"1024\" height=\"1024\" src=\"https:\/\/communityfoundations.ca\/wp-content\/uploads\/2020\/08\/Feza-Lugoma-scaled-e1598465049523-1024x1024.jpg\" alt=\"\" class=\"wp-image-26942\" srcset=\"https:\/\/communityfoundations.ca\/wp-content\/uploads\/2020\/08\/Feza-Lugoma-scaled-e1598465049523-1024x1024.jpg 1024w, https:\/\/communityfoundations.ca\/wp-content\/uploads\/2020\/08\/Feza-Lugoma-scaled-e1598465049523-300x300.jpg 300w, https:\/\/communityfoundations.ca\/wp-content\/uploads\/2020\/08\/Feza-Lugoma-scaled-e1598465049523-150x150.jpg 150w, https:\/\/communityfoundations.ca\/wp-content\/uploads\/2020\/08\/Feza-Lugoma-scaled-e1598465049523-768x768.jpg 768w, https:\/\/communityfoundations.ca\/wp-content\/uploads\/2020\/08\/Feza-Lugoma-scaled-e1598465049523-1536x1536.jpg 1536w, https:\/\/communityfoundations.ca\/wp-content\/uploads\/2020\/08\/Feza-Lugoma-scaled-e1598465049523.jpg 1990w\" sizes=\"auto, (max-width: 1024px) 100vw, 1024px\" \/><\/figure>\n\n\n\n<h3 class=\"wp-block-heading\">Feza Lugoma<\/h3>\n\n\n\n<span><a onclick=\"read_toggle(698056469, 'Read More | Lire la suite', 'Read Less'); return false;\" class=\"read-link\" id=\"readlink698056469\" style=\"readlink\" href=\"#\">Read More | Lire la suite<\/a><\/span>\n<div class=\"read_div\" id=\"read698056469\" style=\"display: none;\">Hello everyone! I am Feza. I use They\/She pronouns. I am based on stolen and unceded territory of the Algonquin Anishnaabeg Nation also known as Ottawa.&nbsp; I was born in Congo &#8211; Kinshasa and grew up across Canada.<\/p>\n\n\n\n<p>I am a community organizer doing anti-o, anti-violence, transformative justice work. I am a community birth worker and beginning my journey to midwifery this September. I am also a passionate visual artist, my work tackles many social justice issues such as access to health care, housing, racism in the work force and gender-based violence.<\/p>\n\n\n\n<p>I am excited to be back part of the forum and learn from all of you!<\/div>\n<\/div>\n\n\n\n<div class=\"wp-block-column is-layout-flow wp-block-column-is-layout-flow\">\n<figure class=\"wp-block-image size-large\"><img loading=\"lazy\" decoding=\"async\" width=\"1024\" height=\"1024\" src=\"https:\/\/communityfoundations.ca\/wp-content\/uploads\/2020\/08\/Gurneet-Bhela-scaled-e1598465084785-1024x1024.jpg\" alt=\"\" class=\"wp-image-26914\" srcset=\"https:\/\/communityfoundations.ca\/wp-content\/uploads\/2020\/08\/Gurneet-Bhela-scaled-e1598465084785-1024x1024.jpg 1024w, https:\/\/communityfoundations.ca\/wp-content\/uploads\/2020\/08\/Gurneet-Bhela-scaled-e1598465084785-300x300.jpg 300w, https:\/\/communityfoundations.ca\/wp-content\/uploads\/2020\/08\/Gurneet-Bhela-scaled-e1598465084785-150x150.jpg 150w, https:\/\/communityfoundations.ca\/wp-content\/uploads\/2020\/08\/Gurneet-Bhela-scaled-e1598465084785-768x768.jpg 768w, https:\/\/communityfoundations.ca\/wp-content\/uploads\/2020\/08\/Gurneet-Bhela-scaled-e1598465084785-1536x1536.jpg 1536w, https:\/\/communityfoundations.ca\/wp-content\/uploads\/2020\/08\/Gurneet-Bhela-scaled-e1598465084785-2048x2048.jpg 2048w\" sizes=\"auto, (max-width: 1024px) 100vw, 1024px\" \/><\/figure>\n\n\n\n<h3 class=\"wp-block-heading\">Gurneet Bhela<\/h3>\n\n\n\n<span><a onclick=\"read_toggle(1421183377, 'Read More | Lire la suite', 'Read Less'); return false;\" class=\"read-link\" id=\"readlink1421183377\" style=\"readlink\" href=\"#\">Read More | Lire la suite<\/a><\/span>\n<div class=\"read_div\" id=\"read1421183377\" style=\"display: none;\">Hi everyone! My name is Gurneet (she\/her) and I\u2019m from Mississauga, Ontario. I recently completed my undergraduate degree in Global Health at York University and I\u2019m currently working as a summer student at Grand Challenges Canada. Outside of work, I serve on the board of directors at Rose of Sharon Services for Young Mothers. I\u2019m very passionate about health innovation and impact investing.<\/p>\n\n\n\n<p>In my spare time I enjoy watching docuseries on Netflix, cooking, and reading!<\/p>\n\n\n\n<p>Looking forward to working with you all!<\/div>\n<\/div>\n\n\n\n<div class=\"wp-block-column is-layout-flow wp-block-column-is-layout-flow\">\n<figure class=\"wp-block-image size-large\"><img loading=\"lazy\" decoding=\"async\" width=\"1024\" height=\"1024\" src=\"https:\/\/communityfoundations.ca\/wp-content\/uploads\/2020\/08\/Oliver-Jacob-e1598969889984-1024x1024.jpg\" alt=\"\" class=\"wp-image-26871\" srcset=\"https:\/\/communityfoundations.ca\/wp-content\/uploads\/2020\/08\/Oliver-Jacob-e1598969889984-1024x1024.jpg 1024w, https:\/\/communityfoundations.ca\/wp-content\/uploads\/2020\/08\/Oliver-Jacob-e1598969889984-300x300.jpg 300w, https:\/\/communityfoundations.ca\/wp-content\/uploads\/2020\/08\/Oliver-Jacob-e1598969889984-150x150.jpg 150w, https:\/\/communityfoundations.ca\/wp-content\/uploads\/2020\/08\/Oliver-Jacob-e1598969889984-768x768.jpg 768w, https:\/\/communityfoundations.ca\/wp-content\/uploads\/2020\/08\/Oliver-Jacob-e1598969889984-1536x1536.jpg 1536w, https:\/\/communityfoundations.ca\/wp-content\/uploads\/2020\/08\/Oliver-Jacob-e1598969889984-2048x2048.jpg 2048w\" sizes=\"auto, (max-width: 1024px) 100vw, 1024px\" \/><\/figure>\n\n\n\n<h3 class=\"wp-block-heading\">Oliver Jacob<\/h3>\n\n\n\n<span><a onclick=\"read_toggle(552351512, 'Read More | Lire la suite', 'Read Less'); return false;\" class=\"read-link\" id=\"readlink552351512\" style=\"readlink\" href=\"#\">Read More | Lire la suite<\/a><\/span>\n<div class=\"read_div\" id=\"read552351512\" style=\"display: none;\">Oliver takes pride in serving his community. Since December 2018, Oliver has served as one of the youngest municipal councillors in the history of the Township of McNab\/Braeside.<\/p>\n\n\n\n<p>As a young community leader and advocate for youth involvement in politics, Oliver brings proven leadership experience through both professional and volunteer roles including the Chair of the Acadia University Students\u2019 Union, a Youth Facilitator with the Ontario Ministry of Education and the inaugural Co-Chair of the Renfrew County Youth Network. Responsible, dedicated and hard-working, Oliver also brings a wealth of knowledge about governance and leadership as a result of employment with the Town of Arnprior and as a former member of the Town of Wolfville\u2019s Planning Advisory Committee.<\/p>\n\n\n\n<p>Most recently, Oliver was also selected to participate as a Rural Change Maker under a pilot project of the Rural Ontario Institute (ROI) focusing on community development and citizen engagement in his community.<\/div>\n<\/div>\n<\/div>\n\n\n\n<div class=\"wp-block-columns alignwide is-layout-flex wp-container-core-columns-is-layout-9d6595d7 wp-block-columns-is-layout-flex\">\n<div class=\"wp-block-column is-layout-flow wp-block-column-is-layout-flow\">\n<figure class=\"wp-block-image size-large\"><img loading=\"lazy\" decoding=\"async\" width=\"955\" height=\"955\" src=\"https:\/\/communityfoundations.ca\/wp-content\/uploads\/2020\/08\/Hannah-Geauvreau-Turner-e1598465371509.jpg\" alt=\"\" class=\"wp-image-26924\" srcset=\"https:\/\/communityfoundations.ca\/wp-content\/uploads\/2020\/08\/Hannah-Geauvreau-Turner-e1598465371509.jpg 955w, https:\/\/communityfoundations.ca\/wp-content\/uploads\/2020\/08\/Hannah-Geauvreau-Turner-e1598465371509-300x300.jpg 300w, https:\/\/communityfoundations.ca\/wp-content\/uploads\/2020\/08\/Hannah-Geauvreau-Turner-e1598465371509-150x150.jpg 150w, https:\/\/communityfoundations.ca\/wp-content\/uploads\/2020\/08\/Hannah-Geauvreau-Turner-e1598465371509-768x768.jpg 768w\" sizes=\"auto, (max-width: 955px) 100vw, 955px\" \/><\/figure>\n\n\n\n<h3 class=\"wp-block-heading\">Hannah Geauvreau-Turner<\/h3>\n\n\n\n<span><a onclick=\"read_toggle(1840680437, 'Read More | Lire la suite', 'Read Less'); return false;\" class=\"read-link\" id=\"readlink1840680437\" style=\"readlink\" href=\"#\">Read More | Lire la suite<\/a><\/span>\n<div class=\"read_div\" id=\"read1840680437\" style=\"display: none;\">Hi everyone and nice to meet you all <img loading=\"lazy\" decoding=\"async\" width=\"23\" height=\"23\" alt=\":slightly_smiling_face:\" src=\"https:\/\/lh5.googleusercontent.com\/ynzmvhex5s5nQe9nY_IH8qKmFOjdYZXi7EUbJrde_apKK9IN9yW8dxWiZqHCA1U5OgaDmQu3Jp1jNRZvp6QBzxE4JWc686NUhXlEMuotzv2v4-TfrWITNsgTnDwIpN5qiscPBKLk\"> I&rsquo;m Hannah Geauvreau-Turner and I&rsquo;m Ojibway First Nations. I have been living in Lima, Peru up until December, 2019 and have lived there for around 10 years. I was born in Fort Frances, ON and raised on my Indigenous reserve (Onigaming First Nation). I live in Guelph and am currently attending Conestoga College. I am a Ambassador of Hope for the We Matter Organization, that dedicates to Indigenous youth support, hope and life promotion. I also have&nbsp; taught English as a second language in Peru to children and have been doing professional modelling on-going in Canada and Peru for the past 5+ years. I enjoy cooking Peruvian dishes for my friends and family, going on long walks, listening to music and eating ice cream. I have a huge passion towards helping others. I have lived experience within my family in the area of mental-health and have been through some quite tough hardships in life and have used my own story to help the Indigenous youth of Canada to know that they can still move forward in life.<\/div>\n<\/div>\n\n\n\n<div class=\"wp-block-column is-layout-flow wp-block-column-is-layout-flow\">\n<figure class=\"wp-block-image size-large\"><img loading=\"lazy\" decoding=\"async\" width=\"1024\" height=\"1024\" src=\"https:\/\/communityfoundations.ca\/wp-content\/uploads\/2020\/08\/Harmony-Eshkawkogan-e1598465342539-1024x1024.png\" alt=\"\" class=\"wp-image-26856\" srcset=\"https:\/\/communityfoundations.ca\/wp-content\/uploads\/2020\/08\/Harmony-Eshkawkogan-e1598465342539-1024x1024.png 1024w, https:\/\/communityfoundations.ca\/wp-content\/uploads\/2020\/08\/Harmony-Eshkawkogan-e1598465342539-300x300.png 300w, https:\/\/communityfoundations.ca\/wp-content\/uploads\/2020\/08\/Harmony-Eshkawkogan-e1598465342539-150x150.png 150w, https:\/\/communityfoundations.ca\/wp-content\/uploads\/2020\/08\/Harmony-Eshkawkogan-e1598465342539-768x768.png 768w, https:\/\/communityfoundations.ca\/wp-content\/uploads\/2020\/08\/Harmony-Eshkawkogan-e1598465342539.png 1440w\" sizes=\"auto, (max-width: 1024px) 100vw, 1024px\" \/><\/figure>\n\n\n\n<h3 class=\"wp-block-heading\">Harmony Eshkawkogan<\/h3>\n\n\n\n<span><a onclick=\"read_toggle(1479061922, 'Read More | Lire la suite', 'Read Less'); return false;\" class=\"read-link\" id=\"readlink1479061922\" style=\"readlink\" href=\"#\">Read More | Lire la suite<\/a><\/span>\n<div class=\"read_div\" id=\"read1479061922\" style=\"display: none;\">Aanii, Harmony ndizhnikaaz, Wikwemikong ndoonjiba, Ottawa ndonji, giinoozhe doodem, niishtina ashi naanin ndisobiboomwe, midwewim ndaww.<\/p>\n\n\n\n<p>Hello, My name is Harmony. I\u2019m from Wikwemikong. I reside in Ottawa. My clan is pike. I\u2019m 25 winters old. I\u2019m from the 3 fires tribe (odawa, Ojibwe, potawatomi).<\/p>\n\n\n\n<p>I\u2019m a guest on unceded and unsurrendered Algonquin territory or Ottawa but I grew up on Manitoulin Island the world\u2019s largest freshwater lake island that inspired me to become a water protector with Youth Water Leaders. As of covid-19, I spend my time creating resources to support youth with mental health and substance use for CAMH Youth Advisory Board and Indspire. I assist with hosting Assembly Seven Generations webinars, if you\u2019re looking to get connected with the Ottawa Indigneous youth community.<\/p>\n\n\n\n<p>Miigwetch<\/div>\n<\/div>\n\n\n\n<div class=\"wp-block-column is-layout-flow wp-block-column-is-layout-flow\">\n<figure class=\"wp-block-image size-large\"><img loading=\"lazy\" decoding=\"async\" width=\"740\" height=\"740\" src=\"https:\/\/communityfoundations.ca\/wp-content\/uploads\/2020\/08\/Iknoor-Khaira-1.jpg\" alt=\"\" class=\"wp-image-26955\" srcset=\"https:\/\/communityfoundations.ca\/wp-content\/uploads\/2020\/08\/Iknoor-Khaira-1.jpg 740w, https:\/\/communityfoundations.ca\/wp-content\/uploads\/2020\/08\/Iknoor-Khaira-1-300x300.jpg 300w, https:\/\/communityfoundations.ca\/wp-content\/uploads\/2020\/08\/Iknoor-Khaira-1-150x150.jpg 150w\" sizes=\"auto, (max-width: 740px) 100vw, 740px\" \/><\/figure>\n\n\n\n<h3 class=\"wp-block-heading\">Iknoor Khaira<\/h3>\n\n\n\n<span><a onclick=\"read_toggle(224611147, 'Read More | Lire la suite', 'Read Less'); return false;\" class=\"read-link\" id=\"readlink224611147\" style=\"readlink\" href=\"#\">Read More | Lire la suite<\/a><\/span>\n<div class=\"read_div\" id=\"read224611147\" style=\"display: none;\">Hi guys! My name is Iknoor Khaira (she\/her) and I was born and raised in Brampton, Ontario (located on the land of the Mississaugas of the Credit First Nations). I will be starting my undergraduate studies at the University of Ottawa this fall for a Joint Honours BA in History and Political Science. After completing my Bachelor of Arts, I am hoping to further my education by attending law school for human rights law.&nbsp;<\/p>\n\n\n\n<p>I\u2019ve spent much of my high school career volunteering with various organizations such as the Canadian Blood Services and the NDP. I\u2019ve also run initiatives such as a book drive for isolated First Nations youth, a campaign to ban single-use plastic bags, and interviewed Canadian veterans, with help from Historica Canada, to create a WW2 documentary that highlighted Canadian sacrifices in the war.&nbsp;&nbsp;<\/p>\n\n\n\n<p>As a visible minority in Canada, I have witnessed, firsthand, the long-lasting, negative effects of racial discrimination on minority youth and its ability to inhibit one\u2019s feeling of security in the workplace. This, in turn, has fueled my passion to help create a future where colour inspires rather than divides us. I firmly believe that only through appreciating our differences can we diversify our perspectives and ultimately build a brighter future. I am so excited to share my ideas on the future of work as well as hear all of your inspiring stories!<\/div>\n<\/div>\n<\/div>\n\n\n\n<div class=\"wp-block-columns alignwide is-layout-flex wp-container-core-columns-is-layout-9d6595d7 wp-block-columns-is-layout-flex\">\n<div class=\"wp-block-column is-layout-flow wp-block-column-is-layout-flow\">\n<figure class=\"wp-block-image size-large\"><img loading=\"lazy\" decoding=\"async\" width=\"1024\" height=\"1024\" src=\"https:\/\/communityfoundations.ca\/wp-content\/uploads\/2020\/08\/FFWD-Stock-1024x1024.png\" alt=\"\" class=\"wp-image-26726\" srcset=\"https:\/\/communityfoundations.ca\/wp-content\/uploads\/2020\/08\/FFWD-Stock-1024x1024.png 1024w, https:\/\/communityfoundations.ca\/wp-content\/uploads\/2020\/08\/FFWD-Stock-300x300.png 300w, https:\/\/communityfoundations.ca\/wp-content\/uploads\/2020\/08\/FFWD-Stock-150x150.png 150w, https:\/\/communityfoundations.ca\/wp-content\/uploads\/2020\/08\/FFWD-Stock-768x768.png 768w, https:\/\/communityfoundations.ca\/wp-content\/uploads\/2020\/08\/FFWD-Stock.png 1080w\" sizes=\"auto, (max-width: 1024px) 100vw, 1024px\" \/><\/figure>\n\n\n\n<h3 class=\"wp-block-heading\">Isabella Giuga<\/h3>\n\n\n\n<span><a onclick=\"read_toggle(980195216, 'Read More | Lire la suite', 'Read Less'); return false;\" class=\"read-link\" id=\"readlink980195216\" style=\"readlink\" href=\"#\">Read More | Lire la suite<\/a><\/span>\n<div class=\"read_div\" id=\"read980195216\" style=\"display: none;\">Hello everyone! My name is Isabella Giuga (she\/her) and I am from Durham Region, Ontario. I hold an honours Bachelor of Arts degree, specializing in sociology and minoring in psychology, in addition to holding a Social Service Worker Diploma.<\/p>\n\n\n\n<p>Majority of my career has been in Violence Against Woman (VAW) work. I currently work part time in a shelter for women who have experienced domestic violence, and full time as a counsellor for woman identified individuals who have experienced sexual violence in various forms. Although I serve all ages, I have recently been working with more of a youth focus. I have great passion for VAW work, and attempt to bring positivity and love into at least one person\u2019s day. Self love is a significant part of the work that I do in my career, as well as my personal life. I aspire to help and support all people in loving themselves and their bodies.<\/p>\n\n\n\n<p>This is the first time ever being apart of a youth summit, and I must say that I am quite excited for this opportunity! I hope to learn lots, meet amazing people, and be apart of something great!<\/div>\n<\/div>\n\n\n\n<div class=\"wp-block-column is-layout-flow wp-block-column-is-layout-flow\">\n<figure class=\"wp-block-image size-large\"><img loading=\"lazy\" decoding=\"async\" width=\"1024\" height=\"1024\" src=\"https:\/\/communityfoundations.ca\/wp-content\/uploads\/2020\/08\/FFWD-Stock-1024x1024.png\" alt=\"\" class=\"wp-image-26726\" srcset=\"https:\/\/communityfoundations.ca\/wp-content\/uploads\/2020\/08\/FFWD-Stock-1024x1024.png 1024w, https:\/\/communityfoundations.ca\/wp-content\/uploads\/2020\/08\/FFWD-Stock-300x300.png 300w, https:\/\/communityfoundations.ca\/wp-content\/uploads\/2020\/08\/FFWD-Stock-150x150.png 150w, https:\/\/communityfoundations.ca\/wp-content\/uploads\/2020\/08\/FFWD-Stock-768x768.png 768w, https:\/\/communityfoundations.ca\/wp-content\/uploads\/2020\/08\/FFWD-Stock.png 1080w\" sizes=\"auto, (max-width: 1024px) 100vw, 1024px\" \/><\/figure>\n\n\n\n<h3 class=\"wp-block-heading\">Jenna Moore<\/h3>\n\n\n\n<span><a onclick=\"read_toggle(1708794645, 'Read More | Lire la suite', 'Read Less'); return false;\" class=\"read-link\" id=\"readlink1708794645\" style=\"readlink\" href=\"#\">Read More | Lire la suite<\/a><\/span>\n<div class=\"read_div\" id=\"read1708794645\" style=\"display: none;\">Hello everyone! I&rsquo;m Jenna (she\/her), currently based in Ottawa, ON, on the unceded territory of the Algonquin Anishnaabeg people (though spending most of my time during the pandemic in my hometown of Deep River). I work in communications and marketing in the non-profit sector but through volunteer work have been developing a strong interest in urban planning, specifically around building sustainable and equitable urban communities. Maybe someday I will make the career switch! I love urban green spaces, public transportation, getting to know my neighbours, drawing and painting, making soup, and swimming in the Ottawa River.&nbsp;<\/div>\n<\/div>\n\n\n\n<div class=\"wp-block-column is-layout-flow wp-block-column-is-layout-flow\">\n<figure class=\"wp-block-image size-large\"><img loading=\"lazy\" decoding=\"async\" width=\"1024\" height=\"1024\" src=\"https:\/\/communityfoundations.ca\/wp-content\/uploads\/2020\/08\/Alexandria-Bipatnath-1-1024x1024.jpg\" alt=\"\" class=\"wp-image-27076\" srcset=\"https:\/\/communityfoundations.ca\/wp-content\/uploads\/2020\/08\/Alexandria-Bipatnath-1-1024x1024.jpg 1024w, https:\/\/communityfoundations.ca\/wp-content\/uploads\/2020\/08\/Alexandria-Bipatnath-1-300x300.jpg 300w, https:\/\/communityfoundations.ca\/wp-content\/uploads\/2020\/08\/Alexandria-Bipatnath-1-150x150.jpg 150w, https:\/\/communityfoundations.ca\/wp-content\/uploads\/2020\/08\/Alexandria-Bipatnath-1-768x768.jpg 768w, https:\/\/communityfoundations.ca\/wp-content\/uploads\/2020\/08\/Alexandria-Bipatnath-1-1536x1536.jpg 1536w, https:\/\/communityfoundations.ca\/wp-content\/uploads\/2020\/08\/Alexandria-Bipatnath-1-2048x2048.jpg 2048w\" sizes=\"auto, (max-width: 1024px) 100vw, 1024px\" \/><\/figure>\n\n\n\n<h3 class=\"wp-block-heading\">Alexandria Bipatnath<\/h3>\n\n\n\n<span><a onclick=\"read_toggle(1676918556, 'Read More | Lire la suite', 'Read Less'); return false;\" class=\"read-link\" id=\"readlink1676918556\" style=\"readlink\" href=\"#\">Read More | Lire la suite<\/a><\/span>\n<div class=\"read_div\" id=\"read1676918556\" style=\"display: none;\">Aaniin-Boozhoo my name is Alexandria Bipatnath. I&rsquo;m First Nations, Ojibway and South American (Guyanese) and am the CEO and founder of The Wholesome Conscious. A catering company that offers Indigenous Fusion Plant-Based Foods both in Toronto, ON and in Albuquerque, New Mexico. I&rsquo;m a Holistic Health and Wellness Practitioner and have strong ties to both traditional ways of knowing and western knowledge aiding people and communities to healthier living. I&rsquo;m greatly passionate about improving the futurity of Indigenous communities, especially with our youth. You can catch me in the kitchen cooking, baking, etc. or in the garden weeding, talking to our plant beings, or simply just kicking it with our newly adopted kitty Mando. Looking forward to providing insights, knowledge and guidance with you all. Chi-Miigwech to all of you for sharing. IG <a rel=\"noreferrer noopener\" href=\"https:\/\/www.instagram.com\/thewholesomeconscious\/?hl=en\" target=\"_blank\">@thewholesomeconscious<\/a><\/div>\n<\/div>\n<\/div>\n\n\n\n<div class=\"wp-block-columns alignwide is-layout-flex wp-container-core-columns-is-layout-9d6595d7 wp-block-columns-is-layout-flex\">\n<div class=\"wp-block-column is-layout-flow wp-block-column-is-layout-flow\">\n<figure class=\"wp-block-image size-large\"><img loading=\"lazy\" decoding=\"async\" width=\"1024\" height=\"1024\" src=\"https:\/\/communityfoundations.ca\/wp-content\/uploads\/2020\/08\/Kim2020_-Headshot-scaled-e1598970142964-1024x1024.jpg\" alt=\"\" class=\"wp-image-27144\" srcset=\"https:\/\/communityfoundations.ca\/wp-content\/uploads\/2020\/08\/Kim2020_-Headshot-scaled-e1598970142964-1024x1024.jpg 1024w, https:\/\/communityfoundations.ca\/wp-content\/uploads\/2020\/08\/Kim2020_-Headshot-scaled-e1598970142964-300x300.jpg 300w, https:\/\/communityfoundations.ca\/wp-content\/uploads\/2020\/08\/Kim2020_-Headshot-scaled-e1598970142964-150x150.jpg 150w, https:\/\/communityfoundations.ca\/wp-content\/uploads\/2020\/08\/Kim2020_-Headshot-scaled-e1598970142964-768x768.jpg 768w, https:\/\/communityfoundations.ca\/wp-content\/uploads\/2020\/08\/Kim2020_-Headshot-scaled-e1598970142964-1536x1536.jpg 1536w, https:\/\/communityfoundations.ca\/wp-content\/uploads\/2020\/08\/Kim2020_-Headshot-scaled-e1598970142964.jpg 1707w\" sizes=\"auto, (max-width: 1024px) 100vw, 1024px\" \/><\/figure>\n\n\n\n<h3 class=\"wp-block-heading\">Kim Kirton<\/h3>\n\n\n\n<span><a onclick=\"read_toggle(963467394, 'Read More | Lire la suite', 'Read Less'); return false;\" class=\"read-link\" id=\"readlink963467394\" style=\"readlink\" href=\"#\">Read More | Lire la suite<\/a><\/span>\n<div class=\"read_div\" id=\"read963467394\" style=\"display: none;\">Hey Everyone!<\/p>\n\n\n\n<p>Happy Friday!! My name is Kim Kirton (She\/Her)&nbsp; and I am a passionate social entrepreneur, from Toronto, Ontario who loves bringing big ideas to life. From sustainable t-shirt businesses, to social innovation summits, to online accelerators &#8212;&nbsp; I&rsquo;ve been fortunate enough to launch multiple initiatives and businesses across Canada and have worn every hat from marketing, sales, UX\/ UI, design, social media, and more. However, my sweet spot is around ideation, product, community, and go to market strategy\/execution.<\/p>\n\n\n\n<p>Currently my team and I are working on&nbsp; a new product that is looking to support individuals integrate daily activism (&amp; different kinds)&nbsp; into their daily lives!<\/div>\n<\/div>\n\n\n\n<div class=\"wp-block-column is-layout-flow wp-block-column-is-layout-flow\">\n<figure class=\"wp-block-image size-large\"><img loading=\"lazy\" decoding=\"async\" width=\"1024\" height=\"1024\" src=\"https:\/\/communityfoundations.ca\/wp-content\/uploads\/2020\/08\/Leah-B-photo-scaled-e1598467186800-1024x1024.jpg\" alt=\"\" class=\"wp-image-26926\" srcset=\"https:\/\/communityfoundations.ca\/wp-content\/uploads\/2020\/08\/Leah-B-photo-scaled-e1598467186800-1024x1024.jpg 1024w, https:\/\/communityfoundations.ca\/wp-content\/uploads\/2020\/08\/Leah-B-photo-scaled-e1598467186800-300x300.jpg 300w, https:\/\/communityfoundations.ca\/wp-content\/uploads\/2020\/08\/Leah-B-photo-scaled-e1598467186800-150x150.jpg 150w, https:\/\/communityfoundations.ca\/wp-content\/uploads\/2020\/08\/Leah-B-photo-scaled-e1598467186800-768x768.jpg 768w, https:\/\/communityfoundations.ca\/wp-content\/uploads\/2020\/08\/Leah-B-photo-scaled-e1598467186800-1536x1536.jpg 1536w, https:\/\/communityfoundations.ca\/wp-content\/uploads\/2020\/08\/Leah-B-photo-scaled-e1598467186800.jpg 2048w\" sizes=\"auto, (max-width: 1024px) 100vw, 1024px\" \/><\/figure>\n\n\n\n<h3 class=\"wp-block-heading\">Leah Brodovsky<\/h3>\n\n\n\n<span><a onclick=\"read_toggle(424553988, 'Read More | Lire la suite', 'Read Less'); return false;\" class=\"read-link\" id=\"readlink424553988\" style=\"readlink\" href=\"#\">Read More | Lire la suite<\/a><\/span>\n<div class=\"read_div\" id=\"read424553988\" style=\"display: none;\">My name is Leah Brodovsky (she\/her) and I am from Guelph, Ontario. I am a Food Science Co-op student at the University of Guelph. I spent the past year working as a Product Developer at a food product development consulting company. My focus was on ice cream and frozen dessert product development! I really enjoyed working with the start-up clients, as they had so much passion for their work!<\/p>\n\n\n\n<p>After graduation, I hope to work in food and agricultural policy. I am fluent in English and French and am teaching myself Spanish.<\/p>\n\n\n\n<p>I am looking forward to working with and learning from all of you!<\/div>\n<\/div>\n\n\n\n<div class=\"wp-block-column is-layout-flow wp-block-column-is-layout-flow\">\n<figure class=\"wp-block-image size-large\"><img loading=\"lazy\" decoding=\"async\" width=\"1024\" height=\"1024\" src=\"https:\/\/communityfoundations.ca\/wp-content\/uploads\/2020\/08\/Leah-Prisque-scaled-e1598467244714-1024x1024.jpg\" alt=\"\" class=\"wp-image-26910\" srcset=\"https:\/\/communityfoundations.ca\/wp-content\/uploads\/2020\/08\/Leah-Prisque-scaled-e1598467244714-1024x1024.jpg 1024w, https:\/\/communityfoundations.ca\/wp-content\/uploads\/2020\/08\/Leah-Prisque-scaled-e1598467244714-300x300.jpg 300w, https:\/\/communityfoundations.ca\/wp-content\/uploads\/2020\/08\/Leah-Prisque-scaled-e1598467244714-150x150.jpg 150w, https:\/\/communityfoundations.ca\/wp-content\/uploads\/2020\/08\/Leah-Prisque-scaled-e1598467244714-768x768.jpg 768w, https:\/\/communityfoundations.ca\/wp-content\/uploads\/2020\/08\/Leah-Prisque-scaled-e1598467244714-1536x1536.jpg 1536w, https:\/\/communityfoundations.ca\/wp-content\/uploads\/2020\/08\/Leah-Prisque-scaled-e1598467244714.jpg 1670w\" sizes=\"auto, (max-width: 1024px) 100vw, 1024px\" \/><\/figure>\n\n\n\n<h3 class=\"wp-block-heading\">Leah Prisque<\/h3>\n\n\n\n<span><a onclick=\"read_toggle(1823433543, 'Read More | Lire la suite', 'Read Less'); return false;\" class=\"read-link\" id=\"readlink1823433543\" style=\"readlink\" href=\"#\">Read More | Lire la suite<\/a><\/span>\n<div class=\"read_div\" id=\"read1823433543\" style=\"display: none;\">Aanii\/Hello everyone! My name is Leah, my anishinaabe name is Waabano pichi kwe meaning Light of dawn robin woman, and I am Ojibwe M\u00e9tis from Port Severn, Ontario &#8211; near Georgian Bay and Muskoka.<\/p>\n\n\n\n<p>I now live in Ottawa and work for the National Association of Friendship Centres and the Canadian Roots Exchange as a Decent Work for Youth Officer and a Youth Research Assistant. While juggling that I am also a part of an Indigenous Youth Policy School &#8211; soo busy! \ud83e\udd74<\/p>\n\n\n\n<p>I\u2019ve got two diplomas from Georgian College in Indigenous Community and Social Development &amp; Travel and Tourism. I have lived and worked in Canmore, Alberta,&nbsp; backpacked and worked throughout New Zealand, Sydney, and some of Mexico as well, with a visiting total of over 12 countries.<\/p>\n\n\n\n<p>I\u2019m excited to be a part of this event to not only be beneficial professionally, but also for the networking opportunities and knowledge sharing amongst all you unique and diverse people!<\/p>\n\n\n\n<p>Miigwech for reading!<\/div>\n<\/div>\n<\/div>\n\n\n\n<div class=\"wp-block-columns alignwide is-layout-flex wp-container-core-columns-is-layout-9d6595d7 wp-block-columns-is-layout-flex\">\n<div class=\"wp-block-column is-layout-flow wp-block-column-is-layout-flow\">\n<figure class=\"wp-block-image size-large\"><img loading=\"lazy\" decoding=\"async\" width=\"932\" height=\"932\" src=\"https:\/\/communityfoundations.ca\/wp-content\/uploads\/2020\/08\/Maame-Efua-De-Heer-1.jpg\" alt=\"\" class=\"wp-image-26962\" srcset=\"https:\/\/communityfoundations.ca\/wp-content\/uploads\/2020\/08\/Maame-Efua-De-Heer-1.jpg 932w, https:\/\/communityfoundations.ca\/wp-content\/uploads\/2020\/08\/Maame-Efua-De-Heer-1-300x300.jpg 300w, https:\/\/communityfoundations.ca\/wp-content\/uploads\/2020\/08\/Maame-Efua-De-Heer-1-150x150.jpg 150w, https:\/\/communityfoundations.ca\/wp-content\/uploads\/2020\/08\/Maame-Efua-De-Heer-1-768x768.jpg 768w\" sizes=\"auto, (max-width: 932px) 100vw, 932px\" \/><\/figure>\n\n\n\n<h3 class=\"wp-block-heading\">Maame Efua De-Heer<\/h3>\n\n\n\n<span><a onclick=\"read_toggle(738915897, 'Read More | Lire la suite', 'Read Less'); return false;\" class=\"read-link\" id=\"readlink738915897\" style=\"readlink\" href=\"#\">Read More | Lire la suite<\/a><\/span>\n<div class=\"read_div\" id=\"read738915897\" style=\"display: none;\">My name is Maame Efua De-Heer, a Ghanaian Born, second-generation immigrant. I serve as a Policy Analyst intern with the Public Health Agency of Canada, and completing my Masters degree in Public Health at the University of Toronto. I am a Clinical Research Analyst for the A.C.T.I.O.N Project at the University Health Network. Simultaneously, I am the Founder of the Power of Love Foundation, a not-for-profit organization targeted to improving the lives of women and children. I accord my achievements to my family, friends and church &#8211; Impact Lives Church (Canada) and Tema Christian Centre Assemblies of God Church (Ghana).<\/div>\n<\/div>\n\n\n\n<div class=\"wp-block-column is-layout-flow wp-block-column-is-layout-flow\">\n<figure class=\"wp-block-image size-large\"><img loading=\"lazy\" decoding=\"async\" width=\"737\" height=\"737\" src=\"https:\/\/communityfoundations.ca\/wp-content\/uploads\/2020\/08\/Martin-Ciesielski-Listwan.jpg\" alt=\"\" class=\"wp-image-26858\" srcset=\"https:\/\/communityfoundations.ca\/wp-content\/uploads\/2020\/08\/Martin-Ciesielski-Listwan.jpg 737w, https:\/\/communityfoundations.ca\/wp-content\/uploads\/2020\/08\/Martin-Ciesielski-Listwan-300x300.jpg 300w, https:\/\/communityfoundations.ca\/wp-content\/uploads\/2020\/08\/Martin-Ciesielski-Listwan-150x150.jpg 150w\" sizes=\"auto, (max-width: 737px) 100vw, 737px\" \/><\/figure>\n\n\n\n<h3 class=\"wp-block-heading\">Martin Ciesielski-Listwan<\/h3>\n\n\n\n<span><a onclick=\"read_toggle(709193090, 'Read More | Lire la suite', 'Read Less'); return false;\" class=\"read-link\" id=\"readlink709193090\" style=\"readlink\" href=\"#\">Read More | Lire la suite<\/a><\/span>\n<div class=\"read_div\" id=\"read709193090\" style=\"display: none;\">Hi everyone! My name is Martin Ciesielski-Listwan (he\/him), I was born and raised in Brampton, Ontario and I\u2019m a recent graduate in Software Engineering From Western University. I\u2019m a software engineer and competitive quant where I\u2019ve applied proprietary machine learning algorithms to model aspects of equities to drive near-zero beta algorithmic trading strategies. I graduated to join a tiny moonshot team at Google working on payments in resource constrained environments. I\u2019ve also worked on the Gears of War 5 game engine during my time at Microsoft. In 2019, I became the first in my family to graduate from higher education.<\/div>\n<\/div>\n\n\n\n<div class=\"wp-block-column is-layout-flow wp-block-column-is-layout-flow\">\n<figure class=\"wp-block-image size-large\"><img loading=\"lazy\" decoding=\"async\" width=\"750\" height=\"750\" src=\"https:\/\/communityfoundations.ca\/wp-content\/uploads\/2020\/08\/Miranda-Newman.jpg\" alt=\"\" class=\"wp-image-26896\" srcset=\"https:\/\/communityfoundations.ca\/wp-content\/uploads\/2020\/08\/Miranda-Newman.jpg 750w, https:\/\/communityfoundations.ca\/wp-content\/uploads\/2020\/08\/Miranda-Newman-300x300.jpg 300w, https:\/\/communityfoundations.ca\/wp-content\/uploads\/2020\/08\/Miranda-Newman-150x150.jpg 150w\" sizes=\"auto, (max-width: 750px) 100vw, 750px\" \/><\/figure>\n\n\n\n<h3 class=\"wp-block-heading\">Miranda Newman<\/h3>\n\n\n\n<span><a onclick=\"read_toggle(1851952342, 'Read More | Lire la suite', 'Read Less'); return false;\" class=\"read-link\" id=\"readlink1851952342\" style=\"readlink\" href=\"#\">Read More | Lire la suite<\/a><\/span>\n<div class=\"read_div\" id=\"read1851952342\" style=\"display: none;\">I\u2019m Miranda Newman (she\/her). I\u2019m a writer and editor in Toronto (Tkaronto), where I\u2019ve been residing since attending Ryerson University for journalism. I\u2019ve been published in The Literary Review of Canada, Broadview Magazine, The Walrus, The Montreal Gazette, and more. I recently co-wrote <a href=\"https:\/\/slack-redir.net\/link?url=https%3A%2F%2Fwww.ccyp-ccpj.org%2Fvirtual-work-guide\">Virtual Work is Here: A Guide for Youth<\/a>, published by the Canadian Council of Youth Prosperity and the Tamarack Institute.<\/p>\n\n\n\n<p>I\u2019m co-editor of <a href=\"https:\/\/slack-redir.net\/link?url=http%3A%2F%2Fafternoonmag.com\">AFTERNOON<\/a>, a yearly arts and letters publication with an international focus. I publish a monthly newsletter, <a href=\"https:\/\/slack-redir.net\/link?url=http%3A%2F%2Flifeasalunatic.substack.com%2F\">Life as Lunatic<\/a>, about coping with mental health and trauma symptoms, from the perspective of lived experience.<br>In my spare time, I\u2019m an advisory member of the Centre for Addiction and Mental Health\u2019s National Youth Action Council, where I consult on COVID-19 and storytelling subcommittees, and am a project advisor to Embreate\u2019s <a href=\"https:\/\/slack-redir.net\/link?url=https%3A%2F%2Fembreate.com%2Fprojects%2Fwittle.html\">Wittle<\/a>. I also volunteer with Toronto Cat Rescue when COVID-19 isn\u2019t impacting operations.<\/div>\n<\/div>\n<\/div>\n\n\n\n<div class=\"wp-block-columns alignwide is-layout-flex wp-container-core-columns-is-layout-9d6595d7 wp-block-columns-is-layout-flex\">\n<div class=\"wp-block-column is-layout-flow wp-block-column-is-layout-flow\">\n<figure class=\"wp-block-image size-large\"><img loading=\"lazy\" decoding=\"async\" width=\"1024\" height=\"1024\" src=\"https:\/\/communityfoundations.ca\/wp-content\/uploads\/2020\/08\/FFWD-Stock-1024x1024.png\" alt=\"\" class=\"wp-image-26726\" srcset=\"https:\/\/communityfoundations.ca\/wp-content\/uploads\/2020\/08\/FFWD-Stock-1024x1024.png 1024w, https:\/\/communityfoundations.ca\/wp-content\/uploads\/2020\/08\/FFWD-Stock-300x300.png 300w, https:\/\/communityfoundations.ca\/wp-content\/uploads\/2020\/08\/FFWD-Stock-150x150.png 150w, https:\/\/communityfoundations.ca\/wp-content\/uploads\/2020\/08\/FFWD-Stock-768x768.png 768w, https:\/\/communityfoundations.ca\/wp-content\/uploads\/2020\/08\/FFWD-Stock.png 1080w\" sizes=\"auto, (max-width: 1024px) 100vw, 1024px\" \/><\/figure>\n\n\n\n<h3 class=\"wp-block-heading\">Murphy-Issac Boyse<\/h3>\n\n\n\n<span><a onclick=\"read_toggle(1262631612, 'Read More | Lire la suite', 'Read Less'); return false;\" class=\"read-link\" id=\"readlink1262631612\" style=\"readlink\" href=\"#\">Read More | Lire la suite<\/a><\/span>\n<div class=\"read_div\" id=\"read1262631612\" style=\"display: none;\">Hi friends! I&rsquo;m Murphy-Issac.&nbsp; I&rsquo;m from southwestern Ontario. I&rsquo;m most passionate about my volunteer work focusing on youth mental wellness through The New Mentality and Wellkin YEA, as well as the Queer and Trans community around my area. I love actively working towards equity and unity across social services regarding level of care and equal access. My hobbies include music and ASL which is my second (and preferred) language as I sometimes struggle with verbal communication. I look forward to meeting all of you and working together on this awesome project!<\/div>\n<\/div>\n\n\n\n<div class=\"wp-block-column is-layout-flow wp-block-column-is-layout-flow\">\n<figure class=\"wp-block-image size-large\"><img loading=\"lazy\" decoding=\"async\" width=\"1024\" height=\"1024\" src=\"https:\/\/communityfoundations.ca\/wp-content\/uploads\/2020\/08\/Nancy-Mitchell-e1598467827876-1024x1024.jpg\" alt=\"\" class=\"wp-image-26886\" srcset=\"https:\/\/communityfoundations.ca\/wp-content\/uploads\/2020\/08\/Nancy-Mitchell-e1598467827876-1024x1024.jpg 1024w, https:\/\/communityfoundations.ca\/wp-content\/uploads\/2020\/08\/Nancy-Mitchell-e1598467827876-300x300.jpg 300w, https:\/\/communityfoundations.ca\/wp-content\/uploads\/2020\/08\/Nancy-Mitchell-e1598467827876-150x150.jpg 150w, https:\/\/communityfoundations.ca\/wp-content\/uploads\/2020\/08\/Nancy-Mitchell-e1598467827876-768x768.jpg 768w, https:\/\/communityfoundations.ca\/wp-content\/uploads\/2020\/08\/Nancy-Mitchell-e1598467827876.jpg 1242w\" sizes=\"auto, (max-width: 1024px) 100vw, 1024px\" \/><\/figure>\n\n\n\n<h3 class=\"wp-block-heading\">Nancy Mitchell<\/h3>\n\n\n\n<span><a onclick=\"read_toggle(1684028669, 'Read More | Lire la suite', 'Read Less'); return false;\" class=\"read-link\" id=\"readlink1684028669\" style=\"readlink\" href=\"#\">Read More | Lire la suite<\/a><\/span>\n<div class=\"read_div\" id=\"read1684028669\" style=\"display: none;\">Hi everyone. My name is Nancy (she\/her) and I&rsquo;m from Toronto. I hold a Masters Degree in Political Science with a Graduate Collaborative Specialization in Women and Gender Studies from the University of Toronto. I currently work as a consultant for UN Women supporting the WE EMPOWER G7 Programme focused on women\u2019s economic empowerment. Further, I sit on the youth advisory board of REES Community and I am a member of the Prime Minister&rsquo;s Youth Council.&nbsp; I am passionate about gender equality (particularly ensuring that efforts toward achieving gender equality are intersectional), human rights, and youth activism, among others. Looking forward to getting to know everyone!<\/div>\n<\/div>\n\n\n\n<div class=\"wp-block-column is-layout-flow wp-block-column-is-layout-flow\">\n<figure class=\"wp-block-image size-large\"><img loading=\"lazy\" decoding=\"async\" width=\"1024\" height=\"1024\" src=\"https:\/\/communityfoundations.ca\/wp-content\/uploads\/2020\/08\/Natalie-Enriquez-Birch-1024x1024.jpg\" alt=\"\" class=\"wp-image-26892\" srcset=\"https:\/\/communityfoundations.ca\/wp-content\/uploads\/2020\/08\/Natalie-Enriquez-Birch-1024x1024.jpg 1024w, https:\/\/communityfoundations.ca\/wp-content\/uploads\/2020\/08\/Natalie-Enriquez-Birch-300x300.jpg 300w, https:\/\/communityfoundations.ca\/wp-content\/uploads\/2020\/08\/Natalie-Enriquez-Birch-150x150.jpg 150w, https:\/\/communityfoundations.ca\/wp-content\/uploads\/2020\/08\/Natalie-Enriquez-Birch-768x768.jpg 768w, https:\/\/communityfoundations.ca\/wp-content\/uploads\/2020\/08\/Natalie-Enriquez-Birch-1536x1536.jpg 1536w, https:\/\/communityfoundations.ca\/wp-content\/uploads\/2020\/08\/Natalie-Enriquez-Birch-2048x2048.jpg 2048w\" sizes=\"auto, (max-width: 1024px) 100vw, 1024px\" \/><\/figure>\n\n\n\n<h3 class=\"wp-block-heading\">Natalie Enriquez-Birch<\/h3>\n\n\n\n<span><a onclick=\"read_toggle(547379425, 'Read More | Lire la suite', 'Read Less'); return false;\" class=\"read-link\" id=\"readlink547379425\" style=\"readlink\" href=\"#\">Read More | Lire la suite<\/a><\/span>\n<div class=\"read_div\" id=\"read547379425\" style=\"display: none;\">Hi everyone! I\u2019m Natalie (she\/her). I was born Tkaronto (Toronto) and raised in between this city and Alangas\u00cd, Ecuador. I live in Tkaronto currently as I am a student at the University of Toronto where I am completing my second year of Industrial Engineering part-time so I can accommodate minors in Indigenous Studies and Latin American Studies. At UofT, I am a co-president of our chapter of Engineers Without Borders (EWB), a social impact organization which invests people and ideas that contribute to building a better world. I took on this role in order to have a platform to further my vision of a cultural shift within the engineering profession where the engineer is infused with ideals of social justice and has the tools to understand their impact on the people and the planet. This is important because engineers have enormous power as the provisioners of the design and technology which shapes many of our societies. <img loading=\"lazy\" decoding=\"async\" width=\"23\" height=\"23\" alt=\":computer:\" src=\"https:\/\/lh6.googleusercontent.com\/PvhpbMpWYddsGDRIK_wV8BWmBYYm_QwbytwhtqvYx9oAPss6l4c5W-hWxWdLlzyt4tR8MOwER3CAleX-YEq9CaJSOokf7NtvaKmMrrBJUVb-JwFf22v61xpCxCIisLcbNprUiCWK\">Some interests of mine include reading, running, biking, cooking, Latin dance, visual\/UX\/UI design, and of course learning from incredible people such as you all (feeling so blessed right now! <img loading=\"lazy\" decoding=\"async\" width=\"23\" height=\"23\" alt=\":pray:\" src=\"https:\/\/lh3.googleusercontent.com\/nrVYYOJhx8Z0A4ftL4qRsY1SksPOZLLqBDA1g5ED2TRsx5oftnlf2crbVlcDbypn2BoGlCceMKwXZROBtHY_ZJtKkA6RcOlwRTWiE26oB3yiVS0Zdd6uhqGaVwwnGR2d7xLyCTno\">) If you\u2019d like to connect, please reach out! A goal for myself during my participation in this initiative is to develop friendships despite the barriers of being online &#8211; help me reach this goal! <img loading=\"lazy\" decoding=\"async\" width=\"23\" height=\"23\" alt=\":wink:\" src=\"https:\/\/lh5.googleusercontent.com\/gWCuL7ttvRvkRVT7ajhdydeTQW6KLxcRifA4IwATcoqRF9Edc9lTv76qd1_IJc32yBvaKwmcfPJoChLvxpgLImWrxJ_wG2ho4cBSXZY6kEmVbSERjttbwM6CqkMaIBG9uRrcEeBy\"><img loading=\"lazy\" decoding=\"async\" width=\"23\" height=\"23\" alt=\":orange_heart:\" src=\"https:\/\/lh3.googleusercontent.com\/_hVwE6Fz6Z7pCwdNu9K6_Hnb4NlGDKnZiFahN_w7NNEeVm5VW4xMWEBHVIXOGHMJ93lu5hx0YDUceuc7YJiKf6vYy5Eld7H4Zh9JU_1_sTZxzxQdmlxsHW6uH7ahY9rOI0s2NMYS\"><\/div>\n<\/div>\n<\/div>\n\n\n\n<div class=\"wp-block-columns alignwide is-layout-flex wp-container-core-columns-is-layout-9d6595d7 wp-block-columns-is-layout-flex\">\n<div class=\"wp-block-column is-layout-flow wp-block-column-is-layout-flow\">\n<figure class=\"wp-block-image size-large\"><img loading=\"lazy\" decoding=\"async\" width=\"1024\" height=\"1024\" src=\"https:\/\/communityfoundations.ca\/wp-content\/uploads\/2020\/08\/Prieeyya-Kaur-Kesh-e1598468004755-1024x1024.jpg\" alt=\"\" class=\"wp-image-26898\" srcset=\"https:\/\/communityfoundations.ca\/wp-content\/uploads\/2020\/08\/Prieeyya-Kaur-Kesh-e1598468004755-1024x1024.jpg 1024w, https:\/\/communityfoundations.ca\/wp-content\/uploads\/2020\/08\/Prieeyya-Kaur-Kesh-e1598468004755-300x300.jpg 300w, https:\/\/communityfoundations.ca\/wp-content\/uploads\/2020\/08\/Prieeyya-Kaur-Kesh-e1598468004755-150x150.jpg 150w, https:\/\/communityfoundations.ca\/wp-content\/uploads\/2020\/08\/Prieeyya-Kaur-Kesh-e1598468004755-768x768.jpg 768w, https:\/\/communityfoundations.ca\/wp-content\/uploads\/2020\/08\/Prieeyya-Kaur-Kesh-e1598468004755.jpg 1125w\" sizes=\"auto, (max-width: 1024px) 100vw, 1024px\" \/><\/figure>\n\n\n\n<h3 class=\"wp-block-heading\">Prieeyya Kaur Kesh<\/h3>\n\n\n\n<span><a onclick=\"read_toggle(976186795, 'Read More | Lire la suite', 'Read Less'); return false;\" class=\"read-link\" id=\"readlink976186795\" style=\"readlink\" href=\"#\">Read More | Lire la suite<\/a><\/span>\n<div class=\"read_div\" id=\"read976186795\" style=\"display: none;\">Hi everyone! <img loading=\"lazy\" decoding=\"async\" width=\"23\" height=\"23\" alt=\":slightly_smiling_face:\" src=\"https:\/\/lh3.googleusercontent.com\/UDBODt0PjZSi-8ZuJaPVgenCvn2cQEzQpk5xIvQo1b6vxn58FoLXX5ppO_YiJOxU0SQd6g3jRnI1y_xrXmvvEuV49hvCfx11geNnh5pFR_L86SA3wxW2bwLBgV8AhQR7rqx9lvmI\"> My name is Prieeyya pronounced (Pree-yah). I grew up in Kuala Lumpur, Malaysia and moved to Toronto in 2015. I am the founder of an early stage technology education company called Our Wave Hub &#8211; we design, develop and run courses in emerging technology, soft skills training and leadership development training for people between 15-29 to prepare for the future of work. The technologies we focus on are Artificial Intelligence, Blockchain, Cybersecurity and the Internet of Things. We&rsquo;ve worked with Ryerson University, Sheridan College, Royal Bank of Canada (RBC) and the City of Brampton. Before starting Our Wave, I worked with the UNHCR, LAB B, the Ontario Centres of Excellence (OCE), and the Sikh Heritage Month Foundation in different capacities.<\/p>\n\n\n\n<p>Growing up, music was central to our childhood..My sisters and I play the piano, violin, sitar, the bongos and an ancient Sikh instrument called the Taus that resembles a peacock. We also played in a bagpipe band and got to represent Canada at the World Pipe Band Championships as a Grade 1 Tenor Drummer in the Peel Regional Police Pipe Band. Super random and I probably have forgotten all the technique at this point, but I hold a Black Belt in Taekwondo. Can&rsquo;t wait to connect with everyone&#8230;the group of people here is so diverse &amp; insanely talented!!<\/div>\n<\/div>\n\n\n\n<div class=\"wp-block-column is-layout-flow wp-block-column-is-layout-flow\">\n<figure class=\"wp-block-image size-large\"><img loading=\"lazy\" decoding=\"async\" width=\"1024\" height=\"1024\" src=\"https:\/\/communityfoundations.ca\/wp-content\/uploads\/2020\/08\/RaeChelle-Faith-Hamilton-scaled-e1598468030157-1024x1024.jpg\" alt=\"\" class=\"wp-image-26852\" srcset=\"https:\/\/communityfoundations.ca\/wp-content\/uploads\/2020\/08\/RaeChelle-Faith-Hamilton-scaled-e1598468030157-1024x1024.jpg 1024w, https:\/\/communityfoundations.ca\/wp-content\/uploads\/2020\/08\/RaeChelle-Faith-Hamilton-scaled-e1598468030157-300x300.jpg 300w, https:\/\/communityfoundations.ca\/wp-content\/uploads\/2020\/08\/RaeChelle-Faith-Hamilton-scaled-e1598468030157-150x150.jpg 150w, https:\/\/communityfoundations.ca\/wp-content\/uploads\/2020\/08\/RaeChelle-Faith-Hamilton-scaled-e1598468030157-768x768.jpg 768w, https:\/\/communityfoundations.ca\/wp-content\/uploads\/2020\/08\/RaeChelle-Faith-Hamilton-scaled-e1598468030157-1536x1536.jpg 1536w, https:\/\/communityfoundations.ca\/wp-content\/uploads\/2020\/08\/RaeChelle-Faith-Hamilton-scaled-e1598468030157.jpg 1920w\" sizes=\"auto, (max-width: 1024px) 100vw, 1024px\" \/><\/figure>\n\n\n\n<h3 class=\"wp-block-heading\">RaeChelle-Faith Hamilton&nbsp;<\/h3>\n\n\n\n<span><a onclick=\"read_toggle(1735195541, 'Read More | Lire la suite', 'Read Less'); return false;\" class=\"read-link\" id=\"readlink1735195541\" style=\"readlink\" href=\"#\">Read More | Lire la suite<\/a><\/span>\n<div class=\"read_div\" id=\"read1735195541\" style=\"display: none;\">Hi everybody! My name is RaeChelle-Faith, I&rsquo;m 25 years old, and a 2020 delegate for the ffwd2020 Summit. Born and raised in Jamaica, I graduated with an LL.B in 2016, and I&rsquo;m currently finishing up my post-grad certificate in Government Relations.&nbsp;<\/p>\n\n\n\n<p>After studying law and conducting research on the Jamaican juvenile justice system, I worked as a summer camp counsellor in Vermont (USA) with kids from primarily low-income households and state care, then in educational consulting for a bit. Next, I found my footing at Global Affairs Canada (in Jamaica) for about a year and a half working in the IRCC Division, and since January, have volunteered with M.P. Nathaniel Erskine-Smith, serving the constituents of Beaches-East York.<\/p>\n\n\n\n<p>I&rsquo;m a people-centric ambivert who believes you&rsquo;re never fully dressed without a smile!<\/p>\n\n\n\n<p>I love people, public policy, project management, youth advocacy and community capacity building, and meeting new people over good food and conversation!&nbsp; In my free time, I&rsquo;m a singer-songwriter who also likes to pretend she&rsquo;s a chef!<\/p>\n\n\n\n<p>My sincerest joy is helping to amplify the voices of Black women and creating spaces for people to feel safe and HEARD.<\/p>\n\n\n\n<p>Presently,&nbsp; I&rsquo;m working at the Yonge Street Mission as a Community Support Worker with youth from Regent Park.<\/p>\n\n\n\n<p>Looking forward to learning more about you, and from you!<\/div>\n<\/div>\n\n\n\n<div class=\"wp-block-column is-layout-flow wp-block-column-is-layout-flow\">\n<figure class=\"wp-block-image size-large\"><img loading=\"lazy\" decoding=\"async\" width=\"1024\" height=\"1024\" src=\"https:\/\/communityfoundations.ca\/wp-content\/uploads\/2020\/08\/Reece-Van-Breda-e1598468054610-1024x1024.jpg\" alt=\"\" class=\"wp-image-26850\" srcset=\"https:\/\/communityfoundations.ca\/wp-content\/uploads\/2020\/08\/Reece-Van-Breda-e1598468054610-1024x1024.jpg 1024w, https:\/\/communityfoundations.ca\/wp-content\/uploads\/2020\/08\/Reece-Van-Breda-e1598468054610-300x300.jpg 300w, https:\/\/communityfoundations.ca\/wp-content\/uploads\/2020\/08\/Reece-Van-Breda-e1598468054610-150x150.jpg 150w, https:\/\/communityfoundations.ca\/wp-content\/uploads\/2020\/08\/Reece-Van-Breda-e1598468054610-768x768.jpg 768w, https:\/\/communityfoundations.ca\/wp-content\/uploads\/2020\/08\/Reece-Van-Breda-e1598468054610-1536x1536.jpg 1536w, https:\/\/communityfoundations.ca\/wp-content\/uploads\/2020\/08\/Reece-Van-Breda-e1598468054610-2048x2048.jpg 2048w\" sizes=\"auto, (max-width: 1024px) 100vw, 1024px\" \/><\/figure>\n\n\n\n<h3 class=\"wp-block-heading\">Reece Van Breda&nbsp;<\/h3>\n\n\n\n<span><a onclick=\"read_toggle(48569529, 'Read More | Lire la suite', 'Read Less'); return false;\" class=\"read-link\" id=\"readlink48569529\" style=\"readlink\" href=\"#\">Read More | Lire la suite<\/a><\/span>\n<div class=\"read_div\" id=\"read48569529\" style=\"display: none;\">Hello \/ Bonjour \/ Hola everyone! My name is Reece Van Breda (he,him), and I was born and raised in Northwestern Ontario, and currently reside in unceded Robinson Superior Treaty (Thunder Bay). I attended Humber College for my Bachelor of International Development, but I have also lived and worked in Ukraine, Peru, Argentina, and Israel. I am currently 26 years old and l am passionate about geopolitics, international diplomacy and conflict studies, and learning Spanish. I am completing my ambassadorship with Ocean Bridge where I heard of this fantastic opportunity, and having my community project by attempting to ban single-use plastic from numerous rural Northern Ontario communities. Growing up Metis and living in numerous Northwestern Ontario communities has shaped my outlook on life and how I view Canada and the numerous domestic and international challenges that our generation can overcome together! We all have so much to learn from each other and how our lives impact our worldview through each of our own lenses on different issues, and I&rsquo;m very excited to listen in on everyone&rsquo;s voices!<\/div>\n<\/div>\n<\/div>\n\n\n\n<div class=\"wp-block-columns alignwide is-layout-flex wp-container-core-columns-is-layout-9d6595d7 wp-block-columns-is-layout-flex\">\n<div class=\"wp-block-column is-layout-flow wp-block-column-is-layout-flow\">\n<figure class=\"wp-block-image size-large\"><img loading=\"lazy\" decoding=\"async\" width=\"1024\" height=\"1024\" src=\"https:\/\/communityfoundations.ca\/wp-content\/uploads\/2020\/08\/Reem-Al-Assadi-scaled-e1598468210413-1024x1024.jpg\" alt=\"\" class=\"wp-image-26878\" srcset=\"https:\/\/communityfoundations.ca\/wp-content\/uploads\/2020\/08\/Reem-Al-Assadi-scaled-e1598468210413-1024x1024.jpg 1024w, https:\/\/communityfoundations.ca\/wp-content\/uploads\/2020\/08\/Reem-Al-Assadi-scaled-e1598468210413-300x300.jpg 300w, https:\/\/communityfoundations.ca\/wp-content\/uploads\/2020\/08\/Reem-Al-Assadi-scaled-e1598468210413-150x150.jpg 150w, https:\/\/communityfoundations.ca\/wp-content\/uploads\/2020\/08\/Reem-Al-Assadi-scaled-e1598468210413-768x768.jpg 768w, https:\/\/communityfoundations.ca\/wp-content\/uploads\/2020\/08\/Reem-Al-Assadi-scaled-e1598468210413-1536x1536.jpg 1536w, https:\/\/communityfoundations.ca\/wp-content\/uploads\/2020\/08\/Reem-Al-Assadi-scaled-e1598468210413.jpg 1708w\" sizes=\"auto, (max-width: 1024px) 100vw, 1024px\" \/><\/figure>\n\n\n\n<h3 class=\"wp-block-heading\">Reem Al Assadi<\/h3>\n\n\n\n<span><a onclick=\"read_toggle(1170187728, 'Read More | Lire la suite', 'Read Less'); return false;\" class=\"read-link\" id=\"readlink1170187728\" style=\"readlink\" href=\"#\">Read More | Lire la suite<\/a><\/span>\n<div class=\"read_div\" id=\"read1170187728\" style=\"display: none;\">Hi everyone, it&rsquo;s Reem <img loading=\"lazy\" decoding=\"async\" width=\"23\" height=\"23\" alt=\":slightly_smiling_face:\" src=\"https:\/\/lh6.googleusercontent.com\/M5mR_4w_fDttjWWc_M9pFb31jKd62vzC7fiyB9TGtbU22OUPKWPublDJpJczBYLKTAc0hXZ4hz-ujSHJuj9j6sfgJ1-nmJpgxJBQ6zyheY-IPpxm8Ep0R6ElKnPe1zq__p5bv5r0\"> I&rsquo;m a Youth Advisor on a Newcomer youth Development and Leadership program with the YMCA. I love so many things and I&rsquo;m finding myself through a journey of self-discovery and alignment with my soul, body and mind. I&rsquo;m a humanitarian, certified yoga instructor with passion for life and all that I do. I&rsquo;m truly happy to embark on this journey and to get to know all the great souls here as we share experiences, diverse backgrounds and knowledge.<\/div>\n<\/div>\n\n\n\n<div class=\"wp-block-column is-layout-flow wp-block-column-is-layout-flow\">\n<figure class=\"wp-block-image size-large\"><img loading=\"lazy\" decoding=\"async\" width=\"695\" height=\"695\" src=\"https:\/\/communityfoundations.ca\/wp-content\/uploads\/2020\/08\/Robin-De-Angelis-1.jpg\" alt=\"\" class=\"wp-image-26967\" srcset=\"https:\/\/communityfoundations.ca\/wp-content\/uploads\/2020\/08\/Robin-De-Angelis-1.jpg 695w, https:\/\/communityfoundations.ca\/wp-content\/uploads\/2020\/08\/Robin-De-Angelis-1-300x300.jpg 300w, https:\/\/communityfoundations.ca\/wp-content\/uploads\/2020\/08\/Robin-De-Angelis-1-150x150.jpg 150w\" sizes=\"auto, (max-width: 695px) 100vw, 695px\" \/><\/figure>\n\n\n\n<h3 class=\"wp-block-heading\">Robin De Angelis<\/h3>\n\n\n\n<span><a onclick=\"read_toggle(1078705798, 'Read More | Lire la suite', 'Read Less'); return false;\" class=\"read-link\" id=\"readlink1078705798\" style=\"readlink\" href=\"#\">Read More | Lire la suite<\/a><\/span>\n<div class=\"read_div\" id=\"read1078705798\" style=\"display: none;\">Hi there! My name is Robin (she\/her). I&rsquo;m 26 years old and I live in Woodstock, Ontario. I&rsquo;m originally from Sudbury, but I moved to southwestern Ontario for university. I have a master&rsquo;s degree in journalism and communications and previously worked as a journalist for CBC in Sudbury, Kitchener and London. Currently, I&rsquo;m the communications coordinator for my local art gallery and museum. I&rsquo;ve always been passionate about storytelling and local arts &amp; culture. In my spare time I consume a lot of media. I&rsquo;m a podcast addict, so please share your recommendations!<\/div>\n<\/div>\n\n\n\n<div class=\"wp-block-column is-layout-flow wp-block-column-is-layout-flow\">\n<figure class=\"wp-block-image size-large\"><img loading=\"lazy\" decoding=\"async\" width=\"1024\" height=\"1024\" src=\"https:\/\/communityfoundations.ca\/wp-content\/uploads\/2020\/08\/Rosaleen-Nguyen-scaled-e1598468302436-1024x1024.jpg\" alt=\"\" class=\"wp-image-26860\" srcset=\"https:\/\/communityfoundations.ca\/wp-content\/uploads\/2020\/08\/Rosaleen-Nguyen-scaled-e1598468302436-1024x1024.jpg 1024w, https:\/\/communityfoundations.ca\/wp-content\/uploads\/2020\/08\/Rosaleen-Nguyen-scaled-e1598468302436-300x300.jpg 300w, https:\/\/communityfoundations.ca\/wp-content\/uploads\/2020\/08\/Rosaleen-Nguyen-scaled-e1598468302436-150x150.jpg 150w, https:\/\/communityfoundations.ca\/wp-content\/uploads\/2020\/08\/Rosaleen-Nguyen-scaled-e1598468302436-768x768.jpg 768w, https:\/\/communityfoundations.ca\/wp-content\/uploads\/2020\/08\/Rosaleen-Nguyen-scaled-e1598468302436-1536x1536.jpg 1536w, https:\/\/communityfoundations.ca\/wp-content\/uploads\/2020\/08\/Rosaleen-Nguyen-scaled-e1598468302436-2048x2048.jpg 2048w\" sizes=\"auto, (max-width: 1024px) 100vw, 1024px\" \/><\/figure>\n\n\n\n<h3 class=\"wp-block-heading\">Rosaleen Nguyen<\/h3>\n\n\n\n<span><a onclick=\"read_toggle(1014781791, 'Read More | Lire la suite', 'Read Less'); return false;\" class=\"read-link\" id=\"readlink1014781791\" style=\"readlink\" href=\"#\">Read More | Lire la suite<\/a><\/span>\n<div class=\"read_div\" id=\"read1014781791\" style=\"display: none;\">Hello everyone!<\/p>\n\n\n\n<p>My name is Rosaleen Nguyen (she\/her). I\u2019m from Ottawa, Ontario (located on the unceded territory of the Algonquin Anishinabeg Nation) but reside in Montreal, Quebec (located on the unceded territory of the Kanien\u2019keh\u00e1:ka Mohawk Nation) when I\u2019m attending McGill University. I\u2019m entering my fourth and final year of my undergraduate degree studying International Development Studies with a double minor in French and Economics.&nbsp;<\/p>\n\n\n\n<p>I\u2019m passionate about a career in public service or in the nonprofit sector. Last summer, I worked for the federal government at Indigenous Services Canada and this summer, I volunteer as a mentor for senior citizens to assist them with technology and to help them connect with their loved ones during these trying times.<\/p>\n\n\n\n<p>I enjoy discussing ways to improve the social welfare of disadvantaged peoples in local and international communities through public policy.<\/p>\n\n\n\n<p>In my down time, I love watching romcoms, cooking dinner for my friends, playing online chess (badly) and discussing popular culture!<\/p>\n\n\n\n<p>Looking forward to working with you all!<\/div>\n<\/div>\n<\/div>\n\n\n\n<div class=\"wp-block-columns alignwide is-layout-flex wp-container-core-columns-is-layout-9d6595d7 wp-block-columns-is-layout-flex\">\n<div class=\"wp-block-column is-layout-flow wp-block-column-is-layout-flow\">\n<figure class=\"wp-block-image size-large\"><img loading=\"lazy\" decoding=\"async\" width=\"1024\" height=\"1024\" src=\"https:\/\/communityfoundations.ca\/wp-content\/uploads\/2020\/08\/Sajanika-1024x1024.png\" alt=\"\" class=\"wp-image-26971\" srcset=\"https:\/\/communityfoundations.ca\/wp-content\/uploads\/2020\/08\/Sajanika-1024x1024.png 1024w, https:\/\/communityfoundations.ca\/wp-content\/uploads\/2020\/08\/Sajanika-300x300.png 300w, https:\/\/communityfoundations.ca\/wp-content\/uploads\/2020\/08\/Sajanika-150x150.png 150w, https:\/\/communityfoundations.ca\/wp-content\/uploads\/2020\/08\/Sajanika-768x768.png 768w, https:\/\/communityfoundations.ca\/wp-content\/uploads\/2020\/08\/Sajanika.png 1080w\" sizes=\"auto, (max-width: 1024px) 100vw, 1024px\" \/><\/figure>\n\n\n\n<h3 class=\"wp-block-heading\">Sajanika Sivanu<\/h3>\n\n\n\n<span><a onclick=\"read_toggle(475210260, 'Read More | Lire la suite', 'Read Less'); return false;\" class=\"read-link\" id=\"readlink475210260\" style=\"readlink\" href=\"#\">Read More | Lire la suite<\/a><\/span>\n<div class=\"read_div\" id=\"read475210260\" style=\"display: none;\">Hello\/Bonjour! My name is Sajanika Sivanu (she\/her\/elle), and I\u2019m from what is currently known as Markham, Ontario. The City of Markham is located on the traditional territories of the Anishinabewaki, Mississaugas of the Credit First Nation, Huron Wendat and the Haudenosaunee people.<\/p>\n\n\n\n<p>I graduated from York University with degrees in both International Development Studies and Public Administration. My work experience primarily focused on analyzing and designing community benefit agreements for large infrastructure projects in the Greater Toronto Area (GTA) and Northern Quebec. I have since shifted my focus to women and youth empowerment. I am passionate about enhancing community engagement and partnerships to create inclusive spaces for all.<\/p>\n\n\n\n<p>Outside of school and work, I love travelling, reading, and I consider myself to be a Mac &amp; Cheese Connoisseur<\/div>\n<\/div>\n\n\n\n<div class=\"wp-block-column is-layout-flow wp-block-column-is-layout-flow\">\n<figure class=\"wp-block-image size-large\"><img loading=\"lazy\" decoding=\"async\" width=\"1024\" height=\"1024\" src=\"https:\/\/communityfoundations.ca\/wp-content\/uploads\/2020\/08\/Tat_Sandy_Headshot-e1598471841503-1024x1024.jpg\" alt=\"\" class=\"wp-image-26902\" srcset=\"https:\/\/communityfoundations.ca\/wp-content\/uploads\/2020\/08\/Tat_Sandy_Headshot-e1598471841503-1024x1024.jpg 1024w, https:\/\/communityfoundations.ca\/wp-content\/uploads\/2020\/08\/Tat_Sandy_Headshot-e1598471841503-300x300.jpg 300w, https:\/\/communityfoundations.ca\/wp-content\/uploads\/2020\/08\/Tat_Sandy_Headshot-e1598471841503-150x150.jpg 150w, https:\/\/communityfoundations.ca\/wp-content\/uploads\/2020\/08\/Tat_Sandy_Headshot-e1598471841503-768x768.jpg 768w, https:\/\/communityfoundations.ca\/wp-content\/uploads\/2020\/08\/Tat_Sandy_Headshot-e1598471841503.jpg 1474w\" sizes=\"auto, (max-width: 1024px) 100vw, 1024px\" \/><\/figure>\n\n\n\n<h3 class=\"wp-block-heading\">Sandy Tat<\/h3>\n\n\n\n<span><a onclick=\"read_toggle(266779242, 'Read More | Lire la suite', 'Read Less'); return false;\" class=\"read-link\" id=\"readlink266779242\" style=\"readlink\" href=\"#\">Read More | Lire la suite<\/a><\/span>\n<div class=\"read_div\" id=\"read266779242\" style=\"display: none;\">Hey everyone, my name is Sandy Tat! I was born and raised in Mississauga, Ontario, but I have also lived in Hamilton, where I completed my Bachelors of Health Sciences in 2018, and Toronto, where I, most recently, graduated with a Masters of Public Policy from Munk School of Global Affairs and Public Policy. I\u2019m passionate about transformative justice, healthcare, and the building and rebuilding systems for meaningful equity and sustainability. When I\u2019m not learning, reading, or acting on what I\u2019ve learned or read, I\u2019m trying out new recipes and watching horror films!<\/div>\n<\/div>\n\n\n\n<div class=\"wp-block-column is-layout-flow wp-block-column-is-layout-flow\">\n<figure class=\"wp-block-image size-large\"><img loading=\"lazy\" decoding=\"async\" width=\"1024\" height=\"1024\" src=\"https:\/\/communityfoundations.ca\/wp-content\/uploads\/2020\/08\/Sarah-Hanson-scaled-e1598471867134-1024x1024.jpg\" alt=\"\" class=\"wp-image-26848\" srcset=\"https:\/\/communityfoundations.ca\/wp-content\/uploads\/2020\/08\/Sarah-Hanson-scaled-e1598471867134-1024x1024.jpg 1024w, https:\/\/communityfoundations.ca\/wp-content\/uploads\/2020\/08\/Sarah-Hanson-scaled-e1598471867134-300x300.jpg 300w, https:\/\/communityfoundations.ca\/wp-content\/uploads\/2020\/08\/Sarah-Hanson-scaled-e1598471867134-150x150.jpg 150w, https:\/\/communityfoundations.ca\/wp-content\/uploads\/2020\/08\/Sarah-Hanson-scaled-e1598471867134-768x768.jpg 768w, https:\/\/communityfoundations.ca\/wp-content\/uploads\/2020\/08\/Sarah-Hanson-scaled-e1598471867134-1536x1536.jpg 1536w, https:\/\/communityfoundations.ca\/wp-content\/uploads\/2020\/08\/Sarah-Hanson-scaled-e1598471867134.jpg 1708w\" sizes=\"auto, (max-width: 1024px) 100vw, 1024px\" \/><\/figure>\n\n\n\n<h3 class=\"wp-block-heading\">Sarah Hanson<\/h3>\n\n\n\n<span><a onclick=\"read_toggle(639417412, 'Read More | Lire la suite', 'Read Less'); return false;\" class=\"read-link\" id=\"readlink639417412\" style=\"readlink\" href=\"#\">Read More | Lire la suite<\/a><\/span>\n<div class=\"read_div\" id=\"read639417412\" style=\"display: none;\">Boozhoo Everyone!<\/p>\n\n\n\n<p>I&rsquo;m Sarah Hanson, Anishinaabe from Biigtigong Nishnaabeg in Northwestern Ontario! I have been living and working on the traditional and unceded lands of the Algonquin Anishinaabeg in what is currently called Ottawa for the past 7 years on and off. I spend most of my days working for Experiences Canada, an education focused non-profit creating youth leadership opportunities across what is currently called Canada. Apart from work though I try to be creative through different medium and right now it is through beading and digital illustrations.<\/p>\n\n\n\n<p>I hold a degree in Biology from Queen&rsquo;s University and I&rsquo;m working part-time to finish a second in Indigenous Studies, Human Rights and Social Justice from Carleton University. These degrees in addition to my Indigenous Knowledge from growing up in my community help me to advocate for Indigenous inclusion in the Climate Change area.<\/p>\n\n\n\n<p>Super excited to be a part of this group and experience with you all!<\/div>\n<\/div>\n<\/div>\n\n\n\n<div class=\"wp-block-columns alignwide is-layout-flex wp-container-core-columns-is-layout-9d6595d7 wp-block-columns-is-layout-flex\">\n<div class=\"wp-block-column is-layout-flow wp-block-column-is-layout-flow\">\n<figure class=\"wp-block-image size-large\"><img loading=\"lazy\" decoding=\"async\" width=\"400\" height=\"400\" src=\"https:\/\/communityfoundations.ca\/wp-content\/uploads\/2020\/08\/Serisha-Iyar.jpg\" alt=\"\" class=\"wp-image-26888\" srcset=\"https:\/\/communityfoundations.ca\/wp-content\/uploads\/2020\/08\/Serisha-Iyar.jpg 400w, https:\/\/communityfoundations.ca\/wp-content\/uploads\/2020\/08\/Serisha-Iyar-300x300.jpg 300w, https:\/\/communityfoundations.ca\/wp-content\/uploads\/2020\/08\/Serisha-Iyar-150x150.jpg 150w\" sizes=\"auto, (max-width: 400px) 100vw, 400px\" \/><\/figure>\n\n\n\n<h3 class=\"wp-block-heading\">Serisha Iyar<\/h3>\n\n\n\n<span><a onclick=\"read_toggle(653848359, 'Read More | Lire la suite', 'Read Less'); return false;\" class=\"read-link\" id=\"readlink653848359\" style=\"readlink\" href=\"#\">Read More | Lire la suite<\/a><\/span>\n<div class=\"read_div\" id=\"read653848359\" style=\"display: none;\">Hi folks! My name is Serisha Iyar (she\/her) and I am the Founder and Executive Director of Leading in Colour, a community organization dedicated to providing racialized youth with the necessary tools, resources and skills training needed to conduct advocacy efforts in and for their communities. I was born in Montreal where my family landed as refugees from South Africa but have spent most of my life in Georgetown, ON and now live in Ottawa. I operate on the foundational frameworks of anti-oppression including decolonization, anti-racism and intersectional feminism. I graduated from McGill University in 2017 with a Bachelor of Arts in Political Science &amp; World Religions and currently work in human rights advocacy with an international non-profit.<\/div>\n<\/div>\n\n\n\n<div class=\"wp-block-column is-layout-flow wp-block-column-is-layout-flow\">\n<figure class=\"wp-block-image size-large\"><img loading=\"lazy\" decoding=\"async\" width=\"1024\" height=\"1024\" src=\"https:\/\/communityfoundations.ca\/wp-content\/uploads\/2020\/08\/Shalaka-Jadhav-scaled-e1598472040653-1024x1024.jpg\" alt=\"\" class=\"wp-image-26864\" srcset=\"https:\/\/communityfoundations.ca\/wp-content\/uploads\/2020\/08\/Shalaka-Jadhav-scaled-e1598472040653-1024x1024.jpg 1024w, https:\/\/communityfoundations.ca\/wp-content\/uploads\/2020\/08\/Shalaka-Jadhav-scaled-e1598472040653-300x300.jpg 300w, https:\/\/communityfoundations.ca\/wp-content\/uploads\/2020\/08\/Shalaka-Jadhav-scaled-e1598472040653-150x150.jpg 150w, https:\/\/communityfoundations.ca\/wp-content\/uploads\/2020\/08\/Shalaka-Jadhav-scaled-e1598472040653-768x768.jpg 768w, https:\/\/communityfoundations.ca\/wp-content\/uploads\/2020\/08\/Shalaka-Jadhav-scaled-e1598472040653-1536x1536.jpg 1536w, https:\/\/communityfoundations.ca\/wp-content\/uploads\/2020\/08\/Shalaka-Jadhav-scaled-e1598472040653.jpg 2016w\" sizes=\"auto, (max-width: 1024px) 100vw, 1024px\" \/><\/figure>\n\n\n\n<h3 class=\"wp-block-heading\">Shalaka Jadhav<\/h3>\n\n\n\n<span><a onclick=\"read_toggle(675801739, 'Read More | Lire la suite', 'Read Less'); return false;\" class=\"read-link\" id=\"readlink675801739\" style=\"readlink\" href=\"#\">Read More | Lire la suite<\/a><\/span>\n<div class=\"read_div\" id=\"read675801739\" style=\"display: none;\">Hi all, good to e-meet you, Shalaka (she\/they) here! I currently work at Youth Climate Lab as the Design &amp; Community Manager. As a twice-over immigrant, I\u2019m interested in pursuing questions around value relating to power and authority.&nbsp; In the past year, I\u2019ve worked in an editorial role to launch the inaugural issue of Textile, a magazine focused on uplifting and prioritizing underrepresented voices in the Haldimand Tract (Waterloo Region), during which I developed and executed workshops with equity-seeking youth. I\u2019m interested in how arts-based methodologies can provoke new collaborations, and have worked with elders from Saddle Lake Cree Nation and graduate students at the University of Alberta to produce an augmented reality installation that prioritized Indigenous approaches to knowledge and storytelling. I\u2019m soon to publish work with the Aboriginal Curatorial Collective, and have performed work at the 2019 Common Waters festival.&nbsp; While I\u2019m trained as an urban planner, I hope to follow the advice of aptitude tests to pursue curatorial studies. I enjoy studying the menus of local restaurants for fun, and always order dessert.<\/div>\n<\/div>\n\n\n\n<div class=\"wp-block-column is-layout-flow wp-block-column-is-layout-flow\">\n<figure class=\"wp-block-image size-large\"><img loading=\"lazy\" decoding=\"async\" width=\"1024\" height=\"1024\" src=\"https:\/\/communityfoundations.ca\/wp-content\/uploads\/2020\/08\/Tahmid-Rouf-scaled-e1598472070613-1024x1024.jpg\" alt=\"\" class=\"wp-image-26880\" srcset=\"https:\/\/communityfoundations.ca\/wp-content\/uploads\/2020\/08\/Tahmid-Rouf-scaled-e1598472070613-1024x1024.jpg 1024w, https:\/\/communityfoundations.ca\/wp-content\/uploads\/2020\/08\/Tahmid-Rouf-scaled-e1598472070613-300x300.jpg 300w, https:\/\/communityfoundations.ca\/wp-content\/uploads\/2020\/08\/Tahmid-Rouf-scaled-e1598472070613-150x150.jpg 150w, https:\/\/communityfoundations.ca\/wp-content\/uploads\/2020\/08\/Tahmid-Rouf-scaled-e1598472070613-768x768.jpg 768w, https:\/\/communityfoundations.ca\/wp-content\/uploads\/2020\/08\/Tahmid-Rouf-scaled-e1598472070613-1536x1536.jpg 1536w, https:\/\/communityfoundations.ca\/wp-content\/uploads\/2020\/08\/Tahmid-Rouf-scaled-e1598472070613.jpg 1702w\" sizes=\"auto, (max-width: 1024px) 100vw, 1024px\" \/><\/figure>\n\n\n\n<h3 class=\"wp-block-heading\">Tahmid Rouf<\/h3>\n\n\n\n<span><a onclick=\"read_toggle(2138084169, 'Read More | Lire la suite', 'Read Less'); return false;\" class=\"read-link\" id=\"readlink2138084169\" style=\"readlink\" href=\"#\">Read More | Lire la suite<\/a><\/span>\n<div class=\"read_div\" id=\"read2138084169\" style=\"display: none;\">Hello everyone, super impressive bios, I had fun reading them!<\/p>\n\n\n\n<p>I am a PhD student at York University researching migration, social mobility, digital technology and NGO work. I am also passionate about community development and youth work, a sector I have been involved in for about a decade locally (Toronto) and a bit abroad (Barbados &amp; Bangladesh). As an aspiring social entrepreneur, I ideate, attract funding and evaluate grassroot youth groups\/projects such as Entrepreneurship &amp; Technology for Youth (ETY). Currently, I also serve as the facilitator of a network of youth serving agencies in Toronto called the Neighbourhood Youth Alliance (NYA) and youth coordinator for the Bangladeshi-Canadian Community Services (BCS).<\/p>\n\n\n\n<p>My interest in the conference theme on the future of work stems from previous first hand experiences in an immigrant family struggling with labour market and deprofessionalization in the Canadian context. Aside from academia and youth work, I have a diverse set of hobbies and interests that include watching documentaries, listening to hip hop (old and new school), playing Tetris and investing (financial).<\/p>\n\n\n\n<p>Here&rsquo;s a picture of me taken during one of our youth programs where we covered photography and digital editing.<\/div>\n<\/div>\n<\/div>\n\n\n\n<div class=\"wp-block-columns alignwide is-layout-flex wp-container-core-columns-is-layout-9d6595d7 wp-block-columns-is-layout-flex\">\n<div class=\"wp-block-column is-layout-flow wp-block-column-is-layout-flow\">\n<figure class=\"wp-block-image size-large\"><img loading=\"lazy\" decoding=\"async\" width=\"649\" height=\"649\" src=\"https:\/\/communityfoundations.ca\/wp-content\/uploads\/2020\/08\/Tenzin-Norzin_2020-e1598472184300.jpg\" alt=\"\" class=\"wp-image-26862\" srcset=\"https:\/\/communityfoundations.ca\/wp-content\/uploads\/2020\/08\/Tenzin-Norzin_2020-e1598472184300.jpg 649w, https:\/\/communityfoundations.ca\/wp-content\/uploads\/2020\/08\/Tenzin-Norzin_2020-e1598472184300-300x300.jpg 300w, https:\/\/communityfoundations.ca\/wp-content\/uploads\/2020\/08\/Tenzin-Norzin_2020-e1598472184300-150x150.jpg 150w\" sizes=\"auto, (max-width: 649px) 100vw, 649px\" \/><\/figure>\n\n\n\n<h3 class=\"wp-block-heading\">Tenzin Norzin<\/h3>\n\n\n\n<span><a onclick=\"read_toggle(1764022799, 'Read More | Lire la suite', 'Read Less'); return false;\" class=\"read-link\" id=\"readlink1764022799\" style=\"readlink\" href=\"#\">Read More | Lire la suite<\/a><\/span>\n<div class=\"read_div\" id=\"read1764022799\" style=\"display: none;\">Hello everyone! I am Tenzin Norzin (she\/her). I was born in India and am a descendant of Tibetan refugees. I lived in India and Nepal before immigrating to Canada.<\/p>\n\n\n\n<p>I am a current Master of Public Health (Epidemiology) student at the University of Toronto. I completed my Honours Bachelor of Science in Biomedical Sciences from Ryerson University.<\/p>\n\n\n\n<p>I am interested in studying health inequities and their role in the epidemiology of diseases. I aim to contribute to the policymaking process by conducting robust epidemiological studies that can aid in making evidence-informed decisions to improve the health of marginalized populations.<\/div>\n<\/div>\n\n\n\n<div class=\"wp-block-column is-layout-flow wp-block-column-is-layout-flow\">\n<figure class=\"wp-block-image size-large\"><img loading=\"lazy\" decoding=\"async\" width=\"960\" height=\"960\" src=\"https:\/\/communityfoundations.ca\/wp-content\/uploads\/2020\/08\/Vincent-Kang.jpg\" alt=\"\" class=\"wp-image-26884\" srcset=\"https:\/\/communityfoundations.ca\/wp-content\/uploads\/2020\/08\/Vincent-Kang.jpg 960w, https:\/\/communityfoundations.ca\/wp-content\/uploads\/2020\/08\/Vincent-Kang-300x300.jpg 300w, https:\/\/communityfoundations.ca\/wp-content\/uploads\/2020\/08\/Vincent-Kang-150x150.jpg 150w, https:\/\/communityfoundations.ca\/wp-content\/uploads\/2020\/08\/Vincent-Kang-768x768.jpg 768w\" sizes=\"auto, (max-width: 960px) 100vw, 960px\" \/><\/figure>\n\n\n\n<h3 class=\"wp-block-heading\">Vincent Kang<\/h3>\n\n\n\n<span><a onclick=\"read_toggle(457743777, 'Read More | Lire la suite', 'Read Less'); return false;\" class=\"read-link\" id=\"readlink457743777\" style=\"readlink\" href=\"#\">Read More | Lire la suite<\/a><\/span>\n<div class=\"read_div\" id=\"read457743777\" style=\"display: none;\">Hello everyone <img loading=\"lazy\" decoding=\"async\" width=\"23\" height=\"23\" alt=\":slightly_smiling_face:\" src=\"https:\/\/lh6.googleusercontent.com\/mDlrDrmiDiM03Z8GnLfnj04F0KrPZTpcu1z3ELk3MSyuQhgofBppxsfjI-_pMpUua1kBGaKfICiE-1QWA4juWSabfasb-BECLYlxE_R02CVKBbukFbmdDyD1qPtzsFPWtFBJ_hmy\"> I&rsquo;m Vince. I&rsquo;m from the Greater Toronto Area (specifically Whitby). My mom was a refugee from Cambodia and I am a first generation Canadian. I graduated from the University of Ottawa for History and Political Science but have since taken a career in the restaurant industry as the Franchise Director at Halibut House Fish and Chips. I&rsquo;m excited to work with some great minds to building a brighter future for the next generation (especially because I&rsquo;ll be a father in January <img loading=\"lazy\" decoding=\"async\" width=\"23\" height=\"23\" alt=\":slightly_smiling_face:\" src=\"https:\/\/lh6.googleusercontent.com\/yAy_yvHCWmDPdrYbOGVahPGU42fQ2I4h_A-ZTUlTZbubLrKXgxffusss-iziVb3x6XQWh67KcP2R2nkBP8LQCiOVoJjIXnzp-b5PnWPW3naX3DBUaqebAOlGbFxppywkQwzZyr9o\"> )In my off time I love to play volleyball, basketball and cheer on our Toronto Raptors <img loading=\"lazy\" decoding=\"async\" width=\"23\" height=\"23\" alt=\":slightly_smiling_face:\" src=\"https:\/\/lh4.googleusercontent.com\/ZqK8oQRKJQPFwIk-OzdsGKYmRpIyPxtDiRSP5OiauTWgP2LVl8UTSn2LbiS9npS-c1J4p2l27Bretabp8XhwZoxbbfPjH8_11j6kW2UmMBSj32psiKItAT1L57Qn1xssIfTPJPpG\"> Really looking forward to getting to know everyone and working together on this awesome project.<\/div>\n<\/div>\n\n\n\n<div class=\"wp-block-column is-layout-flow wp-block-column-is-layout-flow\">\n<figure class=\"wp-block-image size-large\"><img loading=\"lazy\" decoding=\"async\" width=\"1024\" height=\"1002\" src=\"https:\/\/communityfoundations.ca\/wp-content\/uploads\/2020\/08\/Kayne-1024x1002.jpg\" alt=\"\" class=\"wp-image-27069\" srcset=\"https:\/\/communityfoundations.ca\/wp-content\/uploads\/2020\/08\/Kayne-1024x1002.jpg 1024w, https:\/\/communityfoundations.ca\/wp-content\/uploads\/2020\/08\/Kayne-300x294.jpg 300w, https:\/\/communityfoundations.ca\/wp-content\/uploads\/2020\/08\/Kayne-768x751.jpg 768w, https:\/\/communityfoundations.ca\/wp-content\/uploads\/2020\/08\/Kayne-1536x1503.jpg 1536w, https:\/\/communityfoundations.ca\/wp-content\/uploads\/2020\/08\/Kayne-2048x2004.jpg 2048w\" sizes=\"auto, (max-width: 1024px) 100vw, 1024px\" \/><\/figure>\n\n\n\n<h3 class=\"wp-block-heading\">Kayne Rivers<\/h3>\n\n\n\n<span><a onclick=\"read_toggle(1702427166, 'Read More | Lire la suite', 'Read Less'); return false;\" class=\"read-link\" id=\"readlink1702427166\" style=\"readlink\" href=\"#\">Read More | Lire la suite<\/a><\/span>\n<div class=\"read_div\" id=\"read1702427166\" style=\"display: none;\">Hey all,<\/p>\n\n\n\n<p>Its been so great reading all of your bios and i can&rsquo;t wait to get to know you more personally.<\/p>\n\n\n\n<p>My name is Kayne Rivers (preferred) and currently i&rsquo;m studying at the University of Waterloo; pursuing a Masters in Peace and Conflict studies. I have the goal of pursuing a joint PHD and JD so that I can continue studying\/altering the way we think about Peace while working in the human rights\/ immigration sector. However, academia aside I have been involved with BIPOC initiatives for much of my adult life resulting in the founding of my own NGO called the Black Lily Org. Among other things I have also worked abroad as a teacher in Korea at Handong University and as a Youth Engagement Officer in Lima, Peru for Eqwip Hubs. In my spare time I love to host dinner parties and make meals from scratch, practice MMA and read Poetry.<\/p>\n\n\n\n<p>I cant wait to meet you all.<\/div>\n<\/div>\n<\/div>\n\n\n\n<div class=\"wp-block-columns alignwide is-layout-flex wp-container-core-columns-is-layout-9d6595d7 wp-block-columns-is-layout-flex\">\n<div class=\"wp-block-column is-layout-flow wp-block-column-is-layout-flow\">\n<figure class=\"wp-block-image size-large\"><img loading=\"lazy\" decoding=\"async\" width=\"1024\" height=\"1024\" src=\"https:\/\/communityfoundations.ca\/wp-content\/uploads\/2020\/08\/FFWD-Stock-1024x1024.png\" alt=\"\" class=\"wp-image-26726\" srcset=\"https:\/\/communityfoundations.ca\/wp-content\/uploads\/2020\/08\/FFWD-Stock-1024x1024.png 1024w, https:\/\/communityfoundations.ca\/wp-content\/uploads\/2020\/08\/FFWD-Stock-300x300.png 300w, https:\/\/communityfoundations.ca\/wp-content\/uploads\/2020\/08\/FFWD-Stock-150x150.png 150w, https:\/\/communityfoundations.ca\/wp-content\/uploads\/2020\/08\/FFWD-Stock-768x768.png 768w, https:\/\/communityfoundations.ca\/wp-content\/uploads\/2020\/08\/FFWD-Stock.png 1080w\" sizes=\"auto, (max-width: 1024px) 100vw, 1024px\" \/><\/figure>\n\n\n\n<h3 class=\"wp-block-heading\">Andre Barnett<\/h3>\n\n\n\n<span><a onclick=\"read_toggle(588886167, 'Read More | Lire la suite', 'Read Less'); return false;\" class=\"read-link\" id=\"readlink588886167\" style=\"readlink\" href=\"#\">Read More | Lire la suite<\/a><\/span>\n<div class=\"read_div\" id=\"read588886167\" style=\"display: none;\">Hey Everyone!<\/p>\n\n\n\n<p>My name is Andre. I was born and raised in Toronto and I am from the Jane and Finch community. A little about myself self, I have worked in my community for about seven years and three years in different areas in the GTA. I am currently in the social work program at Algoma University up north. I am going into my final year! I can\u2019t wait to meet you all! Peace and love.<\/div>\n<\/div>\n\n\n\n<div class=\"wp-block-column is-layout-flow wp-block-column-is-layout-flow\">\n<figure class=\"wp-block-image size-large\"><img loading=\"lazy\" decoding=\"async\" width=\"1024\" height=\"1024\" src=\"https:\/\/communityfoundations.ca\/wp-content\/uploads\/2020\/08\/PragyaDawadi-1024x1024.jpeg\" alt=\"\" class=\"wp-image-26908\" srcset=\"https:\/\/communityfoundations.ca\/wp-content\/uploads\/2020\/08\/PragyaDawadi-1024x1024.jpeg 1024w, https:\/\/communityfoundations.ca\/wp-content\/uploads\/2020\/08\/PragyaDawadi-300x300.jpeg 300w, https:\/\/communityfoundations.ca\/wp-content\/uploads\/2020\/08\/PragyaDawadi-150x150.jpeg 150w, https:\/\/communityfoundations.ca\/wp-content\/uploads\/2020\/08\/PragyaDawadi-768x768.jpeg 768w, https:\/\/communityfoundations.ca\/wp-content\/uploads\/2020\/08\/PragyaDawadi-1536x1536.jpeg 1536w, https:\/\/communityfoundations.ca\/wp-content\/uploads\/2020\/08\/PragyaDawadi.jpeg 1741w\" sizes=\"auto, (max-width: 1024px) 100vw, 1024px\" \/><\/figure>\n\n\n\n<h3 class=\"wp-block-heading\">Pragya Dawadi<\/h3>\n\n\n\n<span><a onclick=\"read_toggle(363051593, 'Read More | Lire la suite', 'Read Less'); return false;\" class=\"read-link\" id=\"readlink363051593\" style=\"readlink\" href=\"#\">Read More | Lire la suite<\/a><\/span>\n<div class=\"read_div\" id=\"read363051593\" style=\"display: none;\">Hi everyone! So excited to meet all of you.<\/p>\n\n\n\n<p>My name is Pragya (she\/her) and I call Canada, South Africa and Nepal home. I\u2019m passionate about the innovative uses of capital, business, and data as instruments for building a better world. As a Program Manager at Youth Climate Lab, I am working to scale projects that empower youth in climate entrepreneurship and policy.<\/p>\n\n\n\n<p>Prior to joining Youth Climate Lab, I supported entrepreneurs create and launch startups with a focus on increasing social, environmental, and economic returns. Inspired by the power of inclusive dialogue as a tool to empower and build resilient communities, I co-founded the Dialogue Xchange.<\/p>\n\n\n\n<p>I hold a Bachelor\u2019s degree in Mathematics from the University of Waterloo and recently graduated with a Masters of Economics from York University.<\/div>\n<\/div>\n\n\n\n<div class=\"wp-block-column is-layout-flow wp-block-column-is-layout-flow\">\n<figure class=\"wp-block-image size-large\"><img loading=\"lazy\" decoding=\"async\" width=\"1024\" height=\"1024\" src=\"https:\/\/communityfoundations.ca\/wp-content\/uploads\/2020\/08\/Mahsa-Aghamiri-1024x1024.jpg\" alt=\"\" class=\"wp-image-26866\" srcset=\"https:\/\/communityfoundations.ca\/wp-content\/uploads\/2020\/08\/Mahsa-Aghamiri-1024x1024.jpg 1024w, https:\/\/communityfoundations.ca\/wp-content\/uploads\/2020\/08\/Mahsa-Aghamiri-300x300.jpg 300w, https:\/\/communityfoundations.ca\/wp-content\/uploads\/2020\/08\/Mahsa-Aghamiri-150x150.jpg 150w, https:\/\/communityfoundations.ca\/wp-content\/uploads\/2020\/08\/Mahsa-Aghamiri-768x768.jpg 768w, https:\/\/communityfoundations.ca\/wp-content\/uploads\/2020\/08\/Mahsa-Aghamiri-1536x1536.jpg 1536w, https:\/\/communityfoundations.ca\/wp-content\/uploads\/2020\/08\/Mahsa-Aghamiri.jpg 1829w\" sizes=\"auto, (max-width: 1024px) 100vw, 1024px\" \/><\/figure>\n\n\n\n<h3 class=\"wp-block-heading\">Mahsa Aghamiri<\/h3>\n\n\n\n<span><a onclick=\"read_toggle(708686863, 'Read More | Lire la suite', 'Read Less'); return false;\" class=\"read-link\" id=\"readlink708686863\" style=\"readlink\" href=\"#\">Read More | Lire la suite<\/a><\/span>\n<div class=\"read_div\" id=\"read708686863\" style=\"display: none;\">Hi everyone <img loading=\"lazy\" decoding=\"async\" width=\"23\" height=\"23\" alt=\":wave:\" src=\"https:\/\/lh3.googleusercontent.com\/U0YeXw9ow3rn1TGuNc0I9BeEkKWVcifMgo9t6AxDhRP7zQAzd2PINvWturzbMjB-a4wy8R8ZC9jh7Rt5wV5g3ZaaYmixXh-AiS0fLwvioOrJWyL0yrtA4NX1Amol0aREwy7MitRf\">&nbsp; I am very excited to be part of this summit and surrounded by such bright and motivated individuals!<\/p>\n\n\n\n<p>My name is Mahsa and I am from Toronto. I recently finished my Master in Public Policy and Administration and am doing a co-op term in the Ontario government as a policy analyst working on a variety of projects surrounding marginalized populations. I am passionate about social policy, technology and innovation so always open to discussing new ideas and future of work is right up my alley.<\/p>\n\n\n\n<p>In my free time, I love to bake, travel and currently doing day trips and joining lots of virtual events!I can\u2019t wait to connect with you all and learn from one another&nbsp;<img loading=\"lazy\" decoding=\"async\" width=\"23\" height=\"23\" alt=\":blush:\" src=\"https:\/\/lh6.googleusercontent.com\/GUF2CPGh9FDMVobl0B4LkpYwxiA4x5NvaBqiBEVty6DKCChmzoAS0tXiUTw8rxY7biYb2tSLoNIVIpFiJ-BBMbfL-RVeaLVnoUK3PAYzh8p20AStx92jxi7XqUcyduA7OPDx7xir\"><\/div>\n<\/div>\n<\/div>\n\n\n\n<div class=\"wp-block-columns alignwide is-layout-flex wp-container-core-columns-is-layout-9d6595d7 wp-block-columns-is-layout-flex\">\n<div class=\"wp-block-column is-layout-flow wp-block-column-is-layout-flow\">\n<figure class=\"wp-block-image size-large\"><img loading=\"lazy\" decoding=\"async\" width=\"1024\" height=\"1024\" src=\"https:\/\/communityfoundations.ca\/wp-content\/uploads\/2020\/08\/Forrest-Heard-e1598473750404-1024x1024.jpg\" alt=\"\" class=\"wp-image-26916\" srcset=\"https:\/\/communityfoundations.ca\/wp-content\/uploads\/2020\/08\/Forrest-Heard-e1598473750404-1024x1024.jpg 1024w, https:\/\/communityfoundations.ca\/wp-content\/uploads\/2020\/08\/Forrest-Heard-e1598473750404-300x300.jpg 300w, https:\/\/communityfoundations.ca\/wp-content\/uploads\/2020\/08\/Forrest-Heard-e1598473750404-150x150.jpg 150w, https:\/\/communityfoundations.ca\/wp-content\/uploads\/2020\/08\/Forrest-Heard-e1598473750404-768x768.jpg 768w, https:\/\/communityfoundations.ca\/wp-content\/uploads\/2020\/08\/Forrest-Heard-e1598473750404.jpg 1430w\" sizes=\"auto, (max-width: 1024px) 100vw, 1024px\" \/><\/figure>\n\n\n\n<h3 class=\"wp-block-heading\">Forrest Heard<\/h3>\n\n\n\n<span><a onclick=\"read_toggle(2104246720, 'Read More | Lire la suite', 'Read Less'); return false;\" class=\"read-link\" id=\"readlink2104246720\" style=\"readlink\" href=\"#\">Read More | Lire la suite<\/a><\/span>\n<div class=\"read_div\" id=\"read2104246720\" style=\"display: none;\">Forrest Heard is a graphic and user experience designer. She is a strategic, creative, passionate, empathetic, and user-focused, problem solver. Forrest came into the graphic &amp; UX design world after a childhood of responsibility and leadership roles, through being the oldest of 4 children, sea cadets, and volunteering. Forrest grew up immersed in the field of entrepreneurship and community development from her father. She loves developing solutions that are unique, effective, and beautiful. Through obstacles and successes, Forrest has learned to embrace and meet challenges head on.<\/p>\n\n\n\n<p>Forrest has been working in the field of graphic and UX design for little over two years following her education. Forrest worked in the Marketing and Communication Department at St. Lawrence College for just over a year and just finished her one year internship in the Continuing Education and E-Learning Department at Sault College. Forrest earned her advanced diploma in graphic design and her graduate certificate in user experience design at St. Lawrence College.&nbsp;<\/p>\n\n\n\n<p>Forrest is also an active volunteer in her community always willing to help out different sporting associations in Elliot Lake and helping the local Rotary Club. Her parents have always been a big part of the community through volunteering and Forrest is following in their footsteps.<\/div>\n<\/div>\n\n\n\n<div class=\"wp-block-column is-layout-flow wp-block-column-is-layout-flow\">\n<figure class=\"wp-block-image size-large\"><img loading=\"lazy\" decoding=\"async\" width=\"500\" height=\"500\" src=\"https:\/\/communityfoundations.ca\/wp-content\/uploads\/2020\/08\/Zoe-Woods.jpg\" alt=\"\" class=\"wp-image-26872\" srcset=\"https:\/\/communityfoundations.ca\/wp-content\/uploads\/2020\/08\/Zoe-Woods.jpg 500w, https:\/\/communityfoundations.ca\/wp-content\/uploads\/2020\/08\/Zoe-Woods-300x300.jpg 300w, https:\/\/communityfoundations.ca\/wp-content\/uploads\/2020\/08\/Zoe-Woods-150x150.jpg 150w\" sizes=\"auto, (max-width: 500px) 100vw, 500px\" \/><\/figure>\n\n\n\n<h3 class=\"wp-block-heading\">Zoe Woods<\/h3>\n\n\n\n<span><a onclick=\"read_toggle(929417704, 'Read More | Lire la suite', 'Read Less'); return false;\" class=\"read-link\" id=\"readlink929417704\" style=\"readlink\" href=\"#\">Read More | Lire la suite<\/a><\/span>\n<div class=\"read_div\" id=\"read929417704\" style=\"display: none;\">Hello everyone! My name is Zoe (she\/her) and I&rsquo;m so excited to meet and co-create with all of you!<\/p>\n\n\n\n<p>Zoe Woods is a global citizen with a deep love of learning. Born in Hong Kong, brought up in Bermuda, and currently calling Canada home, she is passionate about creating flexible, location-independent jobs that empower others to find their next great adventure. After graduating from Western&rsquo;s Ivey Business School, she spent time in Human Capital Consulting before transitioning to a research role with the Future of Canada Centre. Her time there allowed her to explore issues critical to Canada&rsquo;s future prosperity. Her research focused on the future of diversity and inclusion, Canadian competitiveness and productivity, and the determinants of long-term organizational success.<\/p>\n\n\n\n<p>Outside the office, Zoe is a certified yoga teacher, and enjoys giving back through her memberships to the AGO Next Committee and the Toronto Vision Next Program.<\/p>\n\n\n\n<p>In her spare time Zoe can be found drinking tea, practicing yoga, hunting down interesting new craft beers, and embarking on crafty DIY projects.<\/div>\n<\/div>\n\n\n\n<div class=\"wp-block-column is-layout-flow wp-block-column-is-layout-flow\">\n<figure class=\"wp-block-image size-large\"><img loading=\"lazy\" decoding=\"async\" width=\"479\" height=\"479\" src=\"https:\/\/communityfoundations.ca\/wp-content\/uploads\/2020\/08\/Muskaan-Jindani--e1598473826842.jpg\" alt=\"\" class=\"wp-image-26874\" srcset=\"https:\/\/communityfoundations.ca\/wp-content\/uploads\/2020\/08\/Muskaan-Jindani--e1598473826842.jpg 479w, https:\/\/communityfoundations.ca\/wp-content\/uploads\/2020\/08\/Muskaan-Jindani--e1598473826842-300x300.jpg 300w, https:\/\/communityfoundations.ca\/wp-content\/uploads\/2020\/08\/Muskaan-Jindani--e1598473826842-150x150.jpg 150w\" sizes=\"auto, (max-width: 479px) 100vw, 479px\" \/><\/figure>\n\n\n\n<h3 class=\"wp-block-heading\">Muskaan Jindani<\/h3>\n\n\n\n<span><a onclick=\"read_toggle(1360853274, 'Read More | Lire la suite', 'Read Less'); return false;\" class=\"read-link\" id=\"readlink1360853274\" style=\"readlink\" href=\"#\">Read More | Lire la suite<\/a><\/span>\n<div class=\"read_div\" id=\"read1360853274\" style=\"display: none;\">Hello everyone. I\u2019m Muskaan Jindani (she\/her). I am currently studying Political Science as I plan on attending law school in the future. I have volunteered for several organizations such as the Canadian Cancer Society, Amnesty International, World Wildlife Foundation and Green Living. I am also a co-founder of Global Connection, a non-profit organization that provides an opportunity for youth to voice their opinions on events that are happening around the world no matter where they are.<\/p>\n\n\n\n<p>I believe in building a society where people can advocate for themselves and others without masking a fake persona to fit in society. I am very passionate about philosophy, politics, chess and literally any form of arts.<\/p>\n\n\n\n<p>Thank you so much for this opportunity! Can&rsquo;t wait to interact more with you guys!!<\/div>\n<\/div>\n<\/div>\n\n\n\n<div class=\"wp-block-columns alignwide is-layout-flex wp-container-core-columns-is-layout-9d6595d7 wp-block-columns-is-layout-flex\">\n<div class=\"wp-block-column is-layout-flow wp-block-column-is-layout-flow\">\n<figure class=\"wp-block-image size-large\"><img loading=\"lazy\" decoding=\"async\" width=\"1024\" height=\"1024\" src=\"https:\/\/communityfoundations.ca\/wp-content\/uploads\/2020\/08\/Paige-Percy-e1598970105545-1024x1024.jpg\" alt=\"\" class=\"wp-image-26772\" srcset=\"https:\/\/communityfoundations.ca\/wp-content\/uploads\/2020\/08\/Paige-Percy-e1598970105545-1024x1024.jpg 1024w, https:\/\/communityfoundations.ca\/wp-content\/uploads\/2020\/08\/Paige-Percy-e1598970105545-300x300.jpg 300w, https:\/\/communityfoundations.ca\/wp-content\/uploads\/2020\/08\/Paige-Percy-e1598970105545-150x150.jpg 150w, https:\/\/communityfoundations.ca\/wp-content\/uploads\/2020\/08\/Paige-Percy-e1598970105545-768x768.jpg 768w, https:\/\/communityfoundations.ca\/wp-content\/uploads\/2020\/08\/Paige-Percy-e1598970105545.jpg 1536w\" sizes=\"auto, (max-width: 1024px) 100vw, 1024px\" \/><\/figure>\n\n\n\n<h3 class=\"wp-block-heading\">Paige Percy<\/h3>\n\n\n\n<span><a onclick=\"read_toggle(1853486515, 'Read More | Lire la suite', 'Read Less'); return false;\" class=\"read-link\" id=\"readlink1853486515\" style=\"readlink\" href=\"#\">Read More | Lire la suite<\/a><\/span>\n<div class=\"read_div\" id=\"read1853486515\" style=\"display: none;\">Hey Everyone!!<\/p>\n\n\n\n<p>My name is Paige (she\/her\/Elle)! I\u2019m from a small rural town outside of Ottawa on the ancestral lands of the Anishinabewaki, Huron-Wendat, Algonquin, Haudenosaunee, and Iroquoian people. I just finished my undergrad degree at Mount Allison University doing Honours Political Science with minors in Philosophy and International Politics. This fall I am starting my masters at Memorial University in Newfoundland in Environmental Policy. My masters thesis is going to explore rural\/urban public space activism of agricultural protestors in response to international trade agreements.<\/p>\n\n\n\n<p>My interests include all things politics (I could talk and discuss politics all day!), eliminating and advocating against patriarchal violence, and travelling! I lived in Hong Kong for 4 months and have travelled to 14 different countries! If I could have dinner with anyone, my dream dinner guest would be Alexandria Ocasio-Cortez!<\/div>\n<\/div>\n\n\n\n<div class=\"wp-block-column is-layout-flow wp-block-column-is-layout-flow\">\n<figure class=\"wp-block-image size-large\"><img loading=\"lazy\" decoding=\"async\" width=\"1024\" height=\"1019\" src=\"https:\/\/communityfoundations.ca\/wp-content\/uploads\/2020\/09\/dlam_headshot-1024x1019.jpg\" alt=\"\" class=\"wp-image-27147\" srcset=\"https:\/\/communityfoundations.ca\/wp-content\/uploads\/2020\/09\/dlam_headshot-1024x1019.jpg 1024w, https:\/\/communityfoundations.ca\/wp-content\/uploads\/2020\/09\/dlam_headshot-300x300.jpg 300w, https:\/\/communityfoundations.ca\/wp-content\/uploads\/2020\/09\/dlam_headshot-150x150.jpg 150w, https:\/\/communityfoundations.ca\/wp-content\/uploads\/2020\/09\/dlam_headshot-768x764.jpg 768w, https:\/\/communityfoundations.ca\/wp-content\/uploads\/2020\/09\/dlam_headshot-1536x1529.jpg 1536w, https:\/\/communityfoundations.ca\/wp-content\/uploads\/2020\/09\/dlam_headshot-2048x2038.jpg 2048w\" sizes=\"auto, (max-width: 1024px) 100vw, 1024px\" \/><\/figure>\n\n\n\n<h3 class=\"wp-block-heading\">Don Lam<\/h3>\n\n\n\n<span><a onclick=\"read_toggle(1343985028, 'Read More | Lire la suite', 'Read Less'); return false;\" class=\"read-link\" id=\"readlink1343985028\" style=\"readlink\" href=\"#\">Read More | Lire la suite<\/a><\/span>\n<div class=\"read_div\" id=\"read1343985028\" style=\"display: none;\">Hi everyone! My name is Don and I&rsquo;m from Brampton, ON. I completed my BComm majoring in Law and Business at Ryerson University back in 2019 so I like to consider Toronto as a second home. I currently work within the Early Talent Acquisition space at RBC where I support and coordinate campus recruitment operations for several areas of business. I&rsquo;m an aspiring HR leader who hopes to make an impact by advocating and contributing to a more inclusive workspace. In my free time, you can find me binging shows on Netflix or immersed in a book while drinking boba (coco is my go to!).<\/div>\n<\/div>\n\n\n\n<div class=\"wp-block-column is-layout-flow wp-block-column-is-layout-flow\"><\/div>\n<\/div>\n\n\n\n<a name=\"Quebec\"><h2>Qu\u00e9bec<\/h2><\/a>\n\n\n\n<div class=\"wp-block-columns alignwide is-layout-flex wp-container-core-columns-is-layout-9d6595d7 wp-block-columns-is-layout-flex\">\n<div class=\"wp-block-column is-layout-flow wp-block-column-is-layout-flow\">\n<figure class=\"wp-block-image size-large\"><img loading=\"lazy\" decoding=\"async\" width=\"1024\" height=\"1024\" src=\"https:\/\/communityfoundations.ca\/wp-content\/uploads\/2020\/08\/Florence-Yee-1024x1024.jpg\" alt=\"\" class=\"wp-image-26983\" srcset=\"https:\/\/communityfoundations.ca\/wp-content\/uploads\/2020\/08\/Florence-Yee-1024x1024.jpg 1024w, https:\/\/communityfoundations.ca\/wp-content\/uploads\/2020\/08\/Florence-Yee-300x300.jpg 300w, https:\/\/communityfoundations.ca\/wp-content\/uploads\/2020\/08\/Florence-Yee-150x150.jpg 150w, https:\/\/communityfoundations.ca\/wp-content\/uploads\/2020\/08\/Florence-Yee-768x768.jpg 768w, https:\/\/communityfoundations.ca\/wp-content\/uploads\/2020\/08\/Florence-Yee-1536x1536.jpg 1536w, https:\/\/communityfoundations.ca\/wp-content\/uploads\/2020\/08\/Florence-Yee-2048x2048.jpg 2048w\" sizes=\"auto, (max-width: 1024px) 100vw, 1024px\" \/><\/figure>\n\n\n\n<h3 class=\"wp-block-heading\">Florence Yee<\/h3>\n\n\n\n<span><a onclick=\"read_toggle(1986505338, 'Read More | Lire la suite', 'Read Less'); return false;\" class=\"read-link\" id=\"readlink1986505338\" style=\"readlink\" href=\"#\">Read More | Lire la suite<\/a><\/span>\n<div class=\"read_div\" id=\"read1986505338\" style=\"display: none;\">Hi all! I&rsquo;m Florence Yee (they\/them), an interdisciplinary artist raised in Tio&rsquo;tia:ke (Montreal) and now living in Tkaronto (Toronto). My personal practice focuses on the doubt and intimacy of everyday experiences in the queer Cantonese diaspora. I&rsquo;m involved in teaching, mentorship, public programming, and studio-based making. I am the Co-Director of Tea Base, a grassroots organizations that aims to make accessible space for intergenerational activists and artists who support social justice movements in and around Chinatown. I&rsquo;m most excited about the relationships that we cultivate in local organizing. I&rsquo;m looking forward to learning about a variety of strategies to connect between organizations, communities, movements, and generations.<\/p>\n\n\n\n<p>I personally miss playing Mahjong with my family and friends. I like spending time with plant and taking care of them. Nice to meet you all!<\/div>\n<\/div>\n\n\n\n<div class=\"wp-block-column is-layout-flow wp-block-column-is-layout-flow\">\n<figure class=\"wp-block-image size-large\"><img loading=\"lazy\" decoding=\"async\" width=\"427\" height=\"427\" src=\"https:\/\/communityfoundations.ca\/wp-content\/uploads\/2020\/08\/Marine-Coeurdassier-e1598473092117.jpg\" alt=\"\" class=\"wp-image-26991\" srcset=\"https:\/\/communityfoundations.ca\/wp-content\/uploads\/2020\/08\/Marine-Coeurdassier-e1598473092117.jpg 427w, https:\/\/communityfoundations.ca\/wp-content\/uploads\/2020\/08\/Marine-Coeurdassier-e1598473092117-300x300.jpg 300w, https:\/\/communityfoundations.ca\/wp-content\/uploads\/2020\/08\/Marine-Coeurdassier-e1598473092117-150x150.jpg 150w\" sizes=\"auto, (max-width: 427px) 100vw, 427px\" \/><\/figure>\n\n\n\n<h3 class=\"wp-block-heading\">Marine Coeurdassier<\/h3>\n\n\n\n<span><a onclick=\"read_toggle(886328652, 'Read More | Lire la suite', 'Read Less'); return false;\" class=\"read-link\" id=\"readlink886328652\" style=\"readlink\" href=\"#\">Read More | Lire la suite<\/a><\/span>\n<div class=\"read_div\" id=\"read886328652\" style=\"display: none;\">Bonjour! Voici ma bio. Enchant\u00e9e!<\/p>\n\n\n\n<p>Marine baigne dans l\u2019\u00e9v\u00e9nementiel et la gestion de projets, particuli\u00e8rement dans les milieux culturels et communautaires. Elle organise des \u00e9v\u00e9nements culturels \u00e0 chaque ann\u00e9e. Int\u00e9ress\u00e9e pour la promotion et la d\u00e9mocratisation de l\u2019art et la culture, elle a dirig\u00e9 ses \u00e9tudes dans le programme d\u2019action culturelle \u00e0 l\u2019UQ\u00c0M. Elle croit que l\u2019art a le pouvoir de provoquer, de choquer, et d\u2019initier du changement social. Cela permet de mettre en lumi\u00e8re des injustices, d\u2019\u00e9duquer, de sensibiliser, de proposer des solutions, et aussi de montrer la beaut\u00e9 humaine. Artiste depuis son enfance, Marine est passionn\u00e9e par la danse urbaine et la production vid\u00e9o. Marine s\u2019int\u00e9resse aussi \u00e0 l\u2019engagement jeunesse, la coop\u00e9ration internationale et les voyages. Elle soutient les causes f\u00e9ministes et le \u201cyouth empowerment\u00a0\u00bb au niveau local, national et international \u00e0 travers des organisations comme le YWCA, le YMCA et Carrefour International. Elle a pu effectuer son premier stage de coop\u00e9ration internationale au Togo gr\u00e2ce \u00e0 Qu\u00e9bec Sans Fronti\u00e8res en \u00e9t\u00e9 2019 pour un projet contre les violences bas\u00e9es sur le genre et les grossesses pr\u00e9coces avec des jeunes du secondaire. Selon Marine, \u201cyou gotta be the change you wish to see in the world\u201d! Elle veut continuer \u00e0 motiver et \u00e0 inspirer la prochaine g\u00e9n\u00e9ration de jeunes.<\/div>\n<\/div>\n\n\n\n<div class=\"wp-block-column is-layout-flow wp-block-column-is-layout-flow\">\n<figure class=\"wp-block-image size-large\"><img loading=\"lazy\" decoding=\"async\" width=\"1024\" height=\"1024\" src=\"https:\/\/communityfoundations.ca\/wp-content\/uploads\/2020\/08\/Katelynne-Herchak-scaled-e1598473149177-1024x1024.jpg\" alt=\"\" class=\"wp-image-26989\" srcset=\"https:\/\/communityfoundations.ca\/wp-content\/uploads\/2020\/08\/Katelynne-Herchak-scaled-e1598473149177-1024x1024.jpg 1024w, https:\/\/communityfoundations.ca\/wp-content\/uploads\/2020\/08\/Katelynne-Herchak-scaled-e1598473149177-300x300.jpg 300w, https:\/\/communityfoundations.ca\/wp-content\/uploads\/2020\/08\/Katelynne-Herchak-scaled-e1598473149177-150x150.jpg 150w, https:\/\/communityfoundations.ca\/wp-content\/uploads\/2020\/08\/Katelynne-Herchak-scaled-e1598473149177-768x768.jpg 768w, https:\/\/communityfoundations.ca\/wp-content\/uploads\/2020\/08\/Katelynne-Herchak-scaled-e1598473149177-1536x1536.jpg 1536w, https:\/\/communityfoundations.ca\/wp-content\/uploads\/2020\/08\/Katelynne-Herchak-scaled-e1598473149177.jpg 1920w\" sizes=\"auto, (max-width: 1024px) 100vw, 1024px\" \/><\/figure>\n\n\n\n<h3 class=\"wp-block-heading\">Katelynne Herchak<\/h3>\n\n\n\n<span><a onclick=\"read_toggle(919067689, 'Read More | Lire la suite', 'Read Less'); return false;\" class=\"read-link\" id=\"readlink919067689\" style=\"readlink\" href=\"#\">Read More | Lire la suite<\/a><\/span>\n<div class=\"read_div\" id=\"read919067689\" style=\"display: none;\">Ulukkuut Friends! I am Katelynne my traditional name is Elisapee. I am Inuk and my ancestry is from Kuujjuaq QC &amp; Rankin Inlet NU with ties to Nunatsiavut. I have been born and raised on the traditional territories of the Lkwungen &amp; W\u0331S\u00c1NE\u0106 people\u2019s.<\/p>\n\n\n\n<p>I wear a lot of hats! Currently I am the Community Engagement Coordinator for Reconciliation Canada as well as the Indigenous Governance Advisor for VIDEA which an international development organization that runs international internships for indigenous youth. I am also the Deputy Chair for the Canadian Commission for UNESCO\u2019s Youth Advisory, a member of the National Urban Inuit Youth Council and finally I am a Urban Representative for Pauktuutit Inuit Women of Canada\u2019s Youth Council for Gender Equality!<\/p>\n\n\n\n<p>All of those are such mouthfuls! I am so excited to share time and space with you all!!!<\/p>\n\n\n\n<p>Qujannamiik!<\/div>\n<\/div>\n<\/div>\n\n\n\n<div class=\"wp-block-columns alignwide is-layout-flex wp-container-core-columns-is-layout-9d6595d7 wp-block-columns-is-layout-flex\">\n<div class=\"wp-block-column is-layout-flow wp-block-column-is-layout-flow\">\n<figure class=\"wp-block-image size-large\"><img loading=\"lazy\" decoding=\"async\" width=\"679\" height=\"679\" src=\"https:\/\/communityfoundations.ca\/wp-content\/uploads\/2020\/08\/Bhoomika-Saxena-1.jpg\" alt=\"\" class=\"wp-image-27000\" srcset=\"https:\/\/communityfoundations.ca\/wp-content\/uploads\/2020\/08\/Bhoomika-Saxena-1.jpg 679w, https:\/\/communityfoundations.ca\/wp-content\/uploads\/2020\/08\/Bhoomika-Saxena-1-300x300.jpg 300w, https:\/\/communityfoundations.ca\/wp-content\/uploads\/2020\/08\/Bhoomika-Saxena-1-150x150.jpg 150w\" sizes=\"auto, (max-width: 679px) 100vw, 679px\" \/><\/figure>\n\n\n\n<h3 class=\"wp-block-heading\">Bhoomika Saxena<\/h3>\n\n\n\n<span><a onclick=\"read_toggle(1729774920, 'Read More | Lire la suite', 'Read Less'); return false;\" class=\"read-link\" id=\"readlink1729774920\" style=\"readlink\" href=\"#\">Read More | Lire la suite<\/a><\/span>\n<div class=\"read_div\" id=\"read1729774920\" style=\"display: none;\">Hey everyone! My name is Bhoomika (she\/her) and I recently graduated from McGill University. I\u2019m Indian and have lived in India, Kenya, Indonesia, and now Tiohti\u00e0:ke (Montreal, Canada). My interests lie at the intersection of finance and sustainability, such as Impact Investment. I\u2019ve always been extremely passionate about climate justice (fun fact: my name Bhoomi means Earth in my mother tongue Hindi).&nbsp;<\/p>\n\n\n\n<p>Throughout University and beyond, I\u2019ve been thoroughly involved and some of my key roles included leading the organizing team of McGill International Portfolio Challenge 2019 (a sustainable investing competition), being a mentor with Penny Drops (Financial Literacy for Youth), leading the coordination for the 2020 Youth Impact Challenge, and co-founding the Montreal Social Value Fund (1st student-led Impact Investing fund in QC). Through all my work, I aim to push for moving more capital into socially\/environmentally impactful projects. Apart from work, I love to spend my time hanging out with friends, exploring food, and watching TV shows\/movies.<\/p>\n\n\n\n<p>Thank you for this opportunity, I\u2019m super excited to meet and have meaningful discussions with you all![Image description: a picture of me smiling that I share everywhere]<\/div>\n<\/div>\n\n\n\n<div class=\"wp-block-column is-layout-flow wp-block-column-is-layout-flow\">\n<figure class=\"wp-block-image size-large\"><img loading=\"lazy\" decoding=\"async\" width=\"1024\" height=\"1024\" src=\"https:\/\/communityfoundations.ca\/wp-content\/uploads\/2020\/08\/Jessica-Farber-scaled-e1598474760305-1024x1024.jpg\" alt=\"\" class=\"wp-image-26985\" srcset=\"https:\/\/communityfoundations.ca\/wp-content\/uploads\/2020\/08\/Jessica-Farber-scaled-e1598474760305-1024x1024.jpg 1024w, https:\/\/communityfoundations.ca\/wp-content\/uploads\/2020\/08\/Jessica-Farber-scaled-e1598474760305-300x300.jpg 300w, https:\/\/communityfoundations.ca\/wp-content\/uploads\/2020\/08\/Jessica-Farber-scaled-e1598474760305-150x150.jpg 150w, https:\/\/communityfoundations.ca\/wp-content\/uploads\/2020\/08\/Jessica-Farber-scaled-e1598474760305-768x768.jpg 768w, https:\/\/communityfoundations.ca\/wp-content\/uploads\/2020\/08\/Jessica-Farber-scaled-e1598474760305-1536x1536.jpg 1536w, https:\/\/communityfoundations.ca\/wp-content\/uploads\/2020\/08\/Jessica-Farber-scaled-e1598474760305.jpg 1702w\" sizes=\"auto, (max-width: 1024px) 100vw, 1024px\" \/><\/figure>\n\n\n\n<h3 class=\"wp-block-heading\">Jessica Farber<\/h3>\n\n\n\n<span><a onclick=\"read_toggle(55536612, 'Read More | Lire la suite', 'Read Less'); return false;\" class=\"read-link\" id=\"readlink55536612\" style=\"readlink\" href=\"#\">Read More | Lire la suite<\/a><\/span>\n<div class=\"read_div\" id=\"read55536612\" style=\"display: none;\">Hi everyone! Looking forward to meeting all of you.<\/p>\n\n\n\n<p>My name is Jessica (she\/her) and I live in Montreal (unceded territory of the Kanien\u2019keh\u00e1:ka Mohawk Nation). I currently work with a community-based health organization called SeeChange Initiative, where I coordinate the CommunityFirst COVID-19 Roadmap project. This Roadmap is a planning tool to support communities to respond to COVID-19, and we are working with communities across Canada and Latin America to implement it: <a href=\"http:\/\/communityfirstcovid19.org\/\">communityfirstcovid19.org<\/a>.<\/p>\n\n\n\n<p>In addition to health, I am also passionate about the rights of forced migrants and refugees. After graduating with a Bachelor\u2019s of International Development from McGill, I worked with a non-profit directing research, advocacy and outreach related to forced migration. In 2019, I started a volunteer programme to welcome newly arrived asylum seekers to Montreal, and have volunteered at migrant shelters at Mexico\u2019s southern and northern borders.&nbsp;<\/p>\n\n\n\n<p>I also volunteer with TEDxMontrealWomen, where we seek to elevate women\u2019s voices and ideas in our community.<\/div>\n<\/div>\n\n\n\n<div class=\"wp-block-column is-layout-flow wp-block-column-is-layout-flow\">\n<figure class=\"wp-block-image size-large\"><img loading=\"lazy\" decoding=\"async\" width=\"1024\" height=\"1024\" src=\"https:\/\/communityfoundations.ca\/wp-content\/uploads\/2020\/08\/Angel-Baribeau-Press-Photo-8-scaled-e1598474892907-1024x1024.jpg\" alt=\"\" class=\"wp-image-26981\" srcset=\"https:\/\/communityfoundations.ca\/wp-content\/uploads\/2020\/08\/Angel-Baribeau-Press-Photo-8-scaled-e1598474892907-1024x1024.jpg 1024w, https:\/\/communityfoundations.ca\/wp-content\/uploads\/2020\/08\/Angel-Baribeau-Press-Photo-8-scaled-e1598474892907-300x300.jpg 300w, https:\/\/communityfoundations.ca\/wp-content\/uploads\/2020\/08\/Angel-Baribeau-Press-Photo-8-scaled-e1598474892907-150x150.jpg 150w, https:\/\/communityfoundations.ca\/wp-content\/uploads\/2020\/08\/Angel-Baribeau-Press-Photo-8-scaled-e1598474892907-768x768.jpg 768w, https:\/\/communityfoundations.ca\/wp-content\/uploads\/2020\/08\/Angel-Baribeau-Press-Photo-8-scaled-e1598474892907-1536x1536.jpg 1536w, https:\/\/communityfoundations.ca\/wp-content\/uploads\/2020\/08\/Angel-Baribeau-Press-Photo-8-scaled-e1598474892907.jpg 1708w\" sizes=\"auto, (max-width: 1024px) 100vw, 1024px\" \/><\/figure>\n\n\n\n<h3 class=\"wp-block-heading\">Angel Baribeau&nbsp;<\/h3>\n\n\n\n<span><a onclick=\"read_toggle(1216942926, 'Read More | Lire la suite', 'Read Less'); return false;\" class=\"read-link\" id=\"readlink1216942926\" style=\"readlink\" href=\"#\">Read More | Lire la suite<\/a><\/span>\n<div class=\"read_div\" id=\"read1216942926\" style=\"display: none;\">Hello Folks!<\/p>\n\n\n\n<p>My name is Angel Baribeau and I am an Eeyou\/Eenou from the Eastern James Bay Cree Community of Mistissini, in Northern Quebec. I work for a non-profit called inPath. Which is an umbrella organization for multiple art programs.<\/p>\n\n\n\n<p>As an alumnus of the Mikw Chiy\u00e2m arts concentration program, I am now part of the inPath Montreal team as they continue their mission of supporting Indigenous youth through creative programming. In my day-to-day, I assist the program director and event coordinators in maintaining and developing events and implementing programming such as the Mikw Chiy\u00e2m Arts concentration program and N&rsquo;we Jinan Integrative Arts program, their respective Festivals and annual inPath trainings. My current title for inPath is as an Administrative Assistant, though I work for them in multiple capacities. Mainly, through mentorship, I learn about how non-profit organizations liaise with Indigenous governing and education bodies, including school associations, First Nation communities, provincial and federal government bodies, and community organizations.&nbsp;<\/p>\n\n\n\n<p>inPath is a training hub and connection point for artists, educators, and professionals committed to supporting Indigenous youth through the arts. Since 2014, inPath has been invited to co-design and deliver arts-based programming with over 100 Indigenous communities from coast to coast, including my Nation. In 2017, I was their first graduate.<\/p>\n\n\n\n<p>Also for inPath, I work for and partake in the Emerging Artist Program which I also help in its development. As an Emerging Artist, I am a mentee for another inPath artist that has developed their craft over many years, to further develop my own. I also take part in Seed Residencies where I am paired with other mentoring inPath artists to teach in in-classroom settings about our chosen disciplines.&nbsp;<\/p>\n\n\n\n<p>In another capacity, I work under the Uusdaadaouw program, in partnership with the RBC Future Launch Challenge, the Mikw Chiyam program, the Cree Nation Government, the Eeyou Eenou Foundation, the Cree Nation Youth Council (both grand and local councils) as a Youth Lead to implement community-based, youth-led art projects.&nbsp;&nbsp;<\/p>\n\n\n\n<p>As for my mediums, I practice screen printing, painting, performance, collage, transfers, songwriting, singing, poetry, dance, performance, story writing, zine making, book binding, spray painting, block printing, sewing, recycled art, body art, storytelling, beading, and stencil cutting.<\/p>\n\n\n\n<p>I guess you could say I keep myself busy.<\/div>\n<\/div>\n<\/div>\n\n\n\n<a name=\"Saskatchewan\"><h2>Saskatchewan<\/h2><\/a>\n\n\n\n<div class=\"wp-block-columns alignwide is-layout-flex wp-container-core-columns-is-layout-9d6595d7 wp-block-columns-is-layout-flex\">\n<div class=\"wp-block-column is-layout-flow wp-block-column-is-layout-flow\">\n<figure class=\"wp-block-image size-large\"><img loading=\"lazy\" decoding=\"async\" width=\"1024\" height=\"1024\" src=\"https:\/\/communityfoundations.ca\/wp-content\/uploads\/2020\/08\/Emily-Simon-e1598475361594-1024x1024.jpg\" alt=\"\" class=\"wp-image-27002\" srcset=\"https:\/\/communityfoundations.ca\/wp-content\/uploads\/2020\/08\/Emily-Simon-e1598475361594-1024x1024.jpg 1024w, https:\/\/communityfoundations.ca\/wp-content\/uploads\/2020\/08\/Emily-Simon-e1598475361594-300x300.jpg 300w, https:\/\/communityfoundations.ca\/wp-content\/uploads\/2020\/08\/Emily-Simon-e1598475361594-150x150.jpg 150w, https:\/\/communityfoundations.ca\/wp-content\/uploads\/2020\/08\/Emily-Simon-e1598475361594-768x768.jpg 768w, https:\/\/communityfoundations.ca\/wp-content\/uploads\/2020\/08\/Emily-Simon-e1598475361594.jpg 1505w\" sizes=\"auto, (max-width: 1024px) 100vw, 1024px\" \/><\/figure>\n\n\n\n<h3 class=\"wp-block-heading\">Emily Simon<\/h3>\n\n\n\n<span><a onclick=\"read_toggle(622729250, 'Read More | Lire la suite', 'Read Less'); return false;\" class=\"read-link\" id=\"readlink622729250\" style=\"readlink\" href=\"#\">Read More | Lire la suite<\/a><\/span>\n<div class=\"read_div\" id=\"read622729250\" style=\"display: none;\">Hi everyone! I am Emily Simon (she\/her). I am 19 and from Battleford, Saskatchewan. I love it here on the prairies, but after high school, I needed a change in scenery for a few years. I decided to head out east for school. I am going into my second year of Leadership Studies at the University of New Brunswick. It is a small program, only accepting 30 students each year. I loved my first year, and I am looking forward to my second year.<\/p>\n\n\n\n<p>I am passionate about youth and giving them as many opportunities as possible. I started a lawn care business, Kids Helping Kids Spring Clean Ups, four years ago that donated all its profits to different charities that support youth. Along with that, we only hire youth to give them a chance to learn different skills and gain confidence in themselves.<\/p>\n\n\n\n<p>I am excited to get to know all of you and hear about your passions. I cannot wait to learn from all of you!<\/div>\n<\/div>\n\n\n\n<div class=\"wp-block-column is-layout-flow wp-block-column-is-layout-flow\">\n<figure class=\"wp-block-image size-large\"><img decoding=\"async\" src=\"https:\/\/communityfoundations.ca\/wp-content\/uploads\/2020\/08\/Shayla-Jilleen-Sayer-Brabant.jpg\" alt=\"\" class=\"wp-image-27004\"\/><\/figure>\n\n\n\n<h3 class=\"wp-block-heading\">Shayla Sayer-Brabant<\/h3>\n\n\n\n<span><a onclick=\"read_toggle(1907237126, 'Read More | Lire la suite', 'Read Less'); return false;\" class=\"read-link\" id=\"readlink1907237126\" style=\"readlink\" href=\"#\">Read More | Lire la suite<\/a><\/span>\n<div class=\"read_div\" id=\"read1907237126\" style=\"display: none;\">Tansi, my name is Shayla Jilleen Sayer-Brabant and I am a Nehiyaw Two-Spirit (they\/she) born and raised in Regina, Saskatchewan. I am in my last year for my Indigenous Communications Arts Diploma at the First Nations University of Canada. For the summer I have been working for my professor as an Undergraduate Research Assistant working on a couple of collaborative research projects. Next year I plan on moving to Saskatoon to pursue a degree in archaeology in hopes of reconnecting and protecting the land and cultural heritage through legislation and policy changes. By combining my love for community-base research and story-telling through different forms of media, I hope to inspire others to be kind, heal, create, share, decolonize, and Indigenize. I am super excited for this opportunity and if you want to connect, I\u2019m on Facebook, Instagram, and Twitter <a href=\"https:\/\/twitter.com\/SSayerBrabant\" target=\"_blank\" rel=\"noreferrer noopener\">@ssayerbrabant<\/a>&nbsp;<img loading=\"lazy\" decoding=\"async\" width=\"23\" height=\"23\" alt=\":slightly_smiling_face:\" src=\"https:\/\/lh4.googleusercontent.com\/KlfrOSMdEc7cAZCH7epnL92SaMWwlN8Lp3wAWAPnGtqeRqjgQpBH0TT5tRxcbpgHW2sDcZKnJFGCehTbC_LKwHAX8BhePA9tIHeCVPOlfah8W2z25PyaInZsdvgrI6i0q6LwjWPk\"><\/div>\n<\/div>\n\n\n\n<div class=\"wp-block-column is-layout-flow wp-block-column-is-layout-flow\"><\/div>\n<\/div>\n\n\n\n<a name=\"Terre-Neuve-et-Labrador\"><h2>Newfoundland<\/h2><\/a>\n\n\n\n<div class=\"wp-block-columns alignwide is-layout-flex wp-container-core-columns-is-layout-9d6595d7 wp-block-columns-is-layout-flex\">\n<div class=\"wp-block-column is-layout-flow wp-block-column-is-layout-flow\">\n<figure class=\"wp-block-image size-large\"><img loading=\"lazy\" decoding=\"async\" width=\"597\" height=\"597\" src=\"https:\/\/communityfoundations.ca\/wp-content\/uploads\/2020\/08\/Aimee-Coles-1.jpg\" alt=\"\" class=\"wp-image-26781\" srcset=\"https:\/\/communityfoundations.ca\/wp-content\/uploads\/2020\/08\/Aimee-Coles-1.jpg 597w, https:\/\/communityfoundations.ca\/wp-content\/uploads\/2020\/08\/Aimee-Coles-1-300x300.jpg 300w, https:\/\/communityfoundations.ca\/wp-content\/uploads\/2020\/08\/Aimee-Coles-1-150x150.jpg 150w\" sizes=\"auto, (max-width: 597px) 100vw, 597px\" \/><\/figure>\n\n\n\n<h3 class=\"wp-block-heading\">Aimee Coles&nbsp;<\/h3>\n\n\n\n<span><a onclick=\"read_toggle(1446364294, 'Read More | Lire la suite', 'Read Less'); return false;\" class=\"read-link\" id=\"readlink1446364294\" style=\"readlink\" href=\"#\">Read More | Lire la suite<\/a><\/span>\n<div class=\"read_div\" id=\"read1446364294\" style=\"display: none;\">My name is Aimee Coles and I am from the beautiful province of Newfoundland I am a Certified Therapeutic Recreation Specialist (CTRS) currently working with the Autism Society, Newfoundland and Labrador where I get to merge my passions for all things recreation and inclusion!<\/p>\n\n\n\n<p>When I&rsquo;m not working, you can either catch me with my eyes into a new book, snuggling with my micro golden doodle, shopping at Winners (or hanging off buildings).<\/p>\n\n\n\n<p>I am hyped to get to collaborate with all of you and help to shape future endeavors within the future of work &#8211; let&rsquo;s GOOOO!!!<\/div>\n<\/div>\n\n\n\n<div class=\"wp-block-column is-layout-flow wp-block-column-is-layout-flow\">\n<figure class=\"wp-block-image size-large\"><img loading=\"lazy\" decoding=\"async\" width=\"1024\" height=\"1024\" src=\"https:\/\/communityfoundations.ca\/wp-content\/uploads\/2020\/08\/Jessie-Lawrence-scaled-e1598303693637-1024x1024.jpg\" alt=\"\" class=\"wp-image-26775\" srcset=\"https:\/\/communityfoundations.ca\/wp-content\/uploads\/2020\/08\/Jessie-Lawrence-scaled-e1598303693637-1024x1024.jpg 1024w, https:\/\/communityfoundations.ca\/wp-content\/uploads\/2020\/08\/Jessie-Lawrence-scaled-e1598303693637-300x300.jpg 300w, https:\/\/communityfoundations.ca\/wp-content\/uploads\/2020\/08\/Jessie-Lawrence-scaled-e1598303693637-150x150.jpg 150w, https:\/\/communityfoundations.ca\/wp-content\/uploads\/2020\/08\/Jessie-Lawrence-scaled-e1598303693637-768x768.jpg 768w, https:\/\/communityfoundations.ca\/wp-content\/uploads\/2020\/08\/Jessie-Lawrence-scaled-e1598303693637-1536x1536.jpg 1536w, https:\/\/communityfoundations.ca\/wp-content\/uploads\/2020\/08\/Jessie-Lawrence-scaled-e1598303693637.jpg 1708w\" sizes=\"auto, (max-width: 1024px) 100vw, 1024px\" \/><\/figure>\n\n\n\n<h3 class=\"wp-block-heading\">Jessie Lawrence<\/h3>\n\n\n\n<span><a onclick=\"read_toggle(1439176630, 'Read More | Lire la suite', 'Read Less'); return false;\" class=\"read-link\" id=\"readlink1439176630\" style=\"readlink\" href=\"#\">Read More | Lire la suite<\/a><\/span>\n<div class=\"read_div\" id=\"read1439176630\" style=\"display: none;\">Hello\/Bonjour friends. I&rsquo;m Jessie Lawrence, I&rsquo;m coming to you from the West Coast of Newfoundland.<\/p>\n\n\n\n<p>Most of my work is related to activism and advocacy for the 2SLGBTQ+ community. I founded Camp Ohana, a summer camp for 2SLGBTQ+ youth, of which our third annual camp finished just yesterday.<\/p>\n\n\n\n<p>I work to eliminate and minimize inequity for rural communities and marginalized communities. My initiatives focus on furthering, creating, and improving resources for rural and outport towns. I work to open dialogue around how tradition affects the growth of our province, and I critically examine how classism, colonialism, and identity impact youth and their families from day to day, and on a larger, systematic level.<\/p>\n\n\n\n<p>Through my own lived experience I have felt the impact of discrimination, and the lasting ripple effect it has on a person. I struggle with mental health, I am queer, and I am young. I am creating the world I needed when I was younger.<\/div>\n<\/div>\n\n\n\n<div class=\"wp-block-column is-layout-flow wp-block-column-is-layout-flow\">\n<figure class=\"wp-block-image size-large\"><img loading=\"lazy\" decoding=\"async\" width=\"1024\" height=\"1024\" src=\"https:\/\/communityfoundations.ca\/wp-content\/uploads\/2020\/08\/Michael-Coombs-1024x1024.jpg\" alt=\"\" class=\"wp-image-26779\" srcset=\"https:\/\/communityfoundations.ca\/wp-content\/uploads\/2020\/08\/Michael-Coombs-1024x1024.jpg 1024w, https:\/\/communityfoundations.ca\/wp-content\/uploads\/2020\/08\/Michael-Coombs-300x300.jpg 300w, https:\/\/communityfoundations.ca\/wp-content\/uploads\/2020\/08\/Michael-Coombs-150x150.jpg 150w, https:\/\/communityfoundations.ca\/wp-content\/uploads\/2020\/08\/Michael-Coombs-768x768.jpg 768w, https:\/\/communityfoundations.ca\/wp-content\/uploads\/2020\/08\/Michael-Coombs.jpg 1111w\" sizes=\"auto, (max-width: 1024px) 100vw, 1024px\" \/><\/figure>\n\n\n\n<h3 class=\"wp-block-heading\">Michael Coombs<\/h3>\n\n\n\n<span><a onclick=\"read_toggle(1630391253, 'Read More | Lire la suite', 'Read Less'); return false;\" class=\"read-link\" id=\"readlink1630391253\" style=\"readlink\" href=\"#\">Read More | Lire la suite<\/a><\/span>\n<div class=\"read_div\" id=\"read1630391253\" style=\"display: none;\">Hey folks!! My name is Michael (he\/him) and I\u2019m from St. Alban\u2019s, Newfoundland and Labrador. I\u2019m 21 years old and am pursuing a Doctor of Pharmacy at Memorial University of Newfoundland. I have a passion for HIV\/AIDS research in LGBTQ+ individuals with hopes of combatting its stigma while promoting its prevention treatment through Atlantic Canada and beyond.<\/p>\n\n\n\n<p>I\u2019m a big advocate for mental health and have been part of mental health organization Jack.org where I\u2019ve fought to ease access to mental health resources for marginalized groups. I am part of the Premier\u2019s Youth Council where I\u2019ve continued advocating for mental health and its importance to government bodies. I\u2019m also a mentor at the Internationalization Office&rsquo;s MUN Mentors program and co-founded my school\u2019s Respect Alliance, a club that brought gender neutral washrooms to students.<\/p>\n\n\n\n<p>Since the pandemic, I\u2019ve spent time taking pictures, learning piano, and lots of stargazing. Looking forward to this summit and to get to know everybody!<\/p>\n\n\n\n<p>I hope to pursue a Master degree in Social Policy or International development.<\/p>\n\n\n\n<p>I&rsquo;ve had the privilege of working in Ghana as developing a Mentorship and Skills development program for youths in Technical and Vocational Education.<\/p>\n\n\n\n<p>I&rsquo;m all about Youth engagement and empowerment, and I&rsquo;m excited to be a delegate of this summit.<\/div>\n<\/div>\n<\/div>\n\n\n\n<a name=\"Territoires du Nord-Ouest\"><h2>Northwest Territories<\/h2><\/a>\n\n\n\n<div class=\"wp-block-columns alignwide is-layout-flex wp-container-core-columns-is-layout-9d6595d7 wp-block-columns-is-layout-flex\">\n<div class=\"wp-block-column is-layout-flow wp-block-column-is-layout-flow\">\n<figure class=\"wp-block-image size-large\"><img loading=\"lazy\" decoding=\"async\" width=\"1024\" height=\"1024\" src=\"https:\/\/communityfoundations.ca\/wp-content\/uploads\/2020\/08\/Danielle-Wendehorst-e1598461960466-1024x1024.jpeg\" alt=\"\" class=\"wp-image-26844\" srcset=\"https:\/\/communityfoundations.ca\/wp-content\/uploads\/2020\/08\/Danielle-Wendehorst-e1598461960466-1024x1024.jpeg 1024w, https:\/\/communityfoundations.ca\/wp-content\/uploads\/2020\/08\/Danielle-Wendehorst-e1598461960466-300x300.jpeg 300w, https:\/\/communityfoundations.ca\/wp-content\/uploads\/2020\/08\/Danielle-Wendehorst-e1598461960466-150x150.jpeg 150w, https:\/\/communityfoundations.ca\/wp-content\/uploads\/2020\/08\/Danielle-Wendehorst-e1598461960466-768x768.jpeg 768w, https:\/\/communityfoundations.ca\/wp-content\/uploads\/2020\/08\/Danielle-Wendehorst-e1598461960466.jpeg 1536w\" sizes=\"auto, (max-width: 1024px) 100vw, 1024px\" \/><\/figure>\n\n\n\n<h3 class=\"wp-block-heading\">Danielle Wendehorst<\/h3>\n\n\n\n<span><a onclick=\"read_toggle(936296094, 'Read More | Lire la suite', 'Read Less'); return false;\" class=\"read-link\" id=\"readlink936296094\" style=\"readlink\" href=\"#\">Read More | Lire la suite<\/a><\/span>\n<div class=\"read_div\" id=\"read936296094\" style=\"display: none;\">Hi! My name is Danielle, but you can call me D if you\u2019d like! I\u2019m 23. I grew up in Yellowknife, NWT, on Chief Drygeese land, home of the Yellowknives Dene &amp; Traditional lands of North Slave Metis. My father is a german immigrant and my mom is a white settler.&nbsp; I have lived and studied in the North, which has shaped my identity and passions. I am a Registered Nurse, and graduated from Aurora College\/U of Victoria Bachelor of Science in Nursing in 2019.&nbsp; I currently work as Isolation Nurse Lead with a COVID Isolation Hub. I am&nbsp; studying for the MCAT as I want to pursue medicine.&nbsp; I am passionate about Northern based education, climate change, Indigenous Rights\/Reconciliation and health.&nbsp; Here\u2019s a pic with me &amp; baby goats in Norway during my nursing student practicum there!<\/div>\n<\/div>\n\n\n\n<div class=\"wp-block-column is-layout-flow wp-block-column-is-layout-flow\">\n<figure class=\"wp-block-image size-large\"><img loading=\"lazy\" decoding=\"async\" width=\"920\" height=\"920\" src=\"https:\/\/communityfoundations.ca\/wp-content\/uploads\/2020\/08\/Jaylene-Delorme-1.png\" alt=\"\" class=\"wp-image-26846\" srcset=\"https:\/\/communityfoundations.ca\/wp-content\/uploads\/2020\/08\/Jaylene-Delorme-1.png 920w, https:\/\/communityfoundations.ca\/wp-content\/uploads\/2020\/08\/Jaylene-Delorme-1-300x300.png 300w, https:\/\/communityfoundations.ca\/wp-content\/uploads\/2020\/08\/Jaylene-Delorme-1-150x150.png 150w, https:\/\/communityfoundations.ca\/wp-content\/uploads\/2020\/08\/Jaylene-Delorme-1-768x768.png 768w\" sizes=\"auto, (max-width: 920px) 100vw, 920px\" \/><\/figure>\n\n\n\n<h3 class=\"wp-block-heading\">Jaylene Delorme<\/h3>\n\n\n\n<span><a onclick=\"read_toggle(566219107, 'Read More | Lire la suite', 'Read Less'); return false;\" class=\"read-link\" id=\"readlink566219107\" style=\"readlink\" href=\"#\">Read More | Lire la suite<\/a><\/span>\n<div class=\"read_div\" id=\"read566219107\" style=\"display: none;\">Jaylene Delorme-Buggins is 27 years old Chipewyan \/ Cree from Yellowknives Dene First Nation.&nbsp;<\/p>\n\n\n\n<p>Jaylene has worked extensively in using her story and real life experiences to create a positive platform for indigenous youth through advocacy and governance.&nbsp; Jaylene was elected the youth representative for the Native woman\u2019s association of the NWT and is also the current Elected National Youth Representative for the Native Womans Association Of Canada.&nbsp;<\/p>\n\n\n\n<p>Over the years Jaylene has sat on various youth councils and has volunteered for numerus organizations and educational opportunities representing the NWT.&nbsp;<\/p>\n\n\n\n<p>In December 2018 Jaylene has completed a 6 month international indigenous youth internship through Canada World Youth and Global Affairs Canada.&nbsp; Where Jaylene lived in Colombia, South America for four months.&nbsp; Jaylene took that opportunity to learn Spanish and immerse herself in a new culture entirely while doing work around economic sustainability. Shortly after she completed a second 4 month internship, this time with Live Different. Jaylene shared her story of over coming trauma and addiction in schools with indigenous youth on and off reserves across Canada.<\/div>\n<\/div>\n\n\n\n<div class=\"wp-block-column is-layout-flow wp-block-column-is-layout-flow\">\n<figure class=\"wp-block-image size-large\"><img loading=\"lazy\" decoding=\"async\" width=\"1024\" height=\"1024\" src=\"https:\/\/communityfoundations.ca\/wp-content\/uploads\/2020\/08\/Jason-Yuk-Fai-Lau-scaled-e1598462030661-1024x1024.jpg\" alt=\"\" class=\"wp-image-26840\" srcset=\"https:\/\/communityfoundations.ca\/wp-content\/uploads\/2020\/08\/Jason-Yuk-Fai-Lau-scaled-e1598462030661-1024x1024.jpg 1024w, https:\/\/communityfoundations.ca\/wp-content\/uploads\/2020\/08\/Jason-Yuk-Fai-Lau-scaled-e1598462030661-300x300.jpg 300w, https:\/\/communityfoundations.ca\/wp-content\/uploads\/2020\/08\/Jason-Yuk-Fai-Lau-scaled-e1598462030661-150x150.jpg 150w, https:\/\/communityfoundations.ca\/wp-content\/uploads\/2020\/08\/Jason-Yuk-Fai-Lau-scaled-e1598462030661-768x768.jpg 768w, https:\/\/communityfoundations.ca\/wp-content\/uploads\/2020\/08\/Jason-Yuk-Fai-Lau-scaled-e1598462030661-1536x1536.jpg 1536w, https:\/\/communityfoundations.ca\/wp-content\/uploads\/2020\/08\/Jason-Yuk-Fai-Lau-scaled-e1598462030661.jpg 1708w\" sizes=\"auto, (max-width: 1024px) 100vw, 1024px\" \/><\/figure>\n\n\n\n<h3 class=\"wp-block-heading\">Jason Yuk-Fai Lau<\/h3>\n\n\n\n<span><a onclick=\"read_toggle(1095629197, 'Read More | Lire la suite', 'Read Less'); return false;\" class=\"read-link\" id=\"readlink1095629197\" style=\"readlink\" href=\"#\">Read More | Lire la suite<\/a><\/span>\n<div class=\"read_div\" id=\"read1095629197\" style=\"display: none;\">Uvlaami (good morning) everyone! <img loading=\"lazy\" decoding=\"async\" width=\"23\" height=\"23\" alt=\":sunny:\" src=\"https:\/\/lh4.googleusercontent.com\/tak_dXJkZYQwEKspqb-p3V13ImQHdhEvwMKpPOKf76qFEXtrGGYS-TJda3LHeVm7aUX-hBrvnqKCVXlb9CgGd3WAnKqKLsSFjfHY_xS4qeRilPjYStz07FXJq9EbgntqfcWh_74l\"> Uvanga atiga (My name is) Jason Lau (he\/him) I&rsquo;m from Ontario with family ties to Hong Kong and Indonesia. My latest chapter of life has brought me to the Arctic Circle in (I\u00f1uuvik) Inuvik, NT \u2013 one of six hamlet communities in the Inuvialuit Settlement Region (ISR) within the Inuit Nunangat that is also on traditional Gwich&rsquo;in land. Here, I make magazines at the Inuvialuit Communications Society (ICS), a non-profit organization dedicated to amplifying the voices, culture, history, and life stories of Inuvialuit (Western Arctic Inuit). Please give me a shout if you&rsquo;d like to purchase a copy of <em>Tusaayaksat Magazine<\/em> to read about some stories of Inuvialuit that \u00ab\u00a0need to be heard\u00a0\u00bb and I&rsquo;d be happy to mail you one! <img loading=\"lazy\" decoding=\"async\" width=\"23\" height=\"23\" alt=\":book:\" src=\"https:\/\/lh4.googleusercontent.com\/815L_JglW1oeJ86Q3USS8LPURyg0hKKnKJZXa3sx2r484csI5jvW4JfdSBQZ3EbkNshok6mmhfnYgiqLGcul2ZlF5apF0ojhQh8mGF0JuSpn3bvGh-0FtJmZf3-W5-VF6tD8wOKr\"><\/p>\n\n\n\n<p>Meanwhile, I&rsquo;m doing a part-time Masters in Anthropology, writing about Inuvialuit culture and art\/making. I have an undergrad background in (public) archaeology and design, and am always thinking up new ways to mobilize arts and design in socio-cultural-political ways.<\/p>\n\n\n\n<p>I most likely have an unhealthy addiction to collecting indie magazines\/zines and welcome any titles you may recommend!<\/p>\n\n\n\n<p>Ilaatnilu, see you all later!<\/div>\n<\/div>\n<\/div>\n","protected":false},"excerpt":{"rendered":"<p>Du 8 au 11&nbsp;septembre, nous tiendrons le sommet des jeunes Fast-Forward 2020 (ffwd2020) sur l\u2019avenir du travail, en collaboration avec RBC et Youthful Cities. Le sommet donnera aux jeunes de partout au Canada l\u2019occasion de se r\u00e9unir et de discuter de solutions pour que notre pays soit accueillant et collaboratif. Le sommet r\u00e9unira des jeunes [&hellip;]<\/p>\n","protected":false},"author":2,"featured_media":27043,"comment_status":"closed","ping_status":"closed","sticky":false,"template":"","format":"standard","meta":{"footnotes":""},"class_list":["post-27057","post","type-post","status-publish","format-standard","has-post-thumbnail","hentry","journal_type-nouvelles","resource_initiative-mobilisation-des-jeunes-par-lentremise-dobjectif-avenir-rbc","topic-jeunesse"],"acf":[],"_links":{"self":[{"href":"https:\/\/communityfoundations.ca\/fr\/wp-json\/wp\/v2\/posts\/27057","targetHints":{"allow":["GET"]}}],"collection":[{"href":"https:\/\/communityfoundations.ca\/fr\/wp-json\/wp\/v2\/posts"}],"about":[{"href":"https:\/\/communityfoundations.ca\/fr\/wp-json\/wp\/v2\/types\/post"}],"author":[{"embeddable":true,"href":"https:\/\/communityfoundations.ca\/fr\/wp-json\/wp\/v2\/users\/2"}],"replies":[{"embeddable":true,"href":"https:\/\/communityfoundations.ca\/fr\/wp-json\/wp\/v2\/comments?post=27057"}],"version-history":[{"count":9,"href":"https:\/\/communityfoundations.ca\/fr\/wp-json\/wp\/v2\/posts\/27057\/revisions"}],"predecessor-version":[{"id":27150,"href":"https:\/\/communityfoundations.ca\/fr\/wp-json\/wp\/v2\/posts\/27057\/revisions\/27150"}],"wp:featuredmedia":[{"embeddable":true,"href":"https:\/\/communityfoundations.ca\/fr\/wp-json\/wp\/v2\/media\/27043"}],"wp:attachment":[{"href":"https:\/\/communityfoundations.ca\/fr\/wp-json\/wp\/v2\/media?parent=27057"}],"curies":[{"name":"wp","href":"https:\/\/api.w.org\/{rel}","templated":true}]}}