{"id":35016,"date":"2022-09-23T12:08:54","date_gmt":"2022-09-23T16:08:54","guid":{"rendered":"https:\/\/communityfoundations.ca\/?p=35016"},"modified":"2022-10-03T10:59:56","modified_gmt":"2022-10-03T14:59:56","slug":"communique-de-presse-le-gouvernement-du-canada-annonce-plus-de-400-projets-pour-aider-les-collectivites-canadiennes-en-reponse-a-la-pandemie-de-covid-19","status":"publish","type":"post","link":"https:\/\/communityfoundations.ca\/fr\/communique-de-presse-le-gouvernement-du-canada-annonce-plus-de-400-projets-pour-aider-les-collectivites-canadiennes-en-reponse-a-la-pandemie-de-covid-19\/","title":{"rendered":"Communiqu\u00e9 de presse | Le gouvernement du Canada annonce plus de 400\u00a0projets pour aider les collectivit\u00e9s canadiennes en r\u00e9ponse \u00e0 la pand\u00e9mie de COVID-19"},"content":{"rendered":"\n<p>Aujourd\u2019hui, l\u2019honorable Dominic&nbsp;LeBlanc, ministre des Affaires intergouvernementales, de l\u2019Infrastructure et des Collectivit\u00e9s, Andrea&nbsp;Dicks, pr\u00e9sidente des Fondations communautaires du Canada (FCC) et Mary&nbsp;W.&nbsp;Rowe, pr\u00e9sidente et PDG de l\u2019Institut urbain du Canada (IUC), ont annonc\u00e9 le financement de plus de 400&nbsp;nouveaux projets dans le cadre de l\u2019Initiative canadienne pour des collectivit\u00e9s en sant\u00e9 (ICCS).&nbsp;<\/p>\n\n\n\n<p>Le financement suppl\u00e9mentaire aidera les collectivit\u00e9s \u00e0 adapter les espaces publics et les services locaux de mani\u00e8re \u00e0 r\u00e9pondre aux besoins de la population en r\u00e9ponse \u00e0 la pand\u00e9mie de COVID-19. La <a href=\"https:\/\/communityfoundations.ca\/fr\/iccs-resultats\/\" target=\"_blank\" rel=\"noreferrer noopener\">carte interactive et la page de r\u00e9sultats<\/a> des FCC mettent en lumi\u00e8re les projets et les importants travaux qui sont effectu\u00e9s au sein de nos collectivit\u00e9s. <\/p>\n\n\n\n<h3 class=\"wp-block-heading\"><strong>Citations<\/strong><\/h3>\n\n\n\n<blockquote class=\"wp-block-quote is-layout-flow wp-block-quote-is-layout-flow\"><p>\u00ab&nbsp;La pand\u00e9mie nous a incit\u00e9s \u00e0 trouver des moyens novateurs de pouvoir continuer \u00e0 socialiser et \u00e0 acc\u00e9der aux services en toute s\u00e9curit\u00e9. Gr\u00e2ce \u00e0 un investissement suppl\u00e9mentaire de 30&nbsp;millions de dollars du gouvernement du Canada, plus de 400 nouveaux projets sont en cours de r\u00e9alisation pour aider des collectivit\u00e9s de toutes tailles, dans toutes les r\u00e9gions du pays, \u00e0 am\u00e9liorer leurs lieux de rassemblement. Ces projets continueront d\u2019aider les collectivit\u00e9s \u00e0 naviguer \u00e0 travers la reprise et \u00e0 renforcer la r\u00e9silience \u00e9conomique dans tout le pays.&nbsp;\u00bb<\/p><cite><strong>L\u2019HONORABLE DOMINIC LEBLANC, MINISTRE DES AFFAIRES INTERGOUVERNEMENTALES, DE L\u2019INFRASTRUCTURE ET DES COLLECTIVIT\u00c9S<\/strong><br><\/cite><\/blockquote>\n\n\n\n<blockquote class=\"wp-block-quote is-layout-flow wp-block-quote-is-layout-flow\"><p>\u00ab&nbsp;L\u2019Initiative canadienne pour des collectivit\u00e9s en sant\u00e9 soutient les organismes communautaires d\u2019un oc\u00e9an \u00e0 l\u2019autre et rapproche les membres des collectivit\u00e9s, en personne et de mani\u00e8re virtuelle, alors que nous continuons de vivre avec les r\u00e9percussions d\u2019une pand\u00e9mie mondiale. Ces projets d\u00e9montrent la cr\u00e9ativit\u00e9 et la r\u00e9silience des collectivit\u00e9s et illustrent comment le fait d\u2019appuyer les dirigeants des collectivit\u00e9s locales peut transformer l\u2019infrastructure sociale.\u00bb<\/p><cite><strong>ANDREA DICKS, PR\u00c9SIDENTE, FONDATIONS COMMUNAUTAIRES DU CANADA<\/strong><br><\/cite><\/blockquote>\n\n\n\n<blockquote class=\"wp-block-quote is-layout-flow wp-block-quote-is-layout-flow\"><p>\u00ab&nbsp;L\u2019Initiative canadienne pour des collectivit\u00e9s en sant\u00e9 nous permet de mieux comprendre la vraie raison d\u2019\u00eatre et le potentiel de l\u2019infrastructure, c\u2019est-\u00e0-dire trouver des moyens mieux adapt\u00e9s et plus \u00e9quitables pour permettre aux gens d\u2019\u00e9tablir des liens, de r\u00e9soudre des probl\u00e8mes et de cr\u00e9er des espaces communautaires pour tous. L\u2019accueil incroyable qu\u2019a re\u00e7u le programme d\u2019un bout \u00e0 l\u2019autre du pays montre \u00e0 quel point les Canadiens sont pr\u00eats \u00e0 cr\u00e9er des partenariats et \u00e0 travailler ensemble au profit des collectivit\u00e9s. Ces projets offrent une occasion d\u2019aider les collectivit\u00e9s \u00e0 sortir de la pand\u00e9mie plus r\u00e9silientes, plus accessibles et plus dynamiques qu\u2019avant.&nbsp;\u00bb<\/p><cite><strong>MARY W. ROWE, PR\u00c9SIDENTE ET PDG, INSTITUT URBAIN DU CANADA&nbsp;<\/strong><br><\/cite><\/blockquote>\n\n\n\n<p>Pendant la phase actuelle de la pand\u00e9mie de COVID-19, les administrations locales et les partenaires communautaires d\u2019un bout \u00e0 l\u2019autre du pays continuent de prendre des pr\u00e9cautions et d\u2019adapter leurs espaces et leurs services afin d\u2019assurer la s\u00e9curit\u00e9 et la sant\u00e9 des r\u00e9sidents, d\u2019appuyer la relance \u00e9conomique, de cr\u00e9er des emplois et de b\u00e2tir des collectivit\u00e9s r\u00e9silientes et dynamiques.&nbsp;<\/p>\n\n\n\n<p>En investissant dans les infrastructures, le gouvernement du Canada fait cro\u00eetre l\u2019\u00e9conomie de notre pays, augmente la r\u00e9silience de nos collectivit\u00e9s, et am\u00e9liore la vie des Canadiens et des Canadiennes.<\/p>\n\n\n\n<h3 class=\"wp-block-heading\"><strong>Faits en bref<\/strong><\/h3>\n\n\n\n<ul class=\"wp-block-list\"><li>\u00c0 ce jour, l\u2019Initiative canadienne pour des collectivit\u00e9s en sant\u00e9 (ICCS) a octroy\u00e9 plus de 60&nbsp;millions de dollars \u00e0 plus de 1&nbsp;000&nbsp;projets destin\u00e9s \u00e0 cr\u00e9er des espaces s\u00e9curitaires et \u00e0 rehausser la qualit\u00e9 de vie des Canadiens.&nbsp;<\/li><li>L\u2019ICCS a \u00e9t\u00e9 con\u00e7ue pour aider les collectivit\u00e9s \u00e0 s\u2019adapter \u00e0 la pand\u00e9mie de COVID-19 et \u00e0 mettre en \u0153uvre des moyens s\u00e9curitaires pour les r\u00e9sidents afin d\u2019avoir acc\u00e8s aux services et de profiter d\u2019activit\u00e9s de plein air.&nbsp;<\/li><li>La valeur des projets admissibles au titre de l\u2019ICCS se situe entre 5&nbsp;000&nbsp;$ et 250&nbsp;000&nbsp;$ et rel\u00e8vent de trois th\u00e8mes principaux&nbsp;: la cr\u00e9ation d\u2019espaces publics s\u00e9curitaires et dynamiques, l\u2019am\u00e9lioration des options de mobilit\u00e9 et les solutions num\u00e9riques.<\/li><li>L\u2019ICCS vise \u00e0 compl\u00e9ter d\u2019autres mesures prises par le gouvernement du Canada pour aider les collectivit\u00e9s \u00e0 r\u00e9pondre aux besoins imm\u00e9diats en infrastructures dans le cadre de la pand\u00e9mie.<\/li><\/ul>\n\n\n\n<h3 class=\"wp-block-heading\"><strong>Liens connexes<\/strong><\/h3>\n\n\n\n<p><a href=\"https:\/\/communityfoundations.ca\/fr\/iccs-resultats\/\" target=\"_blank\" rel=\"noreferrer noopener\">Carte des projets de l\u2019Initiative canadienne pour des collectivit\u00e9s en sant\u00e9<\/a><\/p>\n\n\n\n<p><a href=\"https:\/\/www.infrastructure.gc.ca\/chci-iccs\/index-fra.html\" target=\"_blank\" rel=\"noreferrer noopener\">Initiative canadienne pour des collectivit\u00e9s en sant\u00e9 d\u2019Infrastructure Canada<\/a><\/p>\n\n\n\n<h3 class=\"wp-block-heading\"><strong>Personnes-ressources<\/strong><\/h3>\n\n\n\n<p><strong>Jean-S\u00e9bastien Comeau, attach\u00e9 de presse et conseiller en communications, cabinet de l\u2019honorable Dominic LeBlanc, ministre des Affaires intergouvernementales, de l\u2019Infrastructure et des Collectivit\u00e9s<\/strong><\/p>\n\n\n\n<ul class=\"wp-block-list\"><li>Cell. : 343-574-8116<\/li><li><a href=\"mailto:Jean-Sebastien.Comeau@iga-aig.gc.ca\">Jean-Sebastien.Comeau@iga-aig.gc.ca<\/a>&nbsp;<\/li><\/ul>\n\n\n\n<p><strong>Jacqueline Reid, directrice des Communications, Fondations communautaires du Canada<\/strong><\/p>\n\n\n\n<ul class=\"wp-block-list\"><li>647-901-5225<\/li><li><a href=\"mailto:jreid@communityfoundations.ca\">jreid@communityfoundations.ca<\/a><\/li><\/ul>\n\n\n\n<p><strong>Relations avec les m\u00e9dias, Infrastructure Canada&nbsp;<\/strong><\/p>\n\n\n\n<ul class=\"wp-block-list\"><li>613-960-9251<\/li><li>Sans frais : 1-877-250-7154<\/li><li>Courriel : <a href=\"https:\/\/gcdocs.gc.ca\/infcdav\/nodes\/14816303\/infc.media.infc%40canada.ca\"><\/a><a rel=\"noreferrer noopener\" href=\"mailto:media-medias@infc.gc.ca\" target=\"_blank\">media-medias@infc.gc.ca<\/a>&nbsp;<\/li><li>Suivez-nous sur <a href=\"https:\/\/twitter.com\/INFC_fra?lang=fr-ca\">Twitter<\/a>, <a href=\"https:\/\/www.facebook.com\/InfrastructureCanadaFRA\/\">Facebook<\/a> et <a href=\"https:\/\/www.instagram.com\/infragram_can\/\">Instagram<\/a><\/li><li>Site Web : <a href=\"http:\/\/www.infrastructure.gc.ca\/\">Infrastructure Canada<\/a><\/li><\/ul>\n","protected":false},"excerpt":{"rendered":"<p>Aujourd\u2019hui, l\u2019honorable Dominic&nbsp;LeBlanc, ministre des Affaires intergouvernementales, de l\u2019Infrastructure et des Collectivit\u00e9s, Andrea&nbsp;Dicks, pr\u00e9sidente des Fondations communautaires du Canada (FCC) et Mary&nbsp;W.&nbsp;Rowe, pr\u00e9sidente et PDG de l\u2019Institut urbain du Canada (IUC), ont annonc\u00e9 le financement de plus de 400&nbsp;nouveaux projets dans le cadre de l\u2019Initiative canadienne pour des collectivit\u00e9s en sant\u00e9 (ICCS).&nbsp; Le financement suppl\u00e9mentaire [&hellip;]<\/p>\n","protected":false},"author":18,"featured_media":35026,"comment_status":"closed","ping_status":"closed","sticky":false,"template":"","format":"standard","meta":{"footnotes":""},"class_list":["post-35016","post","type-post","status-publish","format-standard","has-post-thumbnail","hentry","journal_type-communique-de-presse","resource_initiative-initiative-canadienne-pour-des-collectivites-en-sante","topic-covid-19-fr"],"acf":[],"_links":{"self":[{"href":"https:\/\/communityfoundations.ca\/fr\/wp-json\/wp\/v2\/posts\/35016","targetHints":{"allow":["GET"]}}],"collection":[{"href":"https:\/\/communityfoundations.ca\/fr\/wp-json\/wp\/v2\/posts"}],"about":[{"href":"https:\/\/communityfoundations.ca\/fr\/wp-json\/wp\/v2\/types\/post"}],"author":[{"embeddable":true,"href":"https:\/\/communityfoundations.ca\/fr\/wp-json\/wp\/v2\/users\/18"}],"replies":[{"embeddable":true,"href":"https:\/\/communityfoundations.ca\/fr\/wp-json\/wp\/v2\/comments?post=35016"}],"version-history":[{"count":3,"href":"https:\/\/communityfoundations.ca\/fr\/wp-json\/wp\/v2\/posts\/35016\/revisions"}],"predecessor-version":[{"id":35366,"href":"https:\/\/communityfoundations.ca\/fr\/wp-json\/wp\/v2\/posts\/35016\/revisions\/35366"}],"wp:featuredmedia":[{"embeddable":true,"href":"https:\/\/communityfoundations.ca\/fr\/wp-json\/wp\/v2\/media\/35026"}],"wp:attachment":[{"href":"https:\/\/communityfoundations.ca\/fr\/wp-json\/wp\/v2\/media?parent=35016"}],"curies":[{"name":"wp","href":"https:\/\/api.w.org\/{rel}","templated":true}]}}