{"id":36268,"date":"2023-01-06T08:13:52","date_gmt":"2023-01-06T13:13:52","guid":{"rendered":"https:\/\/communityfoundations.ca\/?p=36268"},"modified":"2023-01-06T08:59:24","modified_gmt":"2023-01-06T13:59:24","slug":"fonds-de-relance-des-lancement-du-processus-de-demande-cp","status":"publish","type":"post","link":"https:\/\/communityfoundations.ca\/fr\/fonds-de-relance-des-lancement-du-processus-de-demande-cp\/","title":{"rendered":"Communiqu\u00e9 de presse | Lancement du processus de demande pour le Fonds de relance des services communautaires afin de soutenir la relance apr\u00e8s la pand\u00e9mie"},"content":{"rendered":"\n<p class=\"wp-block-paragraph\"><strong>Ottawa (Ontario), 6 <strong>janvier<\/strong><\/strong> <strong>2023&nbsp;<\/strong>&#8211; Aujourd\u2019hui, la ministre de la Famille, des Enfants et du D\u00e9veloppement social, Karina&nbsp;Gould, de concert avec la Croix-Rouge canadienne, les Fondations communautaires du Canada et Centraide United Way Canada, a annonc\u00e9 que le processus de demande pour le Fonds de relance des services communautaires est maintenant ouvert. Le processus de demande est g\u00e9r\u00e9 par ces financeurs nationaux afin de joindre un vaste \u00e9ventail diversifi\u00e9 d\u2019organismes de services communautaires, notamment des organismes de bienfaisance, des organismes sans but lucratif et des corps dirigeants autochtones.&nbsp;<\/p>\n\n\n\n<p class=\"wp-block-paragraph\">Le Fonds de relance des services communautaires est un investissement unique historique de 400&nbsp;millions de dollars qui aidera les organismes de services communautaires \u00e0 s\u2019adapter, \u00e0 se moderniser et \u00e0 \u00eatre mieux outill\u00e9s pour am\u00e9liorer l\u2019efficacit\u00e9, l\u2019accessibilit\u00e9 et la durabilit\u00e9 des services qu\u2019ils offrent, ce qui leur permettra de continuer \u00e0 soutenir les communaut\u00e9s partout au Canada pendant la relance apr\u00e8s la pand\u00e9mie et par la suite.<\/p>\n\n\n\n<p class=\"wp-block-paragraph\">Les organismes de services communautaires jouent un r\u00f4le de premier plan quand il s\u2019agit de r\u00e9pondre aux besoins des communaut\u00e9s, en particulier pendant la pand\u00e9mie de COVID-19. D\u00e8s les premi\u00e8res phases de la pand\u00e9mie, ils ont d\u00fb composer avec une demande accrue de services, une baisse de leurs revenus, une diminution des dons attribuable \u00e0 la hausse du co\u00fbt de la vie et un besoin accru d\u2019utiliser les outils num\u00e9riques. Bon nombre d\u2019entre eux ont de la difficult\u00e9 \u00e0 se r\u00e9tablir et \u00e0 adapter leurs services aux besoins changeants des communaut\u00e9s partout au Canada.&nbsp;<\/p>\n\n\n\n<p class=\"wp-block-paragraph\">Les demandes de financement peuvent \u00eatre soumises aux financeurs nationaux d\u00e8s maintenant et jusqu\u2019au 21&nbsp;f\u00e9vrier&nbsp;2023. Les organismes sont invit\u00e9s \u00e0 remplir le questionnaire interactif, qui les aidera \u00e0 d\u00e9terminer o\u00f9 et comment pr\u00e9senter une demande. Des renseignements et des ressources suppl\u00e9mentaires, y compris un guide de pr\u00e9sentation de la demande, figurent sur le site Web du Fonds de relance des services communautaires. Les financeurs nationaux tiendront \u00e9galement un webinaire le&nbsp;12&nbsp;janvier&nbsp;2023 pour aider les organismes \u00e0 comprendre le processus de demande.<\/p>\n\n\n\n<p class=\"wp-block-paragraph\">Pour en savoir plus, visitez le <a rel=\"noreferrer noopener\" href=\"https:\/\/fr.communityservicesrecoveryfund.ca\/\" target=\"_blank\">site Web des financeurs nationaux du Fonds de relance des services communautaires<\/a>. Les organismes admissibles peuvent \u00e9galement <a href=\"https:\/\/communityfoundations.zoom.us\/webinar\/register\/WN_UvjJ2e6cT-Wv2PMJIUDCmA\" data-type=\"URL\" data-id=\"https:\/\/communityfoundations.zoom.us\/webinar\/register\/WN_UvjJ2e6cT-Wv2PMJIUDCmA\" target=\"_blank\" rel=\"noreferrer noopener\">s\u2019inscrire au webinaire<\/a> sur le site Web.<\/p>\n\n\n\n<h3 class=\"wp-block-heading\"><strong><strong>Citations<\/strong><\/strong><\/h3>\n\n\n\n<blockquote class=\"wp-block-quote is-layout-flow wp-block-quote-is-layout-flow\"><p>\u00ab&nbsp;Gr\u00e2ce \u00e0 ce fonds historique, le gouvernement soutient la relance \u00e0 long terme dans les collectivit\u00e9s de tout le Canada \u00e0 la suite de la pand\u00e9mie de COVID-19. Cet investissement transformateur concr\u00e9tis\u00e9 en collaboration avec les financeurs nationaux appuie un mod\u00e8le de croissance \u00e9conomique plus inclusif qui cr\u00e9e des possibilit\u00e9s \u00e0 l\u2019\u00e9chelle communautaire. Le Fonds de relance des services communautaires renforcera la capacit\u00e9 des organismes de services communautaires, y compris les organismes de bienfaisance, les organismes sans but lucratif et les corps dirigeants autochtones, \u00e0 offrir des services et des ressources l\u00e0 o\u00f9 ils auront le plus de r\u00e9percussions positives.&nbsp;\u00bb<\/p><cite>La ministre de la Famille, des Enfants et du D\u00e9veloppement social, Karina&nbsp;Gould<\/cite><\/blockquote>\n\n\n\n<blockquote class=\"wp-block-quote is-layout-flow wp-block-quote-is-layout-flow\"><p><em>\u00ab&nbsp;Le gouvernement du Canada continue de d\u00e9montrer sa volont\u00e9 d\u2019appuyer les Canadiens pendant que nous nous remettons des r\u00e9percussions prolong\u00e9es de la pand\u00e9mie de COVID-19. La Croix-Rouge canadienne se r\u00e9jouit d\u2019\u00eatre l\u2019un des financeurs nationaux du Fonds de relance \u00e9conomique des services communautaires et d\u2019offrir ainsi des fonds pour aider les organismes sans but lucratif, les organismes de bienfaisance enregistr\u00e9s et les corps dirigeants autochtones \u00e0 s\u2019adapter afin qu\u2019ils puissent continuer \u00e0 offrir des services et des programmes essentiels dans leurs communaut\u00e9s. \u00bb<\/em><\/p><cite>Le pr\u00e9sident et chef de la direction de la Soci\u00e9t\u00e9 canadienne de la Croix-Rouge, Conrad&nbsp;Sauv\u00e9&nbsp;<\/cite><\/blockquote>\n\n\n\n<blockquote class=\"wp-block-quote is-layout-flow wp-block-quote-is-layout-flow\"><p>\u00ab&nbsp;Le Fonds de relance des services communautaires va changer la r\u00e9alit\u00e9 de milliers d\u2019organismes de bienfaisance, d\u2019organismes sans but lucratif et de corps dirigeants autochtones d\u2019un oc\u00e9an \u00e0 l\u2019autre. Tout au long de la pand\u00e9mie de COVID-19, ces organisations ont d\u00e9fendu et soutenu leurs communaut\u00e9s. Nous leur serons toujours reconnaissants de leurs efforts. Maintenant, gr\u00e2ce \u00e0 ce fonds, les fondations communautaires soutiendront les projets des organismes de bienfaisance, des organismes sans but lucratif et des corps dirigeants autochtones qui investissent dans leurs syst\u00e8mes et processus internes, les rendant ainsi plus r\u00e9silients pour l\u2019avenir. \u00bb<\/p><cite>La pr\u00e9sidente de Fondations communautaires du Canada, Andrea Dicks<\/cite><\/blockquote>\n\n\n\n<blockquote class=\"wp-block-quote is-layout-flow wp-block-quote-is-layout-flow\"><p>\u00ab&nbsp;Le gouvernement du Canada a confi\u00e9 la mise en \u0153uvre du Fonds de relance \u00e9conomique des services communautaires \u00e0 Centraide United Way Canada et \u00e0 ses partenaires, les autres financeurs nationaux. Notre r\u00e9seau national d\u2019experts communautaires locaux travaille d\u2019arrache-pied pour soutenir les organismes de bienfaisance et les organismes sans but lucratif qui offrent des services aux diverses communaut\u00e9s afin qu\u2019ils puissent avoir acc\u00e8s \u00e0 cet important financement qu\u2019ils m\u00e9ritent amplement. \u00bb<\/p><cite>Le pr\u00e9sident-directeur g\u00e9n\u00e9ral de Centraide United Way Canada, Dan&nbsp;Clement<\/cite><\/blockquote>\n\n\n\n<h3 class=\"wp-block-heading\"><strong><strong>Les faits en bref<\/strong>&nbsp;<\/strong><\/h3>\n\n\n\n<ul class=\"wp-block-list\"><li>Les demandes relatives au Fonds de relance des services communautaires peuvent \u00eatre pr\u00e9sent\u00e9es du 6&nbsp;janvier au 21&nbsp;f\u00e9vrier&nbsp;2023 par l\u2019entremise des financeurs nationaux. Les projets financ\u00e9s commenceront le 1<sup>er<\/sup>&nbsp;mai&nbsp;2023 et se poursuivront en 2024.<\/li><li>Le Fonds de relance des services communautaires comporte deux volets de financement&nbsp;: un volet pour les organismes de services communautaires locaux ou r\u00e9gionaux servant une partie d\u2019une province ou d\u2019un territoire, et un volet pour les organismes de services communautaires servant tout le pays, toute une province ou un tout un territoire, ou plusieurs provinces ou territoires.<\/li><li>Le financement du Fonds de relance des services communautaires permettra aux organismes de services communautaires d\u2019investir dans leur propre capacit\u00e9 organisationnelle dans le cadre de l\u2019un des trois domaines d\u2019intervention de projet suivants&nbsp;:<ul><li>Investir dans le personnel&nbsp;: ces projets sont ax\u00e9s sur la mani\u00e8re dont les organismes recrutent, maintiennent en poste, mobilisent et soutiennent leur effectif.<\/li><li>Investir dans les syst\u00e8mes et les proc\u00e9d\u00e9s&nbsp;: ces projets visent les syst\u00e8mes et les proc\u00e9d\u00e9s n\u00e9cessaires \u00e0 la cr\u00e9ation des rouages internes de la structure globale d\u2019un organisme.<\/li><li>Investir dans l\u2019innovation et la refonte des programmes et services&nbsp;: ces projets sont principalement ax\u00e9s sur l\u2019innovation et la refonte de programmes et de services en fonction de renseignements recueillis pendant la pand\u00e9mie de COVID-19.<\/li><\/ul><\/li><li>Le Fonds de relance des services communautaires s\u2019appuie sur la r\u00e9ussite du Fonds d\u2019urgence pour l\u2019appui communautaire, dot\u00e9 de 350&nbsp;millions de dollars, gr\u00e2ce auquel le gouvernement a financ\u00e9 plus de 11&nbsp;570&nbsp;projets destin\u00e9s aux populations vuln\u00e9rables pendant la pand\u00e9mie de COVID-19.<\/li><\/ul>\n\n\n\n<h3 class=\"wp-block-heading\"><strong><strong>Liens connexes<\/strong><\/strong><\/h3>\n\n\n\n<ul class=\"wp-block-list\"><li><a rel=\"noreferrer noopener\" href=\"http:\/\/www.communityservicesrecoveryfund.ca\/\" target=\"_blank\"><\/a><a href=\"http:\/\/www.fondsderelancedesservicescommunautaires.ca\" target=\"_blank\" rel=\"noreferrer noopener\">Site Web des financeurs nationaux du Fonds de relance des services communautaires<\/a><\/li><\/ul>\n\n\n\n<h3 class=\"wp-block-heading\"><strong>Personnes-ressources<\/strong><\/h3>\n\n\n\n<p class=\"wp-block-paragraph\"><strong>Mohammad Hussain<\/strong>, Attach\u00e9 de presse&nbsp;<br>Cabinet de la ministre de la Famille, des Enfants et du D\u00e9veloppement social, Karina&nbsp;Gould&nbsp;<a href=\"mailto:mohammad.hussain@hrsdc-rhdcc.gc.ca\">mohammad.hussain@hrsdc-rhdcc.gc.ca<\/a><\/p>\n\n\n\n<p class=\"wp-block-paragraph\"><strong>Hannah Munshi,\u00a0<\/strong>Gestionnaire des communications, Fondations communautaires du Canada<\/p>\n\n\n\n<p class=\"wp-block-paragraph\"><a href=\"mailto:hmunshi@communityfoundations.ca\" target=\"_blank\" rel=\"noreferrer noopener\">hmunshi@communityfoundations.ca<\/a><\/p>\n\n\n\n<p class=\"wp-block-paragraph\"><strong>Bureau des relations avec les m\u00e9dias<\/strong><\/p>\n\n\n\n<p class=\"wp-block-paragraph\">Emploi et D\u00e9veloppement social Canada&nbsp;<\/p>\n\n\n\n<p class=\"wp-block-paragraph\">819-994-5559<\/p>\n\n\n\n<p class=\"wp-block-paragraph\"><a href=\"mailto:media@hrsdc-rhdcc.gc.ca\">media@hrsdc-rhdcc.gc.ca<\/a><\/p>\n\n\n\n<p class=\"wp-block-paragraph\"><a href=\"https:\/\/twitter.com\/ESDC_GC\" target=\"_blank\" rel=\"noreferrer noopener\">Twitter<\/a> <br><\/p>\n","protected":false},"excerpt":{"rendered":"<p>Ottawa (Ontario), 6 janvier 2023&nbsp;&#8211; Aujourd\u2019hui, la ministre de la Famille, des Enfants et du D\u00e9veloppement social, Karina&nbsp;Gould, de concert avec la Croix-Rouge canadienne, les Fondations communautaires du Canada et Centraide United Way Canada, a annonc\u00e9 que le processus de demande pour le Fonds de relance des services communautaires est maintenant ouvert. Le processus de [&hellip;]<\/p>\n","protected":false},"author":14,"featured_media":36273,"comment_status":"closed","ping_status":"closed","sticky":false,"template":"","format":"standard","meta":{"footnotes":""},"class_list":["post-36268","post","type-post","status-publish","format-standard","has-post-thumbnail","hentry","journal_type-communique-de-presse","resource_initiative-fonds-de-relance-des-services-communautaires","resource_initiative-le-fonds-de-relance-des-services-communautaires","topic-subventionnement"],"acf":[],"_links":{"self":[{"href":"https:\/\/communityfoundations.ca\/fr\/wp-json\/wp\/v2\/posts\/36268","targetHints":{"allow":["GET"]}}],"collection":[{"href":"https:\/\/communityfoundations.ca\/fr\/wp-json\/wp\/v2\/posts"}],"about":[{"href":"https:\/\/communityfoundations.ca\/fr\/wp-json\/wp\/v2\/types\/post"}],"author":[{"embeddable":true,"href":"https:\/\/communityfoundations.ca\/fr\/wp-json\/wp\/v2\/users\/14"}],"replies":[{"embeddable":true,"href":"https:\/\/communityfoundations.ca\/fr\/wp-json\/wp\/v2\/comments?post=36268"}],"version-history":[{"count":6,"href":"https:\/\/communityfoundations.ca\/fr\/wp-json\/wp\/v2\/posts\/36268\/revisions"}],"predecessor-version":[{"id":36306,"href":"https:\/\/communityfoundations.ca\/fr\/wp-json\/wp\/v2\/posts\/36268\/revisions\/36306"}],"wp:featuredmedia":[{"embeddable":true,"href":"https:\/\/communityfoundations.ca\/fr\/wp-json\/wp\/v2\/media\/36273"}],"wp:attachment":[{"href":"https:\/\/communityfoundations.ca\/fr\/wp-json\/wp\/v2\/media?parent=36268"}],"curies":[{"name":"wp","href":"https:\/\/api.w.org\/{rel}","templated":true}]}}