{"id":38689,"date":"2023-07-05T16:33:59","date_gmt":"2023-07-05T20:33:59","guid":{"rendered":"https:\/\/communityfoundations.ca\/a-letter-from-cfcs-leadership\/"},"modified":"2023-07-20T16:44:27","modified_gmt":"2023-07-20T20:44:27","slug":"lettre-de-la-direction-de-fcc-2022","status":"publish","type":"post","link":"https:\/\/communityfoundations.ca\/fr\/lettre-de-la-direction-de-fcc-2022\/","title":{"rendered":"Une lettre de la direction de FCC"},"content":{"rendered":"\n<figure class=\"wp-block-pullquote\"><blockquote><p><strong>C\u2019est seulement collectivement que nous pouvons b\u00e2tir l\u2019avenir auquel nous aspirons. Alors, agissons ensemble.<\/strong><\/p><\/blockquote><\/figure>\n\n\n\n<div class=\"wp-block-columns alignfull is-layout-flex wp-container-core-columns-is-layout-9d6595d7 wp-block-columns-is-layout-flex\">\n<div class=\"wp-block-column has-text-color has-small-font-size is-layout-flow wp-block-column-is-layout-flow\" style=\"color:#fdfdfd\">\n<div class=\"wp-block-columns alignwide is-layout-flex wp-container-core-columns-is-layout-9d6595d7 wp-block-columns-is-layout-flex\">\n<div class=\"wp-block-column is-layout-flow wp-block-column-is-layout-flow\" style=\"flex-basis:33.33%\">\n<figure class=\"wp-block-image size-large\"><img loading=\"lazy\" decoding=\"async\" width=\"379\" height=\"1024\" src=\"https:\/\/communityfoundations.ca\/wp-content\/uploads\/2023\/07\/FR-1-379x1024.png\" alt=\"\" class=\"wp-image-38691\" srcset=\"https:\/\/communityfoundations.ca\/wp-content\/uploads\/2023\/07\/FR-1-379x1024.png 379w, https:\/\/communityfoundations.ca\/wp-content\/uploads\/2023\/07\/FR-1-111x300.png 111w, https:\/\/communityfoundations.ca\/wp-content\/uploads\/2023\/07\/FR-1.png 400w\" sizes=\"auto, (max-width: 379px) 100vw, 379px\" \/><\/figure>\n\n\n\n<p class=\"has-text-align-left has-text-color\" style=\"color:#53565a\">L\u2019hymne des fondations communautaires a \u00e9t\u00e9 initialement r\u00e9dig\u00e9 en 2013 dans le cadre d\u2019une campagne nationale visant \u00e0 sensibiliser la population au travail et \u00e0 l\u2019impact des fondations communautaires partout au pays.<\/p>\n<\/div>\n\n\n\n<div class=\"wp-block-column is-layout-flow wp-block-column-is-layout-flow\" style=\"flex-basis:66.66%\">\n<h2 class=\"wp-block-heading\"><\/h2>\n\n\n\n<p class=\"has-text-align-left has-black-color has-text-color\" style=\"font-size:16px\">L\u2019ann\u00e9e \u00e9coul\u00e9e a \u00e9t\u00e9 marqu\u00e9e par de nombreux changements. Au sortir de la pand\u00e9mie de COVID-19, les communaut\u00e9s se montrent \u00e0 la fois inqui\u00e8tes et optimistes quant \u00e0 l\u2019avenir. Nous ne savons peut-\u00eatre pas encore ce que nous r\u00e9serve l\u2019avenir, mais ce qui ne fait aucun doute, c\u2019est la d\u00e9termination de ce r\u00e9seau de plus de 200 fondations communautaires \u00e0 \u0153uvrer sans rel\u00e2che pour un avenir o\u00f9 tout le monde a sa place.<\/p>\n\n\n\n<p class=\"has-text-align-left has-black-color has-text-color\" style=\"font-size:16px\"><br>L\u2019id\u00e9e d\u2019appartenance est au c\u0153ur de notre travail. C\u2019est elle qui guide nos d\u00e9cisions et nos actions. Cela a toujours \u00e9t\u00e9 le cas. L\u2019ann\u00e9e 2023 marque le dixi\u00e8me anniversaire du lancement par FCC d\u2019une campagne de marketing \u00e0 l\u2019\u00e9chelle nationale, aux c\u00f4t\u00e9s des 191 fondations communautaires du r\u00e9seau \u00e0 l\u2019\u00e9poque. Diffus\u00e9e sur de nombreuses plateformes, cette campagne reposait sur un hymne remarquable aux collectivit\u00e9s.<\/p>\n\n\n\n<p class=\"has-text-align-left has-black-color has-text-color\" style=\"font-size:16px\"><br>Dix ans plus tard, ces mots continuent de r\u00e9sonner. C\u2019est avant tout l\u2019id\u00e9e d\u2019appartenance qui nous guide. Que l\u2019horizon soit d\u00e9gag\u00e9 ou brumeux, ce sont nos objectifs et nos valeurs qui nous font avancer. C\u2019est ce que nous avons, une fois de plus, d\u00e9montr\u00e9 en 2022. Au cours de la derni\u00e8re ann\u00e9e, nous avons constat\u00e9 \u00e0 quel point les fondations communautaires soutiennent et guident leur communaut\u00e9 \u00e0 travers leurs pratiques de leadership, l\u2019octroi de subventions, la gouvernance, l\u2019investissement social et plus encore. Nous avons observ\u00e9 et applaudi ce r\u00e9seau qui :<\/p>\n\n\n\n<p class=\"has-text-align-left has-black-color has-text-color\" style=\"font-size:16px\">&#8211; a transform\u00e9 les espaces publics pour offrir aux communaut\u00e9s un acc\u00e8s s\u00fbr et inclusif dans le cadre de l\u2019Initiative pour des collectivit\u00e9s en sant\u00e9;<br>&#8211; s\u2019est mobilis\u00e9 pour collaborer une fois de plus partout au pays dans le cadre de ce qui repr\u00e9sente notre plus grande action collective \u00e0 ce jour : le Fonds de relance des services communautaires;<br>&#8211; a poursuivi ses efforts en mati\u00e8re d\u2019investissement afin d\u2019augmenter sensiblement les sommes investies pour le bien, et ce, au moyen de l\u2019initiative Communaut\u00e9s pour l\u2019\u00e9galit\u00e9 des genres et du Programme de pr\u00e9paration \u00e0 l\u2019investissement;<br>&#8211; s\u2019est engag\u00e9 \u00e0 r\u00e9fl\u00e9chir \u00e0 des solutions pour r\u00e9pondre \u00e0 l\u2019\u00e9volution de l\u2019environnement r\u00e9glementaire du secteur;<br>&#8211; a resserr\u00e9 les liens au sein de notre r\u00e9seau mondial de fondations communautaires afin de soutenir les communaut\u00e9s en situation de crise.<\/p>\n\n\n\n<p><\/p>\n\n\n\n<p><\/p>\n\n\n\n<p class=\"has-white-color has-text-color\"><\/p>\n\n\n\n<p class=\"has-text-align-left has-text-color\" style=\"color:#010000;font-size:16px\">\u00c0 Fondations communautaires du Canada, nous exprimons notre profonde reconnaissance envers chaque personne de ce r\u00e9seau qui \u0153uvre sans rel\u00e2che \u00e0 la construction d\u2019un avenir radieux, juste et durable. Nous remercions tout aussi sinc\u00e8rement nos nombreux partenaires et<\/p>\n\n\n\n<p class=\"has-text-align-left has-text-color\" style=\"color:#010000;font-size:16px\">les personnes qui collaborent avec nous au sein des communaut\u00e9s proches ou \u00e9loign\u00e9es. C\u2019est vous toutes et tous qui, conjointement, constituez la base de ce r\u00e9seau et de notre communaut\u00e9. Nous croyons que, lorsque nous travaillons et r\u00eavons ensemble, nous ouvrons la voie \u00e0 des perspectives extraordinaires. Car c\u2019est seulement collectivement que nous pouvons b\u00e2tir l\u2019avenir auquel nous aspirons. Alors, agissons ensemble.<\/p>\n\n\n\n<p class=\"has-text-align-left has-black-color has-text-color\" style=\"font-size:16px\"><br>Avec toute notre reconnaissance,<\/p>\n\n\n\n<div class=\"wp-block-columns is-layout-flex wp-container-core-columns-is-layout-9d6595d7 wp-block-columns-is-layout-flex\">\n<div class=\"wp-block-column is-layout-flow wp-block-column-is-layout-flow\">\n<figure class=\"wp-block-image size-full\"><img loading=\"lazy\" decoding=\"async\" width=\"284\" height=\"105\" src=\"https:\/\/communityfoundations.ca\/wp-content\/uploads\/2023\/07\/AD-signature-transparent-background.png\" alt=\"\" class=\"wp-image-38533\"\/><\/figure>\n<\/div>\n\n\n\n<div class=\"wp-block-column is-layout-flow wp-block-column-is-layout-flow\">\n<figure class=\"wp-block-image size-full\"><img loading=\"lazy\" decoding=\"async\" width=\"166\" height=\"85\" src=\"https:\/\/communityfoundations.ca\/wp-content\/uploads\/2023\/07\/AC-Signature-e1688584141769.jpeg\" alt=\"\" class=\"wp-image-38556\"\/><\/figure>\n<\/div>\n<\/div>\n\n\n\n<p><\/p>\n<\/div>\n<\/div>\n<\/div>\n<\/div>\n","protected":false},"excerpt":{"rendered":"<p>C\u2019est seulement collectivement que nous pouvons b\u00e2tir l\u2019avenir auquel nous aspirons. Alors, agissons ensemble. L\u2019hymne des fondations communautaires a \u00e9t\u00e9 initialement r\u00e9dig\u00e9 en 2013 dans le cadre d\u2019une campagne nationale visant \u00e0 sensibiliser la population au travail et \u00e0 l\u2019impact des fondations communautaires partout au pays. L\u2019ann\u00e9e \u00e9coul\u00e9e a \u00e9t\u00e9 marqu\u00e9e par de nombreux changements. [&hellip;]<\/p>\n","protected":false},"author":18,"featured_media":38381,"comment_status":"closed","ping_status":"closed","sticky":false,"template":"","format":"standard","meta":{"footnotes":""},"class_list":["post-38689","post","type-post","status-publish","format-standard","has-post-thumbnail","hentry","journal_type-journal-fr-2"],"acf":[],"_links":{"self":[{"href":"https:\/\/communityfoundations.ca\/fr\/wp-json\/wp\/v2\/posts\/38689","targetHints":{"allow":["GET"]}}],"collection":[{"href":"https:\/\/communityfoundations.ca\/fr\/wp-json\/wp\/v2\/posts"}],"about":[{"href":"https:\/\/communityfoundations.ca\/fr\/wp-json\/wp\/v2\/types\/post"}],"author":[{"embeddable":true,"href":"https:\/\/communityfoundations.ca\/fr\/wp-json\/wp\/v2\/users\/18"}],"replies":[{"embeddable":true,"href":"https:\/\/communityfoundations.ca\/fr\/wp-json\/wp\/v2\/comments?post=38689"}],"version-history":[{"count":4,"href":"https:\/\/communityfoundations.ca\/fr\/wp-json\/wp\/v2\/posts\/38689\/revisions"}],"predecessor-version":[{"id":38696,"href":"https:\/\/communityfoundations.ca\/fr\/wp-json\/wp\/v2\/posts\/38689\/revisions\/38696"}],"wp:featuredmedia":[{"embeddable":true,"href":"https:\/\/communityfoundations.ca\/fr\/wp-json\/wp\/v2\/media\/38381"}],"wp:attachment":[{"href":"https:\/\/communityfoundations.ca\/fr\/wp-json\/wp\/v2\/media?parent=38689"}],"curies":[{"name":"wp","href":"https:\/\/api.w.org\/{rel}","templated":true}]}}