{"id":41922,"date":"2024-07-31T16:31:40","date_gmt":"2024-07-31T20:31:40","guid":{"rendered":"https:\/\/communityfoundations.ca\/?p=41922"},"modified":"2024-07-31T16:31:41","modified_gmt":"2024-07-31T20:31:41","slug":"reflexion-sur-limportance-des-conges-sabbatiques-et-des-fins-deliberees","status":"publish","type":"post","link":"https:\/\/communityfoundations.ca\/fr\/reflexion-sur-limportance-des-conges-sabbatiques-et-des-fins-deliberees\/","title":{"rendered":"R\u00e9flexion sur l\u2019importance des cong\u00e9s sabbatiques et des fins d\u00e9lib\u00e9r\u00e9es"},"content":{"rendered":"\n<p>Par <a href=\"https:\/\/communityfoundations.ca\/fr\/person\/emel-tabaku\/\" data-type=\"link\" data-id=\"https:\/\/communityfoundations.ca\/person\/emel-tabaku\/\">Emel Tabaku<\/a><\/p>\n\n\n\n<p>Les responsables dans les organismes \u00e0 but non lucratif&nbsp;(OBNL) vivent souvent des situations marqu\u00e9es par trop de travail et trop peu de ressources. Les cong\u00e9s sabbatiques, un concept bien connu depuis 20&nbsp;ans, sont devenus de plus en plus populaires depuis le d\u00e9but de la pand\u00e9mie. De quoi s\u2019agit-il exactement? Il s\u2019agit d\u2019un cong\u00e9 prolong\u00e9 cens\u00e9 servir au repos et \u00e0 la r\u00e9flexion. Il a pour but de contrer l\u2019\u00e9puisement, d\u2019accro\u00eetre les capacit\u00e9s organisationnelles et d\u2019aider les leaders d\u2019organisations \u00e0 red\u00e9couvrir la passion pour leur travail (<a href=\"https:\/\/hbr.org\/2023\/02\/research-the-transformative-power-of-sabbaticals\">Harvard Business Review<\/a>, en anglais).&nbsp;&nbsp;<\/p>\n\n\n\n<figure class=\"wp-block-pullquote\"><blockquote><p><strong>Le degr\u00e9 d\u2019\u00e9puisement d\u2019un patron ou d\u2019une \u00e9quipe enti\u00e8re n\u2019est plus utilis\u00e9 comme mesure de succ\u00e8s et de productivit\u00e9.<\/strong><\/p><\/blockquote><\/figure>\n\n\n\n<p>Dans le sillage de la pand\u00e9mie, le ph\u00e9nom\u00e8ne de la \u00ab&nbsp;d\u00e9mission douce&nbsp;\u00bb (<em>quiet quitting<\/em>) a pris du galon. Il d\u00e9crit le comportement observ\u00e9 chez des employ\u00e9s qui ne font que le strict minimum au lieu d\u2019essayer d\u2019aller au-del\u00e0 des attentes. En parall\u00e8le, le mouvement contre le travail (<em>anti-work movement<\/em>) a vu de jeunes g\u00e9n\u00e9rations accepter une situation de ch\u00f4mage prolong\u00e9e pour attendre de trouver l\u2019emploi parfait (<a href=\"https:\/\/www.fastcompany.com\/90715900\/great-resignation-sabbatical-gap-year\">Fast Company<\/a>, en anglais). D\u00e9sormais, la tendance est aux carri\u00e8res qui donnent un sens et de la satisfaction, coupl\u00e9e \u00e0 un mouvement qui invite \u00e0 ralentir et \u00e0 s\u2019arr\u00eater. Le degr\u00e9 d\u2019\u00e9puisement d\u2019un patron ou d\u2019une \u00e9quipe enti\u00e8re n\u2019est plus utilis\u00e9 comme mesure de succ\u00e8s ou de productivit\u00e9. Aujourd\u2019hui, nous accordons plus d\u2019importance et de valeur aux exp\u00e9riences, particuli\u00e8rement celles autrefois n\u00e9glig\u00e9es, comme le temps pass\u00e9 en nature et un repas en compagnie de nos proches. Ce changement semble tout \u00e0 fait logique sachant que la pand\u00e9mie a expos\u00e9 au grand jour la fragilit\u00e9 et l\u2019importance de la vie, ainsi que son lien intrins\u00e8que avec la mort. Un cong\u00e9 sabbatique offre aux leaders l\u2019occasion de se red\u00e9finir et de red\u00e9finir leurs valeurs en dehors du travail, dans un d\u00e9sordre mondial de plus en plus frappant.<\/p>\n\n\n\n<h2 class=\"wp-block-heading\"><strong><strong>La pression subie par les responsables d\u2019OBNL<\/strong><\/strong><\/h2>\n\n\n\n<p>Les demandes associ\u00e9es \u00e0 l\u2019\u00e9volution sans cesse du monde, marqu\u00e9 par des tensions politiques, des in\u00e9galit\u00e9s croissantes, des changements climatiques et des technologies \u00e9mergentes imposent aux organismes de la soci\u00e9t\u00e9 civile une adaptation constante. Pourtant, ces organismes sont-ils \u00e9quip\u00e9s pour faire face \u00e0 ces grands changements? Les responsables d\u2019OBNL, en particulier les femmes racis\u00e9es, victimes de racismes depuis plusieurs g\u00e9n\u00e9rations, travaillent dans des conditions de stress constant afin de r\u00e9pondre \u00e0 d\u2019\u00e9normes demandes. Selon une analyse transmise au <em>Chronicle of Philanthropy<\/em>, une part estim\u00e9e \u00e0 28&nbsp;% des organismes \u00ab&nbsp;ayant un budget inf\u00e9rieur \u00e0 50&nbsp;000&nbsp;$ sont dirig\u00e9s par des femmes racis\u00e9es&nbsp;\u00bb (<a href=\"https:\/\/www.philanthropy.com\/article\/women-leaders-of-color-are-exhausted-philanthropy-needs-to-step-up?sra=true\">The Chronicle of Philanthropy<\/a>, en anglais). Souvent, l\u2019enthousiasme li\u00e9 aux promesses de dons faites dans le cadre de mouvements sociaux, comme celui de <em>Black Lives Matter<\/em> en&nbsp;2020, s\u2019estompe rapidement. Ainsi, au cours des deux derni\u00e8res ann\u00e9es, les donateurs ont r\u00e9duit leurs engagements financiers pour les causes de justice sociale. Cet \u00e9tat de gestion de crise permanent dans lequel les responsables se soucient constamment du financement pour leurs programmes laisse peu de place pour une r\u00e9flexion visionnaire et la planification de l\u2019avenir.<\/p>\n\n\n<div class=\"wp-block-image\">\n<figure class=\"aligncenter size-large is-resized\"><img loading=\"lazy\" decoding=\"async\" width=\"1024\" height=\"576\" src=\"https:\/\/communityfoundations.ca\/wp-content\/uploads\/2024\/07\/getty-images-u6ncpEJUcE4-unsplash-1024x576.jpg\" alt=\"\" class=\"wp-image-41914\" style=\"width:642px;height:auto\" srcset=\"https:\/\/communityfoundations.ca\/wp-content\/uploads\/2024\/07\/getty-images-u6ncpEJUcE4-unsplash-1024x576.jpg 1024w, https:\/\/communityfoundations.ca\/wp-content\/uploads\/2024\/07\/getty-images-u6ncpEJUcE4-unsplash-300x169.jpg 300w, https:\/\/communityfoundations.ca\/wp-content\/uploads\/2024\/07\/getty-images-u6ncpEJUcE4-unsplash-768x432.jpg 768w, https:\/\/communityfoundations.ca\/wp-content\/uploads\/2024\/07\/getty-images-u6ncpEJUcE4-unsplash-1536x864.jpg 1536w, https:\/\/communityfoundations.ca\/wp-content\/uploads\/2024\/07\/getty-images-u6ncpEJUcE4-unsplash-2048x1152.jpg 2048w\" sizes=\"auto, (max-width: 1024px) 100vw, 1024px\" \/><\/figure>\n<\/div>\n\n\n<p><\/p>\n\n\n\n<p>En ces temps instables o\u00f9 la n\u00e9cessit\u00e9 de r\u00e9actions rapides semble l\u2019emporter sur les pauses d\u00e9lib\u00e9r\u00e9es, l\u2019absence d\u2019espaces de rassemblement pour cr\u00e9er de nouveaux objectifs et id\u00e9es devient de plus en plus \u00e9vidente. Contrairement \u00e0 la croyance g\u00e9n\u00e9rale selon laquelle un cong\u00e9 sabbatique ne sert qu\u2019\u00e0 \u00ab&nbsp;recharger les batteries&nbsp;\u00bb avant de retourner dans l\u2019ancien r\u00f4le, de nombreux leaders d\u00e9couvrent pendant leur absence de nouvelles fa\u00e7ons de faire pour accro\u00eetre l\u2019utilit\u00e9 des changements sociaux au c\u0153ur de leur travail. Souvent, les leaders \u00ab&nbsp;contraints&nbsp;\u00bb de prendre un cong\u00e9 sabbatique, car tellement \u00e9puis\u00e9s qu\u2019ils ont d\u00fb prendre du recul, ne retournent pas dans leur ancien poste. Sachant cela, le secteur caritatif doit se demander pourquoi les cong\u00e9s sabbatiques ne font pas encore partie int\u00e9grante de son milieu de travail. Il est tout \u00e0 fait contreproductif d\u2019attendre que les responsables s\u2019\u00e9puisent syst\u00e9matiquement et cherchent \u00e0 quitter leur emploi. \u00c0 long terme, l\u2019adoption de politiques sur des cong\u00e9s sabbatiques financ\u00e9s l\u2019emporterait sur les co\u00fbts de l\u2019absence de telles politiques. Apr\u00e8s tout, les bienfaits de tels cong\u00e9s, notamment le renforcement de la r\u00e9silience, de l\u2019innovation, de la productivit\u00e9 et la r\u00e9tention du personnel, sont bien document\u00e9s. De plus, le d\u00e9part en cong\u00e9 sabbatique du responsable d\u2019un OBNL encourage le partage des responsabilit\u00e9s parmi les leaders de deuxi\u00e8me niveau. Par cons\u00e9quent, tout le monde profite d\u2019un espace de transformation et de la possibilit\u00e9 d\u2019explorer et de cr\u00e9er des changements radicaux.<br><\/p>\n\n\n\n<div id=\"text-block-block_498a619814bc0cd030fe2289b60a5b00\" class=\"text-block background-enabled\">\n    <p><span style=\"font-weight: 400;\">Parmi les leaders ayant particip\u00e9 au sondage, 87\u00a0% disent avoir eu plus de confiance en leurs capacit\u00e9s \u00e0 faire leur travail apr\u00e8s leur cong\u00e9 sabbatique. Cette confiance accrue leur a permis de se qualifier pour des postes sup\u00e9rieurs en politiques et d\u00e9fense des int\u00e9r\u00eats, d\u2019\u00eatre plus efficaces dans la recherche de financement et de se donner plus de libert\u00e9 pour sortir des sentiers battus <\/span><\/p>\n<p><span style=\"font-weight: 400;\">(<\/span><a href=\"https:\/\/www.compasspoint.org\/sites\/default\/files\/documents\/Creative%20Disruption.pdf\"><span style=\"font-weight: 400;\">Creative Disruption<\/span><\/a><span style=\"font-weight: 400;\">, en anglais).<\/span><\/p>\n<\/div>\n<style type=\"text\/css\">\n\t#text-block-block_498a619814bc0cd030fe2289b60a5b00 {\n\t\tmargin: 45px 0;\n\t}\n\t#text-block-block_498a619814bc0cd030fe2289b60a5b00.background-enabled {\n\t\tbackground-color: #606060;\n\t\tpadding: 30px;\n\t}\n\t#text-block-block_498a619814bc0cd030fe2289b60a5b00,\n\t#text-block-block_498a619814bc0cd030fe2289b60a5b00 a,\n\t#text-block-block_498a619814bc0cd030fe2289b60a5b00 p,\n\t#text-block-block_498a619814bc0cd030fe2289b60a5b00 h4 {\n\t\tcolor: #fff;\n\t}\n\t#text-block-block_498a619814bc0cd030fe2289b60a5b00 li {\n\t\tmargin-bottom: 0;\n\t}\n\t@media (min-width: 768px) {\n\t\t#text-block-block_498a619814bc0cd030fe2289b60a5b00.background-enabled {\n\t\t\tpadding: 60px;\n\t\t}\n\t}\n<\/style>\n<script>\n\tjQuery('#text-block-block_498a619814bc0cd030fe2289b60a5b00 p, #text-block-block_498a619814bc0cd030fe2289b60a5b00 li').attr(\"data-aos\", \"fade-up\");\n<\/script>\n\n\n\n<p>Cela ne veut pas dire que les organisations ne tentent pas de soutenir leurs employ\u00e9s. Au Canada, tant dans le secteur priv\u00e9 que public, les organisations priorisent le bien-\u00eatre \u00e9motionnel, physique et mental de leurs \u00e9quipes en adoptant diverses politiques. Entre autres, elles orientent les employ\u00e9s vers des ressources en sant\u00e9 mentale, comme le font le programme <a href=\"https:\/\/cause.bell.ca\/\">Bell Cause pour la cause<\/a> et d\u2019autres outils d\u2019aide en ligne. Pour sa part, le <a href=\"https:\/\/www.camh.ca\/fr\/\">Centre de toxicomanie et de sant\u00e9 mentale<\/a>&nbsp;(CAMH) offre un manuel sur la sant\u00e9 mentale au travail pour les dirigeants d\u2019entreprises (<a href=\"https:\/\/www.camh.ca\/en\/health-info\/workplace-mental-health-playbook-for-business-leaders\">Workplace Mental Health Playbook for Business Leaders<\/a>, en anglais). Enfin, <a href=\"https:\/\/jack.org\/A-propos-de-nous\/Nos-partenaires\">Jack.org<\/a> (en anglais) est le seul organisme de bienfaisance canadien \u00e0 former de jeunes leaders dans le but de r\u00e9volutionner la sant\u00e9 mentale. Or, malgr\u00e9 tout cela, aucun des plus grands OBNL en sant\u00e9 mentale n\u2019offre de programme de financement de cong\u00e9s sabbatiques aux membres de leur \u00e9quipe de direction.<br><\/p>\n\n\n\n<h2 class=\"wp-block-heading\"><strong>Faire des cong\u00e9s sabbatiques une priorit\u00e9 philanthropique<\/strong><\/h2>\n\n\n\n<p>Les cong\u00e9s sabbatiques s\u2019inscrivent dans la volont\u00e9 d\u2019investir dans les gens et dans les talents, et devraient repr\u00e9senter une priorit\u00e9 philanthropique. Notre voisin au sud donne l\u2019exemple. En effet, les \u00c9tats-Unis comptent sur un \u00e9cosyst\u00e8me mature pour encourager les cong\u00e9s sabbatiques, particuli\u00e8rement dans les milieux philanthropique et caritatif. Ainsi, \u00ab&nbsp;la Durfee Foundation \u00e0 Los Angeles finance des cong\u00e9s sabbatiques depuis&nbsp;1997 et accorde des bourses de 60&nbsp;000&nbsp;$ que les responsables d\u2019OBNL peuvent utiliser pour voyager et faire des activit\u00e9s de ressourcement pendant leur cong\u00e9 de trois mois\u2026 \u00c0 Phoenix, le Virginia Piper Charitable Trust consid\u00e8re son programme de cong\u00e9s sabbatiques comme une autre fa\u00e7on de servir la communaut\u00e9. \u201cL\u2019id\u00e9e est que nous, comme organisme philanthropique local, investissons et croyons dans les leaders de nos OBNL\u201d, explique Karen Leland, responsable des communications du fonds et une des administratrices de son programme de bourses. \u201cNous les souhaitons forts et nous souhaitons qu\u2019ils restent dans notre communaut\u00e9\u201d&nbsp;\u00bb (<a href=\"https:\/\/www.philanthropy.com\/article\/burnout-plagues-nonprofits-with-bad-effects-for-mission-sabbaticals-may-help\">The Chronicle of Philanthropy<\/a>, en anglais).<\/p>\n\n\n\n<p>Puisqu\u2019une politique officielle sur les cong\u00e9s sabbatiques fait toujours d\u00e9faut au Canada, l\u2019actuelle fa\u00e7on d\u2019accorder ces cong\u00e9s risque de perp\u00e9tuer des in\u00e9galit\u00e9s existantes. Il faut porter une attention particuli\u00e8re \u00e0 la mani\u00e8re de les octroyer et aux personnes qui en b\u00e9n\u00e9ficient. Quiconque souhaite cr\u00e9er un programme de cong\u00e9s sabbatiques doit engager un vaste dialogue dirig\u00e9 sur l\u2019allocation des ressources parmi diff\u00e9rents employ\u00e9s. En plus de financer le cong\u00e9 sabbatique des cadres, beaucoup de programmes offrent des fonds suppl\u00e9mentaires pour le perfectionnement professionnel du personnel de l\u2019organisation. Ce volet sert \u00e0 assurer la continuit\u00e9 des activit\u00e9s et \u00e0 solidifier la gouvernance de l\u2019organisation pendant l\u2019absence de la personne en cong\u00e9 sabbatique. Cette derni\u00e8re occupe g\u00e9n\u00e9ralement un poste bien r\u00e9mun\u00e9r\u00e9 et peut se permettre de prendre un cong\u00e9 non pay\u00e9 ou autofinanc\u00e9. Cette situation ne colle pas \u00e0 la r\u00e9alit\u00e9 des communaut\u00e9s m\u00e9ritant l\u2019\u00e9quit\u00e9. Pour les responsables d\u2019organismes dans le domaine de la justice sociale, le choix d\u2019un cong\u00e9 sabbatique peut provoquer de profonds sentiments de culpabilit\u00e9 quant aux avantages re\u00e7us et non offerts aux autres membres de l\u2019\u00e9quipe ou de la communaut\u00e9. Une politique officielle de cong\u00e9s sabbatiques permettrait d\u2019offrir des cong\u00e9s prolong\u00e9s \u00e0 tous et de mani\u00e8re \u00e9quitable.<\/p>\n\n\n\n<figure class=\"wp-block-pullquote\"><blockquote><p><strong>Comment pouvons-nous trouver le temps d\u2019imaginer des futurs diff\u00e9rents? Comment pouvons-nous respecter notre besoin et notre d\u00e9sir de r\u00eaver?<\/strong><\/p><\/blockquote><\/figure>\n\n\n\n<p>Le document <a href=\"https:\/\/bipocedcoalitionwa.org\/wp-content\/uploads\/2022\/01\/Sabbaticals-for-BIPOC-Leaders.pdf\"><em>Sabbaticals for BIPOC Leaders<\/em><\/a>, publi\u00e9 en&nbsp;2022 par la BIPOC Executive Director Coalition of Washington, pr\u00e9sente les cong\u00e9s sabbatiques comme \u00e9tant \u00ab&nbsp;un moyen de perturber les syst\u00e8mes et de faire du repos une priorit\u00e9 pour les communaut\u00e9s&nbsp;PANDC.&nbsp;\u00bb Pour comprendre toute l\u2019importance des programmes de cong\u00e9s sabbatiques, l\u2019\u00e9tude <a href=\"https:\/\/www.compasspoint.org\/sites\/default\/files\/documents\/Creative%20Disruption.pdf\"><em>Creative Disruption: Sabbaticals for Capacity Building &amp; Leadership Development in the Nonprofit Sector<\/em><\/a> s\u2019impose. Cette derni\u00e8re a \u00e9t\u00e9 command\u00e9e par cinq organismes philanthropiques am\u00e9ricains qui continuent d\u2019offrir des cong\u00e9s sabbatiques \u00e0 des responsables d\u2019OBNL. Elle comprend trois parties, <em>Revitalizing Leaders<\/em>, <em>Building Capacity<\/em> et <em>A Win\/Win for Philanthropy<\/em>, qui d\u00e9fendent les programmes de cong\u00e9s sabbatiques de mani\u00e8re convaincante et \u00e9tay\u00e9e par des preuves.<\/p>\n\n\n\n<p>Or, qu\u2019en est-il si un leader cherche plus qu\u2019\u00e0 se renouveler et \u00e0 remettre le compteur \u00e0 z\u00e9ro? Et si, en reconnaissant notre besoin de r\u00e9pit, nous reconnaissions aussi le besoin de mettre fin \u00e0 quelque chose de fa\u00e7on d\u00e9lib\u00e9r\u00e9e?<\/p>\n\n\n\n<h2 class=\"wp-block-heading\"><strong>Bien-\u00eatre ou croissance&nbsp;: imposer un cong\u00e9 sabbatique \u00e0 RCAD Initiative<\/strong><span id=\"docs-internal-guid-f023a85f-7fff-a1ec-1547-2a72d4578c7b\" style=\"font-weight:normal;\"><div><span style=\"font-size: 10pt; font-family: Arial, sans-serif; background-color: transparent; font-weight: 700; font-variant-numeric: normal; font-variant-east-asian: normal; font-variant-alternates: normal; font-variant-position: normal; vertical-align: baseline;\"><\/span><\/div><\/span><\/h2>\n\n\n\n<p>Le 1<sup>er<\/sup>&nbsp;juin 2024, j\u2019ai pris une d\u00e9cision primordiale pour mon OBNL, RCAD Initiative. Fondatrice et directrice g\u00e9n\u00e9rale depuis deux ans et demi, j\u2019ai d\u00e9cid\u00e9 que l\u2019organisation au complet prendrait un cong\u00e9 sabbatique. Cette d\u00e9cision non pas prise \u00e0 la l\u00e9g\u00e8re a \u00e9t\u00e9 motiv\u00e9e par la reconnaissance que prendre du recul par rapport au quotidien ouvre la porte \u00e0 des parcours encore plus cr\u00e9atifs et novateurs pour notre avenir collectif. Pendant ma r\u00e9flexion, y compris sur la croissance de RCAD&nbsp;Initiative, j\u2019ai d\u00fb explorer diff\u00e9rentes d\u00e9finitions du succ\u00e8s et de l\u2019impact dans les secteurs philanthropique et caritatif. Trop souvent, nous associons le succ\u00e8s \u00e0 la croissance, rapide de surcro\u00eet, et \u00e0 la continuit\u00e9. J\u2019ai tent\u00e9 de m\u2019\u00e9loigner de ces notions traditionnelles et de trouver du confort dans les petits espaces de rassemblement et le petit nombre de personnes que nous touchons avec nos programmes. Malgr\u00e9 leur petite taille, nos cercles d\u00e9gageaient un caract\u00e8re authentique et nourrissant comme je n\u2019en avais jamais vu auparavant. Nous passons si peu de temps \u00e0 r\u00e9fl\u00e9chir \u00e0 la fin, \u00e0 la pr\u00e9voir et \u00e0 la concevoir. Devant les transitions qui s\u2019op\u00e8rent dans ma vie et ma carri\u00e8re, je me suis lib\u00e9r\u00e9e du sentiment de honte qui accompagne la d\u00e9cision de plier bagage et de fermer une porte. D\u00e9cid\u00e9ment, nos d\u00e9finitions du succ\u00e8s doivent \u00eatre mises \u00e0 jour pour inclure des \u00e9l\u00e9ments de p\u00e9rennit\u00e9, d\u2019intentionnalit\u00e9 et de bien-\u00eatre de toutes les personnes touch\u00e9es. Entre autres, nous devons accepter que la fin constitue une partie fondamentale du cycle de changement et de transformation.<\/p>\n\n\n<div class=\"wp-block-image\">\n<figure class=\"aligncenter size-full is-resized\"><img loading=\"lazy\" decoding=\"async\" width=\"2297\" height=\"2560\" src=\"https:\/\/communityfoundations.ca\/wp-content\/uploads\/2024\/07\/IMG_1083-1-scaled.jpg\" alt=\"\" class=\"wp-image-42038\" style=\"width:612px;height:auto\" srcset=\"https:\/\/communityfoundations.ca\/wp-content\/uploads\/2024\/07\/IMG_1083-1-scaled.jpg 2297w, https:\/\/communityfoundations.ca\/wp-content\/uploads\/2024\/07\/IMG_1083-1-269x300.jpg 269w, https:\/\/communityfoundations.ca\/wp-content\/uploads\/2024\/07\/IMG_1083-1-919x1024.jpg 919w, https:\/\/communityfoundations.ca\/wp-content\/uploads\/2024\/07\/IMG_1083-1-768x856.jpg 768w, https:\/\/communityfoundations.ca\/wp-content\/uploads\/2024\/07\/IMG_1083-1-1378x1536.jpg 1378w, https:\/\/communityfoundations.ca\/wp-content\/uploads\/2024\/07\/IMG_1083-1-1838x2048.jpg 1838w\" sizes=\"auto, (max-width: 2297px) 100vw, 2297px\" \/><figcaption class=\"wp-element-caption\">L\u2019artiste torontoise Ziyaad Haniff entour\u00e9e de b\u00e9n\u00e9voles de RCAD Initiative et de mentor\u00e9s du Global Storytelling Incubator Hub.<\/figcaption><\/figure>\n<\/div>\n\n\n<p>Alors, je nous pose la question suivante&nbsp;: pourquoi n\u2019investissons-nous pas \u00e0 nous pr\u00e9parer \u00e0 mettre fin \u00e0 des programmes, \u00e0 des partenariats de financement, \u00e0 des relations, voire \u00e0 des organisations enti\u00e8res, lorsque leur dysfonctionnement devient \u00e9vident? On nous demande d\u2019adopter une approche introspective relative au travail avec et pour nos communaut\u00e9s. Cette approche comprend la d\u00e9cision inconfortable d\u2019admettre qu\u2019un processus, une activit\u00e9 ou une relation doit cesser afin de laisser de la place au d\u00e9veloppement et au renouveau. L\u2019id\u00e9e du cong\u00e9 sabbatique implique de se retirer de ses responsabilit\u00e9s et de se consacrer \u00e0 autre chose, soit un passe-temps, soit un travail exploratoire pour faire une diff\u00e9rence \u00e0 long terme dans le secteur. Pourtant, parfois, la meilleure d\u00e9cision que les organismes de la soci\u00e9t\u00e9 civile peuvent prendre consiste \u00e0 \u00e9laborer un plan de sortie. De cette fa\u00e7on, ils peuvent repartir \u00e0 z\u00e9ro avec de nouvelles perspectives pour r\u00e9aliser un travail \u00e0 caract\u00e8re transformateur qui prend racine dans la d\u00e9composition, le compost et le pass\u00e9. Le <a href=\"https:\/\/www.wind-down.org\/museum\/\">NGO&nbsp;Museum<\/a> (en anglais) collecte des annonces de cessation des activit\u00e9s d\u2019organismes et d\u2019initiatives dans le but d\u2019offrir de la consolation et de l\u2019inspiration \u00e0 d\u2019autres vivant une transition similaire (<a href=\"https:\/\/www.wind-down.org\/museum\/\">The Wind Down<\/a>, en anglais).<br>Cassie Robinson, cheffe principale du UK Portfolio au National Lottery Community Fund et fondatrice de Stewarding Loss \u00e9crit sur le sujet depuis plusieurs ann\u00e9es et offre des ressources et outils pr\u00e9cieux. Ceux-ci comprennent <a href=\"https:\/\/docs.google.com\/document\/d\/1XYzn4n9f1ZYkkwyZW7XxhW8WXUYO_PIEwow66BrGu-U\/edit\"><strong><em>Staying close to loss:<\/em><\/strong><em> A set of tools for tending to organisational cultures so loss is explored as part of life<\/em><\/a>, <a href=\"https:\/\/docs.google.com\/presentation\/d\/1sLxLgf_HBmHCH0TYX8Vwv7ey5mn9pSJF3mzba8u0K9Y\/edit?usp=sharing\"><strong><em>Stewarding Loss Canvasses<\/em><\/strong><\/a> et <a href=\"https:\/\/docs.google.com\/document\/d\/14hsQgSqdootJgpkzcQkDCvsHv9QJiIAlCD2vG7cvw58\/edit\"><strong><em>Sensing an ending:<\/em><\/strong><em> A toolkit for nonprofit leaders to help decide, design and deliver better organisational endings<\/em><\/a> (tous en anglais). L\u2019\u00e9quipe de Stewarding Loss s\u2019est demand\u00e9&nbsp;: quelles pratiques et quels \u00e9tats d\u2019esprit peuvent nous aider \u00e0 composer avec la perte, le deuil, le changement et les transitions? Puis&nbsp;: comment pouvons-nous produire du bon compost en mettant fin \u00e0 des id\u00e9es, \u00e0 une version ou \u00e0 des cr\u00e9ations collectives qui ne nous servent plus? Les ressources propos\u00e9es aident \u00e0 trouver des r\u00e9ponses \u00e0 ces questions complexes.&nbsp;<\/p>\n\n\n\n<h2 class=\"wp-block-heading\"><strong>Nous avons le pouvoir<\/strong><span id=\"docs-internal-guid-704b9035-7fff-9e58-21fb-80eed0655264\" style=\"font-weight:normal;\"><div><span style=\"font-size: 10pt; font-family: Arial, sans-serif; background-color: transparent; font-weight: 700; font-variant-numeric: normal; font-variant-east-asian: normal; font-variant-alternates: normal; font-variant-position: normal; vertical-align: baseline;\"><\/span><\/div><\/span><\/h2>\n\n\n\n<p>Comme leaders philanthropiques et conteurs d\u2019histoires, nous avons le pouvoir d\u2019\u00e9veiller l\u2019imagination, de d\u00e9ranger le statu quo et d\u2019imaginer de nouvelles avenues pour un futur r\u00e9silient. Devant la multitude d\u2019attentes de la soci\u00e9t\u00e9 et l\u2019incertitude li\u00e9e au financement, on ne s\u2019\u00e9tonne gu\u00e8re de la difficult\u00e9 qu\u2019ont plusieurs entre nous de saisir des occasions de r\u00e9fl\u00e9chir, de se renouveler et de se r\u00e9inventer. Je me demande ce qui a ass\u00e9ch\u00e9 notre imagination. Comment pouvons-nous trouver le temps pour cr\u00e9er des futurs diff\u00e9rents? Comment pouvons-nous respecter notre besoin et notre d\u00e9sir de r\u00eaver?<\/p>\n\n\n\n<p>En composant avec la transformation du milieu philanthropique, un processus complexe, nous devons reconna\u00eetre la valeur des fins comme possibilit\u00e9s de nouveaux commencements. D\u00e9cidons de fermer des programmes qui ne servent plus ad\u00e9quatement la communaut\u00e9. Prenons une pause de renouvellement sous forme de cong\u00e9 sabbatique. Ces fins permettent d\u2019ouvrir la porte \u00e0 des espaces pour r\u00e9inventer le leadership et de tracer la voie vers un secteur philanthropique encore plus dynamique et r\u00e9silient. Elles nous rappellent que rien n\u2019est aussi constant que le changement. En les acceptant avec ouverture, bienveillance et curiosit\u00e9, nous nous donnons la chance d\u2019emprunter des chemins encore plus signifiants et transformateurs pour l\u2019avenir de tous.<\/p>\n\n\n\n<figure class=\"wp-block-pullquote\"><blockquote><p><strong><em>Prenez le temps de r\u00e9fl\u00e9chir \u00e0 ce qui vous a amen\u00e9 ici aujourd\u2019hui et ce qui vous anime. En m\u00eame temps, r\u00e9fl\u00e9chissez \u00e0 ce que vous devez laisser aller.<\/em><\/strong><\/p><\/blockquote><\/figure>\n","protected":false},"excerpt":{"rendered":"<p>Par Emel Tabaku Les responsables dans les organismes \u00e0 but non lucratif&nbsp;(OBNL) vivent souvent des situations marqu\u00e9es par trop de travail et trop peu de ressources. Les cong\u00e9s sabbatiques, un concept bien connu depuis 20&nbsp;ans, sont devenus de plus en plus populaires depuis le d\u00e9but de la pand\u00e9mie. De quoi s\u2019agit-il exactement? Il s\u2019agit d\u2019un [&hellip;]<\/p>\n","protected":false},"author":9,"featured_media":41913,"comment_status":"closed","ping_status":"closed","sticky":false,"template":"","format":"standard","meta":{"footnotes":""},"class_list":["post-41922","post","type-post","status-publish","format-standard","has-post-thumbnail","hentry","journal_type-journal-fr-2","resource_initiative-bourse-en-narration-transformationnelle","topic-lavenir-de-la-philanthropie"],"acf":[],"_links":{"self":[{"href":"https:\/\/communityfoundations.ca\/fr\/wp-json\/wp\/v2\/posts\/41922","targetHints":{"allow":["GET"]}}],"collection":[{"href":"https:\/\/communityfoundations.ca\/fr\/wp-json\/wp\/v2\/posts"}],"about":[{"href":"https:\/\/communityfoundations.ca\/fr\/wp-json\/wp\/v2\/types\/post"}],"author":[{"embeddable":true,"href":"https:\/\/communityfoundations.ca\/fr\/wp-json\/wp\/v2\/users\/9"}],"replies":[{"embeddable":true,"href":"https:\/\/communityfoundations.ca\/fr\/wp-json\/wp\/v2\/comments?post=41922"}],"version-history":[{"count":9,"href":"https:\/\/communityfoundations.ca\/fr\/wp-json\/wp\/v2\/posts\/41922\/revisions"}],"predecessor-version":[{"id":42040,"href":"https:\/\/communityfoundations.ca\/fr\/wp-json\/wp\/v2\/posts\/41922\/revisions\/42040"}],"wp:featuredmedia":[{"embeddable":true,"href":"https:\/\/communityfoundations.ca\/fr\/wp-json\/wp\/v2\/media\/41913"}],"wp:attachment":[{"href":"https:\/\/communityfoundations.ca\/fr\/wp-json\/wp\/v2\/media?parent=41922"}],"curies":[{"name":"wp","href":"https:\/\/api.w.org\/{rel}","templated":true}]}}