{"id":43377,"date":"2025-01-13T10:24:34","date_gmt":"2025-01-13T15:24:34","guid":{"rendered":"https:\/\/communityfoundations.ca\/?p=43377"},"modified":"2025-01-13T13:52:15","modified_gmt":"2025-01-13T18:52:15","slug":"mettre-en-lumiere-le-programme-dhiver-2025-de-linstitut-de-formation","status":"publish","type":"post","link":"https:\/\/communityfoundations.ca\/fr\/mettre-en-lumiere-le-programme-dhiver-2025-de-linstitut-de-formation\/","title":{"rendered":"Coup de projecteur sur le curriculum d\u2019hiver\u00a02025 de l\u2019Institut de formation"},"content":{"rendered":"\n<p>Le d\u00e9compte jusqu\u2019\u00e0 la conf\u00e9rence <a href=\"https:\/\/fcc-illuminer.ca\">Illuminer\u00a02025<\/a> a commenc\u00e9; c\u2019est \u00e0 cette occasion que les id\u00e9es audacieuses se transforment en mesures concr\u00e8tes. Pour pr\u00e9parer le terrain et approfondir la conversation, nous avons le plaisir de d\u00e9voiler notre curriculum d\u2019hiver, compos\u00e9 d\u2019une s\u00e9lection dynamique de webinaires con\u00e7us pour aborder certains des th\u00e8mes cl\u00e9s de la conf\u00e9rence\u00a0: Communaut\u00e9 et appartenance, Persepectives d&rsquo;avenir et innovation, et \u00c9quit\u00e9 et r\u00e9conciliation. Il s\u2019agit d\u2019une introduction id\u00e9ale aux discussions stimulantes et aux id\u00e9es audacieuses de la conf\u00e9rence Illuminer\u00a02025.<\/p>\n\n\n\n<div style=\"height:42px\" aria-hidden=\"true\" class=\"wp-block-spacer\"><\/div>\n\n\n\n<div class=\"wp-block-media-text is-stacked-on-mobile is-vertically-aligned-top\" style=\"grid-template-columns:16% auto\"><figure class=\"wp-block-media-text__media\"><img loading=\"lazy\" decoding=\"async\" width=\"308\" height=\"308\" src=\"https:\/\/communityfoundations.ca\/wp-content\/uploads\/2025\/01\/Data-Hub-Design-first-draft-2.png\" alt=\"\" class=\"wp-image-43321 size-full\" srcset=\"https:\/\/communityfoundations.ca\/wp-content\/uploads\/2025\/01\/Data-Hub-Design-first-draft-2.png 308w, https:\/\/communityfoundations.ca\/wp-content\/uploads\/2025\/01\/Data-Hub-Design-first-draft-2-300x300.png 300w, https:\/\/communityfoundations.ca\/wp-content\/uploads\/2025\/01\/Data-Hub-Design-first-draft-2-150x150.png 150w\" sizes=\"auto, (max-width: 308px) 100vw, 308px\" \/><\/figure><div class=\"wp-block-media-text__content\">\n<h3 class=\"wp-block-heading has-text-color has-link-color wp-elements-1c482258ca87e12cc174f8395b6cccc3\" style=\"color:#e0457b\"><strong><strong>Communaut\u00e9 et appartenance<\/strong><\/strong><\/h3>\n\n\n\n<p><strong><strong>Favoriser le sentiment d\u2019appartenance et cr\u00e9er des communaut\u00e9s inclusives et r\u00e9silientes.<\/strong><\/strong><\/p>\n\n\n\n<p>Que faut-il pour favoriser un sentiment d\u2019appartenance et de convergence vers un objectif commun dans un monde en mutation rapide? Ces s\u00e9ances porteront sur le pouvoir de la communaut\u00e9. D\u00e9couvrez comment le plaidoyer, les investissements \u00e0 retomb\u00e9es sociales et les donn\u00e9es communautaires soutiennent la construction de communaut\u00e9s r\u00e9silientes et prosp\u00e8res. <\/p>\n<\/div><\/div>\n\n\n\n<div style=\"height:42px\" aria-hidden=\"true\" class=\"wp-block-spacer\"><\/div>\n\n\n\n<div class=\"wp-block-media-text is-stacked-on-mobile is-vertically-aligned-top\" style=\"grid-template-columns:16% auto\"><figure class=\"wp-block-media-text__media\"><img loading=\"lazy\" decoding=\"async\" width=\"308\" height=\"308\" src=\"https:\/\/communityfoundations.ca\/wp-content\/uploads\/2025\/01\/Data-Hub-Design-first-draft-1.png\" alt=\"\" class=\"wp-image-43319 size-full\" srcset=\"https:\/\/communityfoundations.ca\/wp-content\/uploads\/2025\/01\/Data-Hub-Design-first-draft-1.png 308w, https:\/\/communityfoundations.ca\/wp-content\/uploads\/2025\/01\/Data-Hub-Design-first-draft-1-300x300.png 300w, https:\/\/communityfoundations.ca\/wp-content\/uploads\/2025\/01\/Data-Hub-Design-first-draft-1-150x150.png 150w\" sizes=\"auto, (max-width: 308px) 100vw, 308px\" \/><\/figure><div class=\"wp-block-media-text__content\">\n<h3 class=\"wp-block-heading has-text-color has-link-color wp-elements-b48e2c68da3cf9d1544cfbdcce461432\" style=\"color:#e0457b\">Perspectives d&rsquo;avenir et innovation<\/h3>\n\n\n\n<p><strong><strong>Avoir des id\u00e9es audacieuses et \u00e9tudier des strat\u00e9gies innovantes pour provoquer le changement.<\/strong><\/strong><\/p>\n\n\n\n<p>Des technologies \u00e9mergentes \u00e0 l\u2019\u00e9volution du r\u00f4le de la philanthropie, l\u2019avenir se dessine rapidement. Ces s\u00e9ances porteront sur les tendances et les innovations qui redessinent le paysage du travail des fondations communautaires. <\/p>\n<\/div><\/div>\n\n\n\n<div style=\"height:42px\" aria-hidden=\"true\" class=\"wp-block-spacer\"><\/div>\n\n\n\n<div class=\"wp-block-media-text is-stacked-on-mobile is-vertically-aligned-top\" style=\"grid-template-columns:16% auto\"><figure class=\"wp-block-media-text__media\"><img loading=\"lazy\" decoding=\"async\" width=\"308\" height=\"308\" src=\"https:\/\/communityfoundations.ca\/wp-content\/uploads\/2025\/01\/Data-Hub-Design-first-draft.png\" alt=\"\" class=\"wp-image-43317 size-full\" srcset=\"https:\/\/communityfoundations.ca\/wp-content\/uploads\/2025\/01\/Data-Hub-Design-first-draft.png 308w, https:\/\/communityfoundations.ca\/wp-content\/uploads\/2025\/01\/Data-Hub-Design-first-draft-300x300.png 300w, https:\/\/communityfoundations.ca\/wp-content\/uploads\/2025\/01\/Data-Hub-Design-first-draft-150x150.png 150w\" sizes=\"auto, (max-width: 308px) 100vw, 308px\" \/><\/figure><div class=\"wp-block-media-text__content\">\n<h3 class=\"wp-block-heading has-text-color has-link-color wp-elements-7d41a97fa1939f1f2d3cd5410cae6fe2\" style=\"color:#e0457b\"><strong><strong>\u00c9quit\u00e9 et r\u00e9conciliation<\/strong><\/strong><\/h3>\n\n\n\n<p><strong><strong>Remettre en question les in\u00e9galit\u00e9s syst\u00e9miques et trouver des moyens pertinents d\u2019exercer une influence positive<\/strong>, etc.<\/strong><\/p>\n\n\n\n<p>L\u2019\u00e9quit\u00e9 et la r\u00e9conciliation ne sont pas de simples concepts, mais un appel \u00e0 l\u2019action permanent. Les fondations communautaires jouent un r\u00f4le essentiel dans la promotion de l\u2019\u00e9quit\u00e9 et de la r\u00e9conciliation au sein de leurs communaut\u00e9s en s\u2019attaquant aux in\u00e9galit\u00e9s syst\u00e9miques et en \u00e9tablissant des relations plus solides et plus inclusives avec la communaut\u00e9. <\/p>\n<\/div><\/div>\n\n\n\n<div style=\"height:35px\" aria-hidden=\"true\" class=\"wp-block-spacer\"><\/div>\n\n\n\n<div id=\"text-block-block_e692a14a02c764128366fc0cd876a4ae\" class=\"text-block background-enabled\">\n\t<h4 data-aos=\"fade-right\" data-aos-duration=\"600\" data-aos-delay=\"300\"><\/h4>\n    <p style=\"font-size: 30px;\"><strong>Accueil et int\u00e9gration des membres du conseil d\u2019administration<br \/>\n<\/strong><\/p>\n<p><b>En plus des th\u00e8mes principaux de la conf\u00e9rence, le curriculum d\u2019hiver introduit une nouvelle s\u00e9rie passionnante sp\u00e9cialement con\u00e7ue pour les nouveaux membres de conseils d\u2019administration.\u00a0<\/b><\/p>\n<p><span style=\"font-weight: 400;\">Quatre s\u00e9ances cibl\u00e9es pour acqu\u00e9rir les comp\u00e9tences et ma\u00eetriser les outils essentiels n\u00e9cessaires pour exceller dans ses fonctions. Au terme de la cohorte, les membres du conseil d\u2019administration auront\u00a0:<\/span><\/p>\n<ul>\n<li style=\"font-weight: 400;\" aria-level=\"1\"><span style=\"font-weight: 400;\">gagn\u00e9 en confiance dans leur r\u00f4le de gouvernance;\u00a0<\/span><\/li>\n<li style=\"font-weight: 400;\" aria-level=\"1\"><span style=\"font-weight: 400;\">acquis les comp\u00e9tences n\u00e9cessaires pour promouvoir la mission de la fondation communautaire au sein de la communaut\u00e9 et optimiser ses retomb\u00e9es sociales;\u00a0<\/span><\/li>\n<li style=\"font-weight: 400;\" aria-level=\"1\"><span style=\"font-weight: 400;\">nou\u00e9 des liens avec leurs coll\u00e8gues et leurs pairs.<\/span><\/li>\n<\/ul>\n<p><span style=\"font-weight: 400;\"><a href=\"https:\/\/communityfoundations.ca\/fr\/events\/accueil-et-integration-des-membres-du-conseil-dadministration\/\">En savoir plus.<\/a><\/span><\/p>\n<\/div>\n<style type=\"text\/css\">\n\t#text-block-block_e692a14a02c764128366fc0cd876a4ae {\n\t\tmargin: 45px 0;\n\t}\n\t#text-block-block_e692a14a02c764128366fc0cd876a4ae.background-enabled {\n\t\tbackground-color: #e7407a;\n\t\tpadding: 30px;\n\t}\n\t#text-block-block_e692a14a02c764128366fc0cd876a4ae,\n\t#text-block-block_e692a14a02c764128366fc0cd876a4ae a,\n\t#text-block-block_e692a14a02c764128366fc0cd876a4ae p,\n\t#text-block-block_e692a14a02c764128366fc0cd876a4ae h4 {\n\t\tcolor: #fff;\n\t}\n\t#text-block-block_e692a14a02c764128366fc0cd876a4ae li {\n\t\tmargin-bottom: 0;\n\t}\n\t@media (min-width: 768px) {\n\t\t#text-block-block_e692a14a02c764128366fc0cd876a4ae.background-enabled {\n\t\t\tpadding: 60px;\n\t\t}\n\t}\n<\/style>\n<script>\n\tjQuery('#text-block-block_e692a14a02c764128366fc0cd876a4ae p, #text-block-block_e692a14a02c764128366fc0cd876a4ae li').attr(\"data-aos\", \"fade-up\");\n<\/script>\n\n\n\n<p>Ces s\u00e9ances sont con\u00e7ues pour susciter des id\u00e9es, cr\u00e9er des liens et fournir les connaissances de base qui rendront votre exp\u00e9rience de la conf\u00e9rence encore plus int\u00e9ressante. Que vous ayez d\u00e9j\u00e0 pr\u00e9vu de participer \u00e0 la conf\u00e9rence ou que vous souhaitiez simplement approfondir votre compr\u00e9hension de ces th\u00e8mes, le curriculum d\u2019hiver vous invite \u00e0 vous impliquer d\u00e8s maintenant.<\/p>\n\n\n\n<p>Inscrivez la date dans vos calendriers et pr\u00e9parez-vous \u00e0 illuminer l\u2019horizon avec nous.&nbsp;<\/p>\n\n\n\n<div class=\"wp-block-buttons is-content-justification-center is-layout-flex wp-container-core-buttons-is-layout-16018d1d wp-block-buttons-is-layout-flex\">\n<div class=\"wp-block-button\"><a class=\"wp-block-button__link has-background wp-element-button\" href=\"https:\/\/communityfoundations.ca\/fr\/evenements-courants\/\" style=\"background-color:#e0457b\">VOIR TOUS LES \u00c9V\u00c9NEMENTS<\/a><\/div>\n<\/div>\n\n\n\n<div style=\"height:100px\" aria-hidden=\"true\" class=\"wp-block-spacer\"><\/div>\n\n\n<div class='white' style='background:rgba(0,0,0,0); border:solid 0px rgba(0,0,0,0); border-radius:0px; padding:0px 0px 0px 0px;'>\n<div id='slider_43376' class='owl-carousel sa_owl_theme owl-pagination-true autohide-arrows' data-slider-id='slider_43376' style='visibility:hidden;'>\n<div id='slider_43376_slide01' class='sa_hover_container' style='padding:5% 5%; margin:0px 0%; background-image:url(&quot;https:\/\/communityfoundations.ca\/wp-content\/uploads\/2025\/01\/Jan-29-FR-1.png&quot;); background-position:center center; background-size:contain; background-repeat:no-repeat; '><div class='sa_hover_buttons' style='top:50%; left:50%; margin-top:-20px; margin-left:-20px;'><a class='sa_slide_link_icon' href='https:\/\/communityfoundations.ca\/fr\/events\/practical-digital-tips-for-community-foundations\/' target='_blank' title='' aria-label=''><\/a><\/div>\n<\/div>\n<div id='slider_43376_slide02' class='sa_hover_container' style='padding:5% 5%; margin:0px 0%; background-image:url(&quot;https:\/\/communityfoundations.ca\/wp-content\/uploads\/2025\/01\/Feb-13-FR-1.png&quot;); background-position:center center; background-size:contain; background-repeat:no-repeat; '><div class='sa_hover_buttons' style='top:50%; left:50%; margin-top:-20px; margin-left:-20px;'><a class='sa_slide_link_icon' href='https:\/\/communityfoundations.ca\/fr\/events\/leveraging-technology-to-stay-organized-and-thrive\/' target='_blank' title='' aria-label=''><\/a><\/div>\n<\/div>\n<div id='slider_43376_slide03' class='sa_hover_container' style='padding:5% 5%; margin:0px 0%; background-image:url(&quot;https:\/\/communityfoundations.ca\/wp-content\/uploads\/2025\/01\/Feb-19-FR-1.png&quot;); background-position:center center; background-size:contain; background-repeat:no-repeat; '><div class='sa_hover_buttons' style='top:50%; left:50%; margin-top:-20px; margin-left:-20px;'><a class='sa_slide_link_icon' href='https:\/\/communityfoundations.ca\/fr\/events\/modifier-la-narration-pour-favoriser-le-changement\/' target='_blank' title='' aria-label=''><\/a><\/div>\n<\/div>\n<div id='slider_43376_slide04' class='sa_hover_container' style='padding:5% 5%; margin:0px 0%; background-image:url(&quot;https:\/\/communityfoundations.ca\/wp-content\/uploads\/2025\/01\/Mar-5-FR-1.png&quot;); background-position:center center; background-size:contain; background-repeat:no-repeat; '><div class='sa_hover_buttons' style='top:50%; left:50%; margin-top:-20px; margin-left:-20px;'><a class='sa_slide_link_icon' href='https:\/\/communityfoundations.ca\/fr\/events\/soutenir-les-communautes-en-situation-ditinerance\/' target='_blank' title='' aria-label=''><\/a><\/div>\n<\/div>\n<div id='slider_43376_slide05' class='sa_hover_container' style='padding:5% 5%; margin:0px 0%; background-image:url(&quot;https:\/\/communityfoundations.ca\/wp-content\/uploads\/2025\/01\/Mar-20-FR-1.png&quot;); background-position:center center; background-size:contain; background-repeat:no-repeat; '><div class='sa_hover_buttons' style='top:50%; left:50%; margin-top:-20px; margin-left:-20px;'><a class='sa_slide_link_icon' href='https:\/\/communityfoundations.ca\/fr\/events\/defense-des-interets-des-fondations-communautaires\/' target='_blank' title='' aria-label=''><\/a><\/div>\n<\/div>\n<div id='slider_43376_slide06' class='sa_hover_container' style='padding:5% 5%; margin:0px 0%; background-image:url(&quot;https:\/\/communityfoundations.ca\/wp-content\/uploads\/2025\/01\/Mar-26-FR.png&quot;); background-position:center center; background-size:contain; background-repeat:no-repeat; '><div class='sa_hover_buttons' style='top:50%; left:50%; margin-top:-20px; margin-left:-20px;'><a class='sa_slide_link_icon' href='https:\/\/communityfoundations.ca\/fr\/events\/promouvoir-les-appels-a-laction-de-la-commission-de-verite-et-reconciliation\/' target='_blank' title='' aria-label=''><\/a><\/div>\n<\/div>\n<div id='slider_43376_slide07' class='sa_hover_container' style='padding:5% 5%; margin:0px 0%; background-image:url(&quot;https:\/\/communityfoundations.ca\/wp-content\/uploads\/2025\/01\/Apr-3-EN-2.png&quot;); background-position:center center; background-size:contain; background-repeat:no-repeat; '><div class='sa_hover_buttons' style='top:50%; left:50%; margin-top:-20px; margin-left:-20px;'><a class='sa_slide_link_icon' href='https:\/\/communityfoundations.ca\/fr\/events\/donnees-communautaires-au-service-du-developpement-strategique\/' target='_blank' title='' aria-label=''><\/a><\/div>\n<\/div>\n<div id='slider_43376_slide08' class='sa_hover_container' style='padding:5% 5%; margin:0px 0%; background-image:url(&quot;https:\/\/communityfoundations.ca\/wp-content\/uploads\/2025\/01\/Apr-9-EN-2.png&quot;); background-position:center center; background-size:contain; background-repeat:no-repeat; '><div class='sa_hover_buttons' style='top:50%; left:50%; margin-top:-20px; margin-left:-20px;'><a class='sa_slide_link_icon' href='https:\/\/communityfoundations.ca\/fr\/events\/investissement-a-retombees-sociales-defis-et-occasions\/' target='_blank' title='' aria-label=''><\/a><\/div>\n<\/div>\n<\/div>\n<\/div>\n<script type='text\/javascript'>\n\tjQuery(document).ready(function() {\n\t\tjQuery('#slider_43376').owlCarousel({\n\t\t\titems : 1,\n\t\t\tsmartSpeed : 200,\n\t\t\tautoplay : true,\n\t\t\tautoplayTimeout : 5000,\n\t\t\tautoplayHoverPause : true,\n\t\t\tsmartSpeed : 200,\n\t\t\tfluidSpeed : 200,\n\t\t\tautoplaySpeed : 200,\n\t\t\tnavSpeed : 200,\n\t\t\tdotsSpeed : 200,\n\t\t\tloop : true,\n\t\t\tnav : true,\n\t\t\tnavText : ['Previous','Next'],\n\t\t\tdots : true,\n\t\t\tresponsiveRefreshRate : 200,\n\t\t\tslideBy : 1,\n\t\t\tmergeFit : true,\n\t\t\tautoHeight : false,\n\t\t\tmouseDrag : false,\n\t\t\ttouchDrag : true\n\t\t});\n\t\tjQuery('#slider_43376').css('visibility', 'visible');\n\t\tsa_resize_slider_43376();\n\t\twindow.addEventListener('resize', sa_resize_slider_43376);\n\t\tfunction sa_resize_slider_43376() {\n\t\t\tvar min_height = '50';\n\t\t\tvar win_width = jQuery(window).width();\n\t\t\tvar slider_width = jQuery('#slider_43376').width();\n\t\t\tif (win_width < 480) {\n\t\t\t\tvar slide_width = slider_width \/ 1;\n\t\t\t} else if (win_width < 768) {\n\t\t\t\tvar slide_width = slider_width \/ 1;\n\t\t\t} else if (win_width < 980) {\n\t\t\t\tvar slide_width = slider_width \/ 1;\n\t\t\t} else if (win_width < 1200) {\n\t\t\t\tvar slide_width = slider_width \/ 1;\n\t\t\t} else if (win_width < 1500) {\n\t\t\t\tvar slide_width = slider_width \/ 1;\n\t\t\t} else {\n\t\t\t\tvar slide_width = slider_width \/ 1;\n\t\t\t}\n\t\t\tslide_width = Math.round(slide_width);\n\t\t\tvar slide_height = '0';\n\t\t\tif (min_height == 'aspect43') {\n\t\t\t\tslide_height = (slide_width \/ 4) * 3;\t\t\t\tslide_height = Math.round(slide_height);\n\t\t\t} else if (min_height == 'aspect169') {\n\t\t\t\tslide_height = (slide_width \/ 16) * 9;\t\t\t\tslide_height = Math.round(slide_height);\n\t\t\t} else {\n\t\t\t\tslide_height = (slide_width \/ 100) * min_height;\t\t\t\tslide_height = Math.round(slide_height);\n\t\t\t}\n\t\t\tjQuery('#slider_43376 .owl-item .sa_hover_container').css('min-height', slide_height+'px');\n\t\t}\n\t\tvar owl_goto = jQuery('#slider_43376');\n\t\tjQuery('.slider_43376_goto1').click(function(event){\n\t\t\towl_goto.trigger('to.owl.carousel', 0);\n\t\t});\n\t\tjQuery('.slider_43376_goto2').click(function(event){\n\t\t\towl_goto.trigger('to.owl.carousel', 1);\n\t\t});\n\t\tjQuery('.slider_43376_goto3').click(function(event){\n\t\t\towl_goto.trigger('to.owl.carousel', 2);\n\t\t});\n\t\tjQuery('.slider_43376_goto4').click(function(event){\n\t\t\towl_goto.trigger('to.owl.carousel', 3);\n\t\t});\n\t\tjQuery('.slider_43376_goto5').click(function(event){\n\t\t\towl_goto.trigger('to.owl.carousel', 4);\n\t\t});\n\t\tjQuery('.slider_43376_goto6').click(function(event){\n\t\t\towl_goto.trigger('to.owl.carousel', 5);\n\t\t});\n\t\tjQuery('.slider_43376_goto7').click(function(event){\n\t\t\towl_goto.trigger('to.owl.carousel', 6);\n\t\t});\n\t\tjQuery('.slider_43376_goto8').click(function(event){\n\t\t\towl_goto.trigger('to.owl.carousel', 7);\n\t\t});\n\t\tvar resize_43376 = jQuery('.owl-carousel');\n\t\tresize_43376.on('initialized.owl.carousel', function(e) {\n\t\t\tif (typeof(Event) === 'function') {\n\t\t\t\twindow.dispatchEvent(new Event('resize'));\n\t\t\t} else {\n\t\t\t\tvar evt = window.document.createEvent('UIEvents');\n\t\t\t\tevt.initUIEvent('resize', true, false, window, 0);\n\t\t\t\twindow.dispatchEvent(evt);\n\t\t\t}\n\t\t});\n\t});\n<\/script>\n\n","protected":false},"excerpt":{"rendered":"<p>Le d\u00e9compte jusqu\u2019\u00e0 la conf\u00e9rence Illuminer\u00a02025 a commenc\u00e9; c\u2019est \u00e0 cette occasion que les id\u00e9es audacieuses se transforment en mesures concr\u00e8tes. Pour pr\u00e9parer le terrain et approfondir la conversation, nous avons le plaisir de d\u00e9voiler notre curriculum d\u2019hiver, compos\u00e9 d\u2019une s\u00e9lection dynamique de webinaires con\u00e7us pour aborder certains des th\u00e8mes cl\u00e9s de la conf\u00e9rence\u00a0: Communaut\u00e9 [&hellip;]<\/p>\n","protected":false},"author":14,"featured_media":43422,"comment_status":"closed","ping_status":"closed","sticky":false,"template":"","format":"standard","meta":{"footnotes":""},"class_list":["post-43377","post","type-post","status-publish","format-standard","has-post-thumbnail","hentry","journal_type-nouvelles","resource_initiative-institut-de-formation","topic-lavenir-de-la-philanthropie"],"acf":[],"_links":{"self":[{"href":"https:\/\/communityfoundations.ca\/fr\/wp-json\/wp\/v2\/posts\/43377","targetHints":{"allow":["GET"]}}],"collection":[{"href":"https:\/\/communityfoundations.ca\/fr\/wp-json\/wp\/v2\/posts"}],"about":[{"href":"https:\/\/communityfoundations.ca\/fr\/wp-json\/wp\/v2\/types\/post"}],"author":[{"embeddable":true,"href":"https:\/\/communityfoundations.ca\/fr\/wp-json\/wp\/v2\/users\/14"}],"replies":[{"embeddable":true,"href":"https:\/\/communityfoundations.ca\/fr\/wp-json\/wp\/v2\/comments?post=43377"}],"version-history":[{"count":13,"href":"https:\/\/communityfoundations.ca\/fr\/wp-json\/wp\/v2\/posts\/43377\/revisions"}],"predecessor-version":[{"id":43419,"href":"https:\/\/communityfoundations.ca\/fr\/wp-json\/wp\/v2\/posts\/43377\/revisions\/43419"}],"wp:featuredmedia":[{"embeddable":true,"href":"https:\/\/communityfoundations.ca\/fr\/wp-json\/wp\/v2\/media\/43422"}],"wp:attachment":[{"href":"https:\/\/communityfoundations.ca\/fr\/wp-json\/wp\/v2\/media?parent=43377"}],"curies":[{"name":"wp","href":"https:\/\/api.w.org\/{rel}","templated":true}]}}