{"id":44771,"date":"2025-06-16T14:35:50","date_gmt":"2025-06-16T18:35:50","guid":{"rendered":"https:\/\/communityfoundations.ca\/?p=44771"},"modified":"2025-06-16T16:29:09","modified_gmt":"2025-06-16T20:29:09","slug":"lettre-conseil-dadministration-2024","status":"publish","type":"post","link":"https:\/\/communityfoundations.ca\/fr\/lettre-conseil-dadministration-2024\/","title":{"rendered":"Lettre co-r\u00e9dig\u00e9e par le pr\u00e9sident et l&#8217;ex-pr\u00e9sidente du conseil d\u2019administration de FCC"},"content":{"rendered":"\n<figure class=\"wp-block-pullquote\"><blockquote><p><strong><strong><strong>L\u2019ann\u00e9e 2024 \u00e9voque pour nous le mot <em>appartenance<\/em>.<\/strong><\/strong><\/strong><\/p><\/blockquote><\/figure>\n\n\n\n<p>Alors que le monde semble de plus en plus divis\u00e9, les fondations communautaires nous montrent par leur travail que la communaut\u00e9 est bien plus qu\u2019un lieu. Elle repr\u00e9sente une promesse de pr\u00e9sence, d\u2019\u00e9coute et de leadership honorant la voix et l\u2019exp\u00e9rience des gens qui nous entourent.<\/p>\n\n\n\n<p>Cette ann\u00e9e, nous avons vu cette promesse se concr\u00e9tiser de mille et une fa\u00e7ons. Les fondations communautaires ont uni leurs efforts aux n\u00f4tres pour r\u00e9aliser divers projets nationaux et provinciaux : rapports Signes vitaux, <em>Community Prosperity Fund<\/em>, Communaut\u00e9s pour l\u2019\u00e9galit\u00e9 des genres et bien plus encore.<\/p>\n\n\n\n<p>Bien plus que de simples programmes, ces projets d\u00e9montrent ce qui est possible lorsque les gens se rassemblent et que les fondations communautaires cr\u00e9ent des conditions propices au leadership local.<\/p>\n\n\n\n<p>Nous avons \u00e9galement eu la chance de nous voir en personne lors de r\u00e9unions r\u00e9gionales et entre pairs \u00e0 Winnipeg, \u00e0 Burnaby, \u00e0 Moncton et \u00e0 Magog. Ces rassemblements nous permettent de reprendre contact et de r\u00e9fl\u00e9chir ensemble aux fa\u00e7ons de donner l\u2019exemple en mati\u00e8re d\u2019appartenance. Chaque fois que nous nous r\u00e9unissons, l\u2019\u00e9nergie est palpable. Nous reprenons conscience du pouvoir et de la responsabilit\u00e9 de notre r\u00e9seau pour affronter les enjeux actuels et fa\u00e7onner l\u2019avenir. En tant que pr\u00e9sident actuel et ex-pr\u00e9sidente du conseil d\u2019administration, nous sommes toujours aussi inspir\u00e9s par le leadership, la g\u00e9n\u00e9rosit\u00e9 et l\u2019imagination de notre r\u00e9seau. Le mouvement des fondations communautaires est plus essentiel et visionnaire que jamais. Lorsque la division r\u00e8gne, nous cherchons \u00e0 \u00e9tablir des liens. Et lorsque les gens se sentent marginalis\u00e9s, nous leur affirmons : <strong>Votre place est ici.<\/strong><\/p>\n\n\n\n<p>Au nom du conseil d\u2019administration, nous tenons \u00e0 remercier les membres du personnel, les partenaires et les communaut\u00e9s qui donnent vie \u00e0 notre travail. Nous avan\u00e7ons gr\u00e2ce \u00e0 votre d\u00e9vouement, et votre leadership nous permet d\u2019imaginer l\u2019avenir.<\/p>\n\n\n\n<p>Un grand merci \u00e0 toutes les fondations communautaires au Canada. Vous \u00eates au c\u0153ur m\u00eame de ce mouvement.<\/p>\n\n\n\n<p>Merci beaucoup!<\/p>\n\n\n\n<div class=\"wp-block-columns is-layout-flex wp-container-core-columns-is-layout-9d6595d7 wp-block-columns-is-layout-flex\">\n<div class=\"wp-block-column is-layout-flow wp-block-column-is-layout-flow\">\n<figure class=\"wp-block-image size-full is-resized\"><img loading=\"lazy\" decoding=\"async\" width=\"1080\" height=\"1080\" src=\"https:\/\/communityfoundations.ca\/wp-content\/uploads\/2025\/06\/3.png\" alt=\"\" class=\"wp-image-45051\" style=\"width:196px;height:auto\" srcset=\"https:\/\/communityfoundations.ca\/wp-content\/uploads\/2025\/06\/3.png 1080w, https:\/\/communityfoundations.ca\/wp-content\/uploads\/2025\/06\/3-300x300.png 300w, https:\/\/communityfoundations.ca\/wp-content\/uploads\/2025\/06\/3-1024x1024.png 1024w, https:\/\/communityfoundations.ca\/wp-content\/uploads\/2025\/06\/3-150x150.png 150w, https:\/\/communityfoundations.ca\/wp-content\/uploads\/2025\/06\/3-768x768.png 768w\" sizes=\"auto, (max-width: 1080px) 100vw, 1080px\" \/><\/figure>\n\n\n\n<p><strong>Gordon Holley, pr\u00e9sident<\/strong> <strong>du conseil d&rsquo;administration<\/strong><\/p>\n<\/div>\n\n\n\n<div class=\"wp-block-column is-layout-flow wp-block-column-is-layout-flow\">\n<figure class=\"wp-block-image size-full is-resized\"><img loading=\"lazy\" decoding=\"async\" width=\"1080\" height=\"1080\" src=\"https:\/\/communityfoundations.ca\/wp-content\/uploads\/2025\/06\/4.png\" alt=\"\" class=\"wp-image-45054\" style=\"width:194px;height:auto\" srcset=\"https:\/\/communityfoundations.ca\/wp-content\/uploads\/2025\/06\/4.png 1080w, https:\/\/communityfoundations.ca\/wp-content\/uploads\/2025\/06\/4-300x300.png 300w, https:\/\/communityfoundations.ca\/wp-content\/uploads\/2025\/06\/4-1024x1024.png 1024w, https:\/\/communityfoundations.ca\/wp-content\/uploads\/2025\/06\/4-150x150.png 150w, https:\/\/communityfoundations.ca\/wp-content\/uploads\/2025\/06\/4-768x768.png 768w\" sizes=\"auto, (max-width: 1080px) 100vw, 1080px\" \/><\/figure>\n\n\n\n<p><strong>Lisa Kolody, ex-pr\u00e9sidente du conseil d&rsquo;administration <\/strong><\/p>\n<\/div>\n<\/div>\n\n\n\n<p><\/p>\n","protected":false},"excerpt":{"rendered":"<p>L\u2019ann\u00e9e 2024 \u00e9voque pour nous le mot appartenance. Alors que le monde semble de plus en plus divis\u00e9, les fondations communautaires nous montrent par leur travail que la communaut\u00e9 est bien plus qu\u2019un lieu. Elle repr\u00e9sente une promesse de pr\u00e9sence, d\u2019\u00e9coute et de leadership honorant la voix et l\u2019exp\u00e9rience des gens qui nous entourent. Cette [&hellip;]<\/p>\n","protected":false},"author":14,"featured_media":44753,"comment_status":"closed","ping_status":"closed","sticky":false,"template":"","format":"standard","meta":{"footnotes":""},"class_list":["post-44771","post","type-post","status-publish","format-standard","has-post-thumbnail","hentry","journal_type-journal-fr-2","topic-appartenance"],"acf":[],"_links":{"self":[{"href":"https:\/\/communityfoundations.ca\/fr\/wp-json\/wp\/v2\/posts\/44771","targetHints":{"allow":["GET"]}}],"collection":[{"href":"https:\/\/communityfoundations.ca\/fr\/wp-json\/wp\/v2\/posts"}],"about":[{"href":"https:\/\/communityfoundations.ca\/fr\/wp-json\/wp\/v2\/types\/post"}],"author":[{"embeddable":true,"href":"https:\/\/communityfoundations.ca\/fr\/wp-json\/wp\/v2\/users\/14"}],"replies":[{"embeddable":true,"href":"https:\/\/communityfoundations.ca\/fr\/wp-json\/wp\/v2\/comments?post=44771"}],"version-history":[{"count":3,"href":"https:\/\/communityfoundations.ca\/fr\/wp-json\/wp\/v2\/posts\/44771\/revisions"}],"predecessor-version":[{"id":45187,"href":"https:\/\/communityfoundations.ca\/fr\/wp-json\/wp\/v2\/posts\/44771\/revisions\/45187"}],"wp:featuredmedia":[{"embeddable":true,"href":"https:\/\/communityfoundations.ca\/fr\/wp-json\/wp\/v2\/media\/44753"}],"wp:attachment":[{"href":"https:\/\/communityfoundations.ca\/fr\/wp-json\/wp\/v2\/media?parent=44771"}],"curies":[{"name":"wp","href":"https:\/\/api.w.org\/{rel}","templated":true}]}}