{"id":45331,"date":"2025-07-10T16:39:29","date_gmt":"2025-07-10T20:39:29","guid":{"rendered":"https:\/\/communityfoundations.ca\/?p=45331"},"modified":"2025-07-17T12:16:50","modified_gmt":"2025-07-17T16:16:50","slug":"ancree-dans-linstabilite","status":"publish","type":"post","link":"https:\/\/communityfoundations.ca\/fr\/ancree-dans-linstabilite\/","title":{"rendered":"Ancr\u00e9e dans l\u2019instabilit\u00e9"},"content":{"rendered":"\n<p><strong><em>S\u00e9rie \u00ab Qu\u2019est-ce que le Canada? \u00bb<\/em><\/strong><\/p>\n\n\n\n<p><strong>Autrice : <a href=\"https:\/\/communityfoundations.ca\/fr\/person\/kat-cadungog\/\" target=\"_blank\" rel=\"noreferrer noopener\">Kat Cadungog<\/a><\/strong><\/p>\n\n\n\n<p><strong><em><strong><em>Le\u00a0<\/em><\/strong><a href=\"https:\/\/communityfoundations.ca\/fr\/initiatives\/transformation-storytelling-fellowship\/\" target=\"_blank\" rel=\"noreferrer noopener\"><strong><em>programme de bourses en narration transformationnelle<\/em><\/strong><\/a><strong><em>\u00a0est soutenu par Canada Life.<\/em><\/strong><\/em><\/strong><\/p>\n\n\n\n<p class=\"has-text-color has-link-color wp-elements-492ae8fc407d6d9b2ebfcc8dfbab84a3\" style=\"color:#05c3dd\"><strong>Introduction<\/strong><\/p>\n\n\n\n<p>Au cours des six derni\u00e8res ann\u00e9es, j\u2019ai eu le privil\u00e8ge de parcourir le pays d\u2019un oc\u00e9an \u00e0 l\u2019autre, d\u2019une cha\u00eene de montagnes \u00e0 l\u2019autre. J\u2019ai visit\u00e9 des ranchs, particip\u00e9 \u00e0 des c\u00e9r\u00e9monies dans des huttes de sudation, s\u00e9journ\u00e9 dans des g\u00eetes touristiques en r\u00e9gion rurale et pris la parole \u00e0 maintes reprises lors de conf\u00e9rences dans des centres urbains. \u00c0 chaque rencontre, ma compr\u00e9hension du Canada (et de l\u2019<em>identit\u00e9 canadienne<\/em>) s\u2019est approfondie tout autant qu\u2019elle a \u00e9t\u00e9 \u00e9branl\u00e9e.&nbsp;<\/p>\n\n\n\n<p>Je suis reconnaissante de vivre au sein de cette riche mosa\u00efque culturelle que l\u2019on appelle le Canada. L\u2019identit\u00e9 des personnes que nous sommes est fa\u00e7onn\u00e9e par les vastes paysages, par la diversit\u00e9 des gens qui nous entourent, par nos histoires multiples. Mais la reconnaissance invite aussi \u00e0 la r\u00e9flexion. \u00c0 qui revient le privil\u00e8ge de d\u00e9finir une identit\u00e9 nationale? En avons-nous besoin d\u2019une? \u00c0 quel moment l\u2019unit\u00e9 estompe-t-elle l\u2019exclusion? Et \u00e0 quel moment l\u2019identit\u00e9 collective se transforme-t-elle en nationalisme aveugle?&nbsp;<\/p>\n\n\n\n<p>Cette s\u00e9rie de vid\u00e9os po\u00e9tiques laisse entrevoir des parcelles d\u2019instants qui ont \u00e0 la fois r\u00e9affirm\u00e9 et compliqu\u00e9 ma perception de ce que vivre ici signifie, et l\u2019ont parfois m\u00eame <em>ancr\u00e9e dans l\u2019instabilit\u00e9<\/em>. <strong>Qu\u2019est-ce que le Canada? Comment pouvons-nous trouver notre identit\u00e9 dans sa communaut\u00e9, dans son histoire, dans le chemin que nous tra\u00e7ons pour nous-m\u00eames? \u00c0 qui appartiennent les histoires qui fa\u00e7onnent cette identit\u00e9 que nous revendiquons?<\/strong><\/p>\n\n\n\n<h2 class=\"wp-block-heading has-text-color has-link-color wp-elements-41bc73a33c720b6ec65ceab6921c6e81\" style=\"color:#05c3dd\"><strong>En route vers chez moi<\/strong><\/h2>\n\n\n\n<figure class=\"wp-block-embed is-type-video is-provider-youtube wp-block-embed-youtube wp-embed-aspect-16-9 wp-has-aspect-ratio\"><div class=\"wp-block-embed__wrapper\">\n<iframe loading=\"lazy\" title=\"1. What is Canada - Directions Home\" width=\"500\" height=\"281\" src=\"https:\/\/www.youtube.com\/embed\/H5hNrGJvDeQ?feature=oembed\" frameborder=\"0\" allow=\"accelerometer; autoplay; clipboard-write; encrypted-media; gyroscope; picture-in-picture; web-share\" referrerpolicy=\"strict-origin-when-cross-origin\" allowfullscreen><\/iframe>\n<\/div><\/figure>\n\n\n\n<div style=\"height:50px\" aria-hidden=\"true\" class=\"wp-block-spacer\"><\/div>\n\n\n\n<h2 class=\"wp-block-heading has-text-color has-link-color wp-elements-20a546b63ecf13d91526f191e9467cb8\" style=\"color:#05c3dd\"><strong>L\u2019espace que l\u2019on d\u00e9sire<\/strong><\/h2>\n\n\n\n<figure class=\"wp-block-embed is-type-video is-provider-youtube wp-block-embed-youtube wp-embed-aspect-16-9 wp-has-aspect-ratio\"><div class=\"wp-block-embed__wrapper\">\n<iframe loading=\"lazy\" title=\"2. What is Canada - Space We Yearn\" width=\"500\" height=\"281\" src=\"https:\/\/www.youtube.com\/embed\/S9yXwVCPK4E?feature=oembed\" frameborder=\"0\" allow=\"accelerometer; autoplay; clipboard-write; encrypted-media; gyroscope; picture-in-picture; web-share\" referrerpolicy=\"strict-origin-when-cross-origin\" allowfullscreen><\/iframe>\n<\/div><\/figure>\n\n\n\n<div style=\"height:50px\" aria-hidden=\"true\" class=\"wp-block-spacer\"><\/div>\n\n\n\n<h2 class=\"wp-block-heading has-text-color has-link-color wp-elements-fa5fbd8b5192fa3da0f3c73fe5e9c35f\" style=\"color:#05c3dd\"><strong>Ancr\u00e9e dans l\u2019instabilit\u00e9<\/strong><\/h2>\n\n\n\n<figure class=\"wp-block-embed is-type-video is-provider-youtube wp-block-embed-youtube wp-embed-aspect-16-9 wp-has-aspect-ratio\"><div class=\"wp-block-embed__wrapper\">\n<iframe loading=\"lazy\" title=\"3. What is Canada - Unsettled\" width=\"500\" height=\"281\" src=\"https:\/\/www.youtube.com\/embed\/-o1jCVaJHIQ?feature=oembed\" frameborder=\"0\" allow=\"accelerometer; autoplay; clipboard-write; encrypted-media; gyroscope; picture-in-picture; web-share\" referrerpolicy=\"strict-origin-when-cross-origin\" allowfullscreen><\/iframe>\n<\/div><\/figure>\n","protected":false},"excerpt":{"rendered":"<p>S\u00e9rie \u00ab Qu\u2019est-ce que le Canada? \u00bb Autrice : Kat Cadungog Le\u00a0programme de bourses en narration transformationnelle\u00a0est soutenu par Canada Life. Introduction Au cours des six derni\u00e8res ann\u00e9es, j\u2019ai eu le privil\u00e8ge de parcourir le pays d\u2019un oc\u00e9an \u00e0 l\u2019autre, d\u2019une cha\u00eene de montagnes \u00e0 l\u2019autre. J\u2019ai visit\u00e9 des ranchs, particip\u00e9 \u00e0 des c\u00e9r\u00e9monies dans [&hellip;]<\/p>\n","protected":false},"author":18,"featured_media":45330,"comment_status":"closed","ping_status":"closed","sticky":false,"template":"","format":"standard","meta":{"footnotes":""},"class_list":["post-45331","post","type-post","status-publish","format-standard","has-post-thumbnail","hentry","journal_type-journal-fr-2","resource_initiative-bourse-en-narration-transformationnelle","topic-appartenance"],"acf":[],"_links":{"self":[{"href":"https:\/\/communityfoundations.ca\/fr\/wp-json\/wp\/v2\/posts\/45331","targetHints":{"allow":["GET"]}}],"collection":[{"href":"https:\/\/communityfoundations.ca\/fr\/wp-json\/wp\/v2\/posts"}],"about":[{"href":"https:\/\/communityfoundations.ca\/fr\/wp-json\/wp\/v2\/types\/post"}],"author":[{"embeddable":true,"href":"https:\/\/communityfoundations.ca\/fr\/wp-json\/wp\/v2\/users\/18"}],"replies":[{"embeddable":true,"href":"https:\/\/communityfoundations.ca\/fr\/wp-json\/wp\/v2\/comments?post=45331"}],"version-history":[{"count":3,"href":"https:\/\/communityfoundations.ca\/fr\/wp-json\/wp\/v2\/posts\/45331\/revisions"}],"predecessor-version":[{"id":45355,"href":"https:\/\/communityfoundations.ca\/fr\/wp-json\/wp\/v2\/posts\/45331\/revisions\/45355"}],"wp:featuredmedia":[{"embeddable":true,"href":"https:\/\/communityfoundations.ca\/fr\/wp-json\/wp\/v2\/media\/45330"}],"wp:attachment":[{"href":"https:\/\/communityfoundations.ca\/fr\/wp-json\/wp\/v2\/media?parent=45331"}],"curies":[{"name":"wp","href":"https:\/\/api.w.org\/{rel}","templated":true}]}}