{"id":45486,"date":"2025-09-16T10:36:11","date_gmt":"2025-09-16T14:36:11","guid":{"rendered":"https:\/\/communityfoundations.ca\/?p=45486"},"modified":"2025-09-16T10:43:38","modified_gmt":"2025-09-16T14:43:38","slug":"comment-avens-un-centre-de-soins-pour-personnes-agees-actif-depuis-40-ans-a-tire-parti-des-nouvelles-technologies-pour-rebondir-apres-la-pandemie","status":"publish","type":"post","link":"https:\/\/communityfoundations.ca\/fr\/comment-avens-un-centre-de-soins-pour-personnes-agees-actif-depuis-40-ans-a-tire-parti-des-nouvelles-technologies-pour-rebondir-apres-la-pandemie\/","title":{"rendered":"Comment AVENS, un centre de soins pour personnes \u00e2g\u00e9es actif depuis 40 ans, a tir\u00e9 parti des nouvelles technologies pour rebondir apr\u00e8s la pand\u00e9mie"},"content":{"rendered":"\n<p><em>Le<\/em><a href=\"https:\/\/fr.communityservicesrecoveryfund.ca\/\" target=\"_blank\" rel=\"noreferrer noopener\"><em> Fonds de relance des services communautaires<\/em><\/a><em> est un investissement de 400 millions de dollars du gouvernement du Canada destin\u00e9 \u00e0 aider les organismes de bienfaisance et sans but lucratif \u00e0 adapter leur fonctionnement dans le contexte de la relance apr\u00e8s la pand\u00e9mie de COVID-19.<\/em><\/p>\n\n\n\n<p>Fond\u00e9 il y a pr\u00e8s de 40 ans, <em>AVENS \u2013 A Community for Seniors<\/em> est un centre de soins pour personnes \u00e2g\u00e9es situ\u00e9 \u00e0 Yellowknife. \u00c0 l\u2019origine, son objectif \u00e9tait principalement de r\u00e9pondre aux besoins des mineurs et des prospecteurs de la r\u00e9gion qui approchaient l\u2019\u00e2ge de la retraite. Aujourd\u2019hui, AVENS offre des services de soins de longue dur\u00e9e, des logements pour personnes atteintes de d\u00e9mence ainsi que des solutions d\u2019habitation autonome pour la communaut\u00e9 locale.<\/p>\n\n\n\n<p>Au Canada, la pand\u00e9mie de COVID-19 a pos\u00e9 un d\u00e9fi de taille aux \u00e9tablissements de soins de longue dur\u00e9e, et Yellowknife n\u2019a pas \u00e9t\u00e9 \u00e9pargn\u00e9e. En octobre 2021, les Territoires du Nord-Ouest affichaient<a href=\"https:\/\/www.wsws.org\/en\/articles\/2021\/10\/15\/nwtc-o15.html\" target=\"_blank\" rel=\"noreferrer noopener\"> le taux de cas actifs de COVID-19 le plus \u00e9lev\u00e9 du pays<\/a>, malgr\u00e9 une population relativement r\u00e9duite de 45 500 habitants, dont la moiti\u00e9 vit \u00e0 Yellowknife.\u00a0<\/p>\n\n\n\n<p>Pourtant, avant 2021, les Territoires du Nord-Ouest avaient r\u00e9ussi \u00e0 contenir la propagation du virus. Daryl Dolynny, directeur g\u00e9n\u00e9ral d\u2019AVENS, souligne que le gouvernement territorial avait \u00e9t\u00e9 \u00ab tr\u00e8s prudent \u00bb en imposant rapidement des contr\u00f4les frontaliers au d\u00e9but de la pand\u00e9mie, un facteur, selon lui, \u00ab essentiel \u00e0 la r\u00e9ussite que nous connaissons aujourd\u2019hui \u00bb. En effet, gr\u00e2ce \u00e0 ces mesures, le personnel d\u2019AVENS avait r\u00e9ussi \u00e0 contenir la propagation du virus pendant deux ans et demi.<\/p>\n\n\n\n<blockquote class=\"wp-block-quote is-layout-flow wp-block-quote-is-layout-flow\">\n<p>\u00ab Le secteur des soins de longue dur\u00e9e a beaucoup appris de la pand\u00e9mie de COVID-19 \u00bb, explique Daryl. \u00ab Il a beaucoup \u00e9t\u00e9 question de la vuln\u00e9rabilit\u00e9 du secteur et du fait que nombre d\u2019entre nous n\u2019\u00e9taient pas pr\u00e9par\u00e9s \u00e0 une pand\u00e9mie aussi longue et \u00e9prouvante. \u00bb&nbsp;<\/p>\n<\/blockquote>\n\n\n\n<figure class=\"wp-block-image size-large\"><img loading=\"lazy\" decoding=\"async\" width=\"1024\" height=\"538\" src=\"https:\/\/communityfoundations.ca\/wp-content\/uploads\/2025\/09\/2025-CSRF-Blog-posts-1024x538.png\" alt=\"\" class=\"wp-image-45480\" srcset=\"https:\/\/communityfoundations.ca\/wp-content\/uploads\/2025\/09\/2025-CSRF-Blog-posts-1024x538.png 1024w, https:\/\/communityfoundations.ca\/wp-content\/uploads\/2025\/09\/2025-CSRF-Blog-posts-300x158.png 300w, https:\/\/communityfoundations.ca\/wp-content\/uploads\/2025\/09\/2025-CSRF-Blog-posts-768x403.png 768w, https:\/\/communityfoundations.ca\/wp-content\/uploads\/2025\/09\/2025-CSRF-Blog-posts.png 1200w\" sizes=\"auto, (max-width: 1024px) 100vw, 1024px\" \/><\/figure>\n\n\n\n<div style=\"height:30px\" aria-hidden=\"true\" class=\"wp-block-spacer\"><\/div>\n\n\n\n<h2 class=\"wp-block-heading\"><strong><strong>Les apprentissages de la pand\u00e9mie de COVID-19&nbsp;<\/strong><\/strong><\/h2>\n\n\n\n<p>Cette exp\u00e9rience a pouss\u00e9 AVENS \u00e0 repenser son approche des soins fournis aux r\u00e9sidents, explique Daryl. Un des principaux apprentissages a \u00e9t\u00e9 la prise de conscience des effets n\u00e9fastes de l\u2019isolement sur la sant\u00e9 mentale des personnes \u00e2g\u00e9es, entra\u00eenant d\u00e9pression et d\u00e9clin cognitif. Pour y rem\u00e9dier, AVENS a ouvert une serre commerciale sur sa propri\u00e9t\u00e9, o\u00f9 r\u00e9sidents et personnel peuvent jardiner ensemble et cultiver des aliments frais. \u00ab Rien de tel que de se retrousser les manches \u00bb, affirme Daryl.<\/p>\n\n\n\n<p>Avant la pand\u00e9mie, lui et son \u00e9quipe avaient d\u00e9j\u00e0 lanc\u00e9 un projet ambitieux : la construction de 102 logements abordables pour personnes \u00e2g\u00e9es, en partenariat avec la Soci\u00e9t\u00e9 canadienne d\u2019hypoth\u00e8ques et de logement. Pour Daryl, l\u2019ajout de nouveaux services au centre repose sur un principe simple : il faut choisir. \u00ab Comment offrir plus d\u2019options aux personnes \u00e2g\u00e9es, et comment renforcer leur autonomie? \u00bb<\/p>\n\n\n\n<p>Pour lui, l\u2019alimentation est une priorit\u00e9. C\u2019est pour cette raison qu\u2019une composante essentielle de ce nouveau projet de logements est un programme de repas, baptis\u00e9 \u00ab AVENS Eat \u00bb, qui permettra aux r\u00e9sidents de choisir parmi une vari\u00e9t\u00e9 de plats pr\u00e9par\u00e9s.<\/p>\n\n\n\n<h2 class=\"wp-block-heading\"><strong><strong>Obtenir une subvention du Fonds de relance des services communautaires<\/strong><\/strong><\/h2>\n\n\n\n<p>C\u2019est l\u00e0 que Daryl Dolynny et son \u00e9quipe ont d\u00e9couvert le Fonds de relance des services communautaires (FRSC), un investissement de 400 millions de dollars du gouvernement du Canada visant \u00e0 soutenir les organismes communautaires dans leur relance apr\u00e8s la pand\u00e9mie de COVID-19.<\/p>\n\n\n\n<p>En partenariat avec le programme MealSuite de Sysco, le centre AVENS a tir\u00e9 parti du financement du FRSC pour propulser son programme de livraison de repas, explique Daryl, et aller \u00ab bien au-del\u00e0 de tout ce que nous pensions possible pour un \u00e9tablissement que certains qualifieraient de perdu au milieu de nulle part \u00bb. Il ajoute que la technologie de livraison de repas \u00ab permet vraiment d\u2019allier sophistication et respect des traditions et cultures avec lesquelles nous travaillons au quotidien \u00bb, qualifiant Yellowknife de \u00ab creuset culturel \u00bb :<a href=\"https:\/\/www12.statcan.gc.ca\/census-recensement\/2021\/as-sa\/fogs-spg\/page.cfm?Lang=F&amp;topic=8&amp;dguid=2021S0504995\" target=\"_blank\" rel=\"noreferrer noopener\"> 24 % de ses r\u00e9sidents sont autochtones<\/a>, et<a href=\"https:\/\/www12.statcan.gc.ca\/census-recensement\/2021\/as-sa\/fogs-spg\/page.cfm?Lang=F&amp;topic=10&amp;dguid=2021S0504995\" target=\"_blank\" rel=\"noreferrer noopener\"> la plus grande communaut\u00e9 racis\u00e9e est d\u2019origine philippine<\/a>, repr\u00e9sentant 6,9 % de la population.<\/p>\n\n\n\n<figure class=\"wp-block-image size-large\"><img loading=\"lazy\" decoding=\"async\" width=\"1024\" height=\"538\" src=\"https:\/\/communityfoundations.ca\/wp-content\/uploads\/2025\/09\/1-1024x538.png\" alt=\"\" class=\"wp-image-45482\" srcset=\"https:\/\/communityfoundations.ca\/wp-content\/uploads\/2025\/09\/1-1024x538.png 1024w, https:\/\/communityfoundations.ca\/wp-content\/uploads\/2025\/09\/1-300x158.png 300w, https:\/\/communityfoundations.ca\/wp-content\/uploads\/2025\/09\/1-768x403.png 768w, https:\/\/communityfoundations.ca\/wp-content\/uploads\/2025\/09\/1.png 1200w\" sizes=\"auto, (max-width: 1024px) 100vw, 1024px\" \/><\/figure>\n\n\n\n<div style=\"height:30px\" aria-hidden=\"true\" class=\"wp-block-spacer\"><\/div>\n\n\n\n<p>Le choix des repas n\u2019est qu\u2019un d\u00e9but. Dans le cadre de son initiative \u00ab vieillir chez soi \u00bb destin\u00e9e aux personnes \u00e2g\u00e9es log\u00e9es de fa\u00e7on autonome, AVENS pr\u00e9voit \u00e9largir son offre avec des services comme la buanderie et l\u2019entretien m\u00e9nager.<\/p>\n\n\n\n<p>Malgr\u00e9 ces avanc\u00e9es, AVENS a d\u00fb faire face \u00e0 plusieurs d\u00e9fis pendant la pand\u00e9mie, notamment le ralentissement de la construction des 102 logements en raison des probl\u00e8mes dans la cha\u00eene d\u2019approvisionnement. \u00ab Nous avons fait face \u00e0 toute une s\u00e9rie de probl\u00e8mes, mais nous avons tenu bon, et nous nous en sommes sortis \u00bb, affirme Daryl.<\/p>\n\n\n\n<p>En 2023, un autre d\u00e9fi s\u2019est pr\u00e9sent\u00e9 : un incendie de for\u00eat a forc\u00e9 l\u2019\u00e9vacuation de 57 r\u00e9sidents vers Edmonton. \u00ab Sans la pand\u00e9mie, l\u2019\u00e9vacuation aurait \u00e9t\u00e9 bien plus difficile \u00bb, dit-il. \u00ab Je suis convaincu que notre organisme est plus fort aujourd\u2019hui qu\u2019il ne l\u2019\u00e9tait en 2019 et 2020. \u00bb<\/p>\n\n\n\n<p>Daryl se dit reconnaissant envers le FRSC, qui a permis \u00e0 son \u00e9quipe de mettre en \u0153uvre des changements qui auraient normalement pris des ann\u00e9es, ainsi qu\u2019envers des entreprises comme Sysco qui ont accept\u00e9 de faire office de projet pilote pour soutenir un organisme relativement isol\u00e9.<\/p>\n\n\n\n<blockquote class=\"wp-block-quote is-layout-flow wp-block-quote-is-layout-flow\">\n<p>\u00ab On montre au monde que c\u2019est possible, peu importe l\u2019endroit, tant qu\u2019on a le soutien financier et des gens qui croient en nous \u00bb, conclut-il. \u00ab Peut-\u00eatre qu\u2019un jour, si je suis encore \u00e0 la t\u00eate d\u2019AVENS, vous verrez des camionnettes sillonner le Nord pour livrer des repas aux personnes \u00e2g\u00e9es. Qui sait? \u00c7a serait un bel accomplissement. \u00bb<\/p>\n<\/blockquote>\n","protected":false},"excerpt":{"rendered":"<p>Le Fonds de relance des services communautaires est un investissement de 400 millions de dollars du gouvernement du Canada destin\u00e9 \u00e0 aider les organismes de bienfaisance et sans but lucratif \u00e0 adapter leur fonctionnement dans le contexte de la relance apr\u00e8s la pand\u00e9mie de COVID-19. Fond\u00e9 il y a pr\u00e8s de 40 ans, AVENS \u2013 [&hellip;]<\/p>\n","protected":false},"author":22,"featured_media":45542,"comment_status":"closed","ping_status":"closed","sticky":false,"template":"","format":"standard","meta":{"footnotes":""},"class_list":["post-45486","post","type-post","status-publish","format-standard","has-post-thumbnail","hentry","journal_type-journal-fr-2","resource_initiative-le-fonds-de-relance-des-services-communautaires","topic-covid-19-fr"],"acf":[],"_links":{"self":[{"href":"https:\/\/communityfoundations.ca\/fr\/wp-json\/wp\/v2\/posts\/45486","targetHints":{"allow":["GET"]}}],"collection":[{"href":"https:\/\/communityfoundations.ca\/fr\/wp-json\/wp\/v2\/posts"}],"about":[{"href":"https:\/\/communityfoundations.ca\/fr\/wp-json\/wp\/v2\/types\/post"}],"author":[{"embeddable":true,"href":"https:\/\/communityfoundations.ca\/fr\/wp-json\/wp\/v2\/users\/22"}],"replies":[{"embeddable":true,"href":"https:\/\/communityfoundations.ca\/fr\/wp-json\/wp\/v2\/comments?post=45486"}],"version-history":[{"count":4,"href":"https:\/\/communityfoundations.ca\/fr\/wp-json\/wp\/v2\/posts\/45486\/revisions"}],"predecessor-version":[{"id":45529,"href":"https:\/\/communityfoundations.ca\/fr\/wp-json\/wp\/v2\/posts\/45486\/revisions\/45529"}],"wp:featuredmedia":[{"embeddable":true,"href":"https:\/\/communityfoundations.ca\/fr\/wp-json\/wp\/v2\/media\/45542"}],"wp:attachment":[{"href":"https:\/\/communityfoundations.ca\/fr\/wp-json\/wp\/v2\/media?parent=45486"}],"curies":[{"name":"wp","href":"https:\/\/api.w.org\/{rel}","templated":true}]}}