{"id":45525,"date":"2025-09-16T10:39:49","date_gmt":"2025-09-16T14:39:49","guid":{"rendered":"https:\/\/communityfoundations.ca\/?p=45525"},"modified":"2025-09-16T10:39:50","modified_gmt":"2025-09-16T14:39:50","slug":"lutte-contre-laugmentation-de-la-violence-conjugale-la-fondation-broom-tree-en-alberta-tire-parti-du-financement-du-frsc-pour-soutenir-les-femmes-defavorisees","status":"publish","type":"post","link":"https:\/\/communityfoundations.ca\/fr\/lutte-contre-laugmentation-de-la-violence-conjugale-la-fondation-broom-tree-en-alberta-tire-parti-du-financement-du-frsc-pour-soutenir-les-femmes-defavorisees\/","title":{"rendered":"Lutte contre l\u2019augmentation de la violence conjugale : la fondation Broom Tree en Alberta tire parti du financement du FRSC pour soutenir les femmes d\u00e9favoris\u00e9es"},"content":{"rendered":"\n<p><em>Le<\/em><a href=\"https:\/\/fr.communityservicesrecoveryfund.ca\/\" target=\"_blank\" rel=\"noreferrer noopener\"><em> Fonds de relance des services communautaires<\/em><\/a><em> est un investissement de 400 millions de dollars du gouvernement du Canada destin\u00e9 \u00e0 aider les organismes de bienfaisance et sans but lucratif \u00e0 adapter leur fonctionnement dans le contexte de la relance apr\u00e8s la pand\u00e9mie de COVID-19.<\/em><\/p>\n\n\n\n<p>Fond\u00e9e en 2020 en Alberta, la fondation Broom Tree est un organisme communautaire qui offre un refuge aux femmes (et \u00e0 leurs enfants) qui fuient la violence conjugale. On leur y propose, entre autres, de l\u2019aide \u00e0 l\u2019emploi et du soutien.<\/p>\n\n\n\n<p>L\u2019id\u00e9e de la fondation Broom Tree est n\u00e9e il y a une vingtaine d\u2019ann\u00e9es dans l\u2019esprit de Donna Abma, la fondatrice. En lisant la Bible pour la premi\u00e8re fois, elle a d\u00e9couvert l\u2019histoire du proph\u00e8te \u00c9lie. Ce dernier, r\u00e9fugi\u00e9 sous un buisson de gen\u00eat apr\u00e8s s\u2019\u00eatre enfui pour sauver sa vie, rencontre un ange qui l\u2019aide \u00e0 \u00ab faire face \u00e0 ce qu\u2019il doit affronter \u00bb, explique Donna.<\/p>\n\n\n\n<blockquote class=\"wp-block-quote is-layout-flow wp-block-quote-is-layout-flow\">\n<p>\u00c0 cette \u00e9poque, Donna traversait elle-m\u00eame une p\u00e9riode difficile. \u00ab On a toutes besoin d\u2019un endroit comme \u00e7a \u00bb, dit-elle. \u00ab Un endroit o\u00f9 on peut juste souffler quand on n\u2019en peut plus. C\u2019est normal d\u2019\u00eatre parfois au bout du rouleau. On veut juste pouvoir souffler. \u00bb<\/p>\n<\/blockquote>\n\n\n\n<p>La fondation a vu le jour gr\u00e2ce \u00e0 un groupe de femmes anim\u00e9es par le d\u00e9sir de r\u00e9pondre au manque de logements pour les femmes dans le besoin. \u00ab On avait cette volont\u00e9 profonde de soutenir des femmes vivant des grossesses difficiles et des traumatismes \u00bb, explique Donna.<\/p>\n\n\n\n<p>Elle confie qu\u2019\u00e0 un moment charni\u00e8re de sa vie, elle n\u2019avait ni le soutien de sa famille ni celui de ses amis. \u00ab J\u2019ai connu cette solitude extr\u00eame, ce d\u00e9sespoir. Je savais qu\u2019on devait cr\u00e9er un lieu qui briserait cet isolement. \u00bb<\/p>\n\n\n\n<figure class=\"wp-block-image size-large\"><img loading=\"lazy\" decoding=\"async\" width=\"1024\" height=\"538\" src=\"https:\/\/communityfoundations.ca\/wp-content\/uploads\/2025\/09\/2025-CSRF-Blog-posts-7-1024x538.png\" alt=\"\" class=\"wp-image-45520\" srcset=\"https:\/\/communityfoundations.ca\/wp-content\/uploads\/2025\/09\/2025-CSRF-Blog-posts-7-1024x538.png 1024w, https:\/\/communityfoundations.ca\/wp-content\/uploads\/2025\/09\/2025-CSRF-Blog-posts-7-300x158.png 300w, https:\/\/communityfoundations.ca\/wp-content\/uploads\/2025\/09\/2025-CSRF-Blog-posts-7-768x403.png 768w, https:\/\/communityfoundations.ca\/wp-content\/uploads\/2025\/09\/2025-CSRF-Blog-posts-7.png 1200w\" sizes=\"auto, (max-width: 1024px) 100vw, 1024px\" \/><\/figure>\n\n\n\n<div style=\"height:30px\" aria-hidden=\"true\" class=\"wp-block-spacer\"><\/div>\n\n\n\n<h2 class=\"wp-block-heading\"><strong><strong>Augmentation de la violence conjugale en Alberta pendant la pand\u00e9mie de COVID-19<\/strong><\/strong><\/h2>\n\n\n\n<p>La fondation Broom Tree a vu le jour en janvier 2020, \u00e0 peine trois mois avant le d\u00e9but de la pand\u00e9mie. Le confinement a entra\u00een\u00e9 une recrudescence de la violence conjugale \u00e0 travers le pays, et de nombreux refuges ont signal\u00e9<a href=\"https:\/\/www150.statcan.gc.ca\/n1\/daily-quotidien\/220412\/dq220412b-eng.hthttps:\/www150.statcan.gc.ca\/n1\/daily-quotidien\/220412\/dq220412b-eng.html\" target=\"_blank\" rel=\"noreferrer noopener\"> une augmentation notable des appels de d\u00e9tresse pendant la premi\u00e8re ann\u00e9e de la pand\u00e9mie<\/a>. Une \u00e9tude men\u00e9e en 2023 a r\u00e9v\u00e9l\u00e9 que la violence conjugale et les abus avaient augment\u00e9 tant en fr\u00e9quence qu\u2019en gravit\u00e9 au cours de l\u2019ann\u00e9e pr\u00e9c\u00e9dente. Parmi les survivantes interrog\u00e9es dans les refuges de l\u2019Alberta,<a href=\"https:\/\/acws.ca\/wp-content\/uploads\/2023\/11\/ACWS-DataRelease2023_FINAL.pdf\" target=\"_blank\" rel=\"noreferrer noopener\"> 57 % ont indiqu\u00e9 que la violence physique s\u2019\u00e9tait intensifi\u00e9e<\/a>.<\/p>\n\n\n\n<p>Face \u00e0 cette situation, la fondation Broom Tree a structur\u00e9 son action autour de trois programmes phares. Le premier, le programme <em>Bridges<\/em>, vise \u00e0 aider les b\u00e9n\u00e9ficiaires \u00e0 trouver des ressources, qu\u2019il s\u2019agisse de produits alimentaires, de couches ou de possibilit\u00e9s de mentorat au sein m\u00eame de la fondation. Le second programme est un caf\u00e9 \u00e0 vocation sociale, situ\u00e9 en plein centre de Lacombe, qui emploie des femmes et leur permet de d\u00e9velopper des comp\u00e9tences professionnelles. Enfin, le troisi\u00e8me programme offre un logement transitoire aux femmes (et \u00e0 leurs enfants) en situation d\u2019itin\u00e9rance.<\/p>\n\n\n\n<p>D\u2019abord enti\u00e8rement g\u00e9r\u00e9e par des b\u00e9n\u00e9voles, la fondation soutient aujourd\u2019hui plus de 400 femmes, sans compter leurs enfants. Si l\u2019\u00e9quipe est fi\u00e8re de pouvoir r\u00e9pondre \u00e0 autant de besoins, elle a rapidement \u00e9t\u00e9 d\u00e9pass\u00e9e par l\u2019ampleur de la t\u00e2che.<\/p>\n\n\n\n<blockquote class=\"wp-block-quote is-layout-flow wp-block-quote-is-layout-flow\">\n<p>\u00ab La vraie difficult\u00e9 \u00e9tait de devoir tout faire nous-m\u00eames \u00bb, explique Tamara Noordhof, cofondatrice et directrice des programmes. \u00ab Je n\u2019irais pas jusqu\u2019\u00e0 dire que nous \u00e9tions en \u00e9puisement professionnel. Apr\u00e8s tout, nous sommes passionn\u00e9es par notre travail, mais c\u2019\u00e9tait tr\u00e8s \u00e9prouvant. \u00bb<\/p>\n<\/blockquote>\n\n\n\n<h2 class=\"wp-block-heading\"><strong><strong>La fondation Broom Tree re\u00e7oit un financement du FRSC pour soutenir l\u2019expansion de ses activit\u00e9s<\/strong><\/strong><\/h2>\n\n\n\n<p>C\u2019est l\u00e0 que Donna, Tamara et l\u2019\u00e9quipe ont d\u00e9couvert le Fonds de relance des services communautaires (FRSC), un investissement de 400 millions de dollars du gouvernement du Canada destin\u00e9 \u00e0 soutenir les organismes de bienfaisance et sans but lucratif dans leur relance apr\u00e8s la pand\u00e9mie.<\/p>\n\n\n\n<p>Gr\u00e2ce \u00e0 cette aide financi\u00e8re, l\u2019\u00e9quipe a pu engager une agence pour \u00e9laborer un plan strat\u00e9gique de trois \u00e0 cinq ans pour d\u00e9velopper leurs programmes phares, comme la transformation de leur caf\u00e9 \u00e0 vocation sociale en un \u00e9tablissement z\u00e9ro d\u00e9chet.<\/p>\n\n\n\n<blockquote class=\"wp-block-quote is-layout-flow wp-block-quote-is-layout-flow\">\n<p>\u00ab Ce financement nous a redonn\u00e9 de l\u2019\u00e9nergie et nous a permis de d\u00e9finir plus clairement notre vision pour l\u2019avenir \u00bb, explique Tamara.<\/p>\n<\/blockquote>\n\n\n\n<figure class=\"wp-block-image size-large\"><img loading=\"lazy\" decoding=\"async\" width=\"1024\" height=\"538\" src=\"https:\/\/communityfoundations.ca\/wp-content\/uploads\/2025\/09\/2025-CSRF-Blog-posts-9-1024x538.png\" alt=\"\" class=\"wp-image-45522\" srcset=\"https:\/\/communityfoundations.ca\/wp-content\/uploads\/2025\/09\/2025-CSRF-Blog-posts-9-1024x538.png 1024w, https:\/\/communityfoundations.ca\/wp-content\/uploads\/2025\/09\/2025-CSRF-Blog-posts-9-300x158.png 300w, https:\/\/communityfoundations.ca\/wp-content\/uploads\/2025\/09\/2025-CSRF-Blog-posts-9-768x403.png 768w, https:\/\/communityfoundations.ca\/wp-content\/uploads\/2025\/09\/2025-CSRF-Blog-posts-9.png 1200w\" sizes=\"auto, (max-width: 1024px) 100vw, 1024px\" \/><\/figure>\n\n\n\n<div style=\"height:30px\" aria-hidden=\"true\" class=\"wp-block-spacer\"><\/div>\n\n\n\n<h2 class=\"wp-block-heading\"><strong><strong>Un regard tourn\u00e9 vers l\u2019avenir<\/strong><\/strong><\/h2>\n\n\n\n<p>Pour Tamara, la prochaine \u00e9tape consiste \u00e0 recruter une coordinatrice pour le programme de logement transitoire, afin de poursuivre l\u2019expansion de la fondation. L\u2019organisme se pr\u00e9pare aussi \u00e0 mettre en place des initiatives pour r\u00e9pondre \u00e0 la question de la s\u00e9curit\u00e9 alimentaire dans la communaut\u00e9.<\/p>\n\n\n\n<blockquote class=\"wp-block-quote is-layout-flow wp-block-quote-is-layout-flow\">\n<p>\u00ab Les jeunes mamans et leurs enfants viennent vers nous, simplement pour obtenir de l\u2019aide pour se nourrir \u00bb, souligne Tamara. \u00ab C\u2019est une demande facile \u00e0 satisfaire, car nous b\u00e9n\u00e9ficions de partenariats incroyables, de donateurs g\u00e9n\u00e9reux, et m\u00eame de dons alimentaires pour notre caf\u00e9. \u00bb<\/p>\n<\/blockquote>\n\n\n\n<p>Selon elle, l\u2019augmentation de la capacit\u00e9 de Broom Tree \u00e0 r\u00e9pondre aux probl\u00e8mes de s\u00e9curit\u00e9 alimentaire est directement li\u00e9e \u00e0 l\u2019obtention des fonds du FRSC.<\/p>\n\n\n\n<blockquote class=\"wp-block-quote is-layout-flow wp-block-quote-is-layout-flow\">\n<p>\u00ab C\u2019est incroyable \u00bb, affirme Tamara. \u00ab Nous aidons \u00e9norm\u00e9ment de personnes en situation d\u2019itin\u00e9rance, et beaucoup d\u2019autres qui ont simplement faim. \u00bb<\/p>\n<\/blockquote>\n","protected":false},"excerpt":{"rendered":"<p>Le Fonds de relance des services communautaires est un investissement de 400 millions de dollars du gouvernement du Canada destin\u00e9 \u00e0 aider les organismes de bienfaisance et sans but lucratif \u00e0 adapter leur fonctionnement dans le contexte de la relance apr\u00e8s la pand\u00e9mie de COVID-19. Fond\u00e9e en 2020 en Alberta, la fondation Broom Tree est [&hellip;]<\/p>\n","protected":false},"author":22,"featured_media":45536,"comment_status":"closed","ping_status":"closed","sticky":false,"template":"","format":"standard","meta":{"footnotes":""},"class_list":["post-45525","post","type-post","status-publish","format-standard","has-post-thumbnail","hentry","journal_type-journal-fr-2","resource_initiative-le-fonds-de-relance-des-services-communautaires","topic-covid-19-fr"],"acf":[],"_links":{"self":[{"href":"https:\/\/communityfoundations.ca\/fr\/wp-json\/wp\/v2\/posts\/45525","targetHints":{"allow":["GET"]}}],"collection":[{"href":"https:\/\/communityfoundations.ca\/fr\/wp-json\/wp\/v2\/posts"}],"about":[{"href":"https:\/\/communityfoundations.ca\/fr\/wp-json\/wp\/v2\/types\/post"}],"author":[{"embeddable":true,"href":"https:\/\/communityfoundations.ca\/fr\/wp-json\/wp\/v2\/users\/22"}],"replies":[{"embeddable":true,"href":"https:\/\/communityfoundations.ca\/fr\/wp-json\/wp\/v2\/comments?post=45525"}],"version-history":[{"count":1,"href":"https:\/\/communityfoundations.ca\/fr\/wp-json\/wp\/v2\/posts\/45525\/revisions"}],"predecessor-version":[{"id":45533,"href":"https:\/\/communityfoundations.ca\/fr\/wp-json\/wp\/v2\/posts\/45525\/revisions\/45533"}],"wp:featuredmedia":[{"embeddable":true,"href":"https:\/\/communityfoundations.ca\/fr\/wp-json\/wp\/v2\/media\/45536"}],"wp:attachment":[{"href":"https:\/\/communityfoundations.ca\/fr\/wp-json\/wp\/v2\/media?parent=45525"}],"curies":[{"name":"wp","href":"https:\/\/api.w.org\/{rel}","templated":true}]}}